{"id":3222,"date":"2022-10-25T16:09:56","date_gmt":"2022-10-25T19:09:56","guid":{"rendered":"http:\/\/blogdoarmindomaia.com.br\/?p=3222"},"modified":"2022-10-25T16:09:58","modified_gmt":"2022-10-25T19:09:58","slug":"projeto-da-praca-da-banheira-e-apresentado-aos-moradores","status":"publish","type":"post","link":"http:\/\/blogdoarmindomaia.com.br\/?p=3222","title":{"rendered":"Projeto da Pra\u00e7a da Banheira \u00e9 apresentado aos moradores"},"content":{"rendered":"\n<figure class=\"wp-block-image size-full\"><img loading=\"lazy\" decoding=\"async\" width=\"1024\" height=\"683\" src=\"http:\/\/blogdoarmindomaia.com.br\/wp-content\/uploads\/2022\/10\/rua-da-banheira-1.jpeg\" alt=\"\" class=\"wp-image-3223\" srcset=\"http:\/\/blogdoarmindomaia.com.br\/wp-content\/uploads\/2022\/10\/rua-da-banheira-1.jpeg 1024w, http:\/\/blogdoarmindomaia.com.br\/wp-content\/uploads\/2022\/10\/rua-da-banheira-1-300x200.jpeg 300w, http:\/\/blogdoarmindomaia.com.br\/wp-content\/uploads\/2022\/10\/rua-da-banheira-1-768x512.jpeg 768w\" sizes=\"auto, (max-width: 1024px) 100vw, 1024px\" \/><\/figure>\n\n\n\n<figure class=\"wp-block-image size-full\"><img loading=\"lazy\" decoding=\"async\" width=\"1024\" height=\"683\" src=\"http:\/\/blogdoarmindomaia.com.br\/wp-content\/uploads\/2022\/10\/Projeto-da-Praca-da-Banheira-e-apresentado-aos-moradores-pag-04.jpeg\" alt=\"\" class=\"wp-image-3224\" srcset=\"http:\/\/blogdoarmindomaia.com.br\/wp-content\/uploads\/2022\/10\/Projeto-da-Praca-da-Banheira-e-apresentado-aos-moradores-pag-04.jpeg 1024w, http:\/\/blogdoarmindomaia.com.br\/wp-content\/uploads\/2022\/10\/Projeto-da-Praca-da-Banheira-e-apresentado-aos-moradores-pag-04-300x200.jpeg 300w, http:\/\/blogdoarmindomaia.com.br\/wp-content\/uploads\/2022\/10\/Projeto-da-Praca-da-Banheira-e-apresentado-aos-moradores-pag-04-768x512.jpeg 768w\" sizes=\"auto, (max-width: 1024px) 100vw, 1024px\" \/><\/figure>\n\n\n\n<p>A Prefeitura de Arax\u00e1 iniciou a constru\u00e7\u00e3o da Pra\u00e7a da Banheira, no bairro Santa Rita, onde ser\u00e3o implantadas duas quadras de areia e espa\u00e7o de lazer e conviv\u00eancia para a popula\u00e7\u00e3o. A obra vai preservar o pr\u00e9dio da antiga Banheira P\u00fablica, que \u00e9 patrim\u00f4nio tombado.<br><br>O novo espa\u00e7o foi anunciado pelo prefeito Robson Magela durante reuni\u00e3o com moradores da regi\u00e3o da Banheira (bairros Morada do Sol, Vila Rica e S\u00e3o Pedro) nesta segunda-feira (24), intermediada pelo vereador Pastor Moacir.<br><br>Tamb\u00e9m participaram os secret\u00e1rios Jos\u00e9 Antunes Soares J\u00fanior (Ded\u00e9 \/. Esportes), \u00c2ngelo Fran\u00e7a (Obras P\u00fablicas e Mobilidade Urbana) e Rick Paranhos (Governo) e o superintendente do Instituto de Planejamento e Desenvolvimento Sustent\u00e1vel de Arax\u00e1 (IPDSA), Vin\u00edcius Martins.<br><br>Durante a apresenta\u00e7\u00e3o do projeto em 3D, o prefeito Robson Magela tamb\u00e9m destacou os espa\u00e7os modernos para lazer, deck com lanchonete, mirante e a cascata que ser\u00e1 constru\u00edda para preserva\u00e7\u00e3o da nascente que existe no local. &#8220;O espa\u00e7o ser\u00e1 totalmente transformado. Nossa inten\u00e7\u00e3o \u00e9 n\u00e3o s\u00f3 promover as pr\u00e1ticas esportivas, como tamb\u00e9m oferecer \u00e0 popula\u00e7\u00e3o e visitantes mais um local para recrea\u00e7\u00e3o e lazer que atenda a todas as idades&#8221;, refor\u00e7a.<br><br>A obra conta com investimento de R$ 598.500 e deve ser executada em um prazo de 5 a 8 meses, o que vai depender das condi\u00e7\u00f5es clim\u00e1ticas. Ap\u00f3s finalizado, o local ficar\u00e1 sob a responsabilidade da Secretaria Municipal de Esportes.<br><br>De acordo com Ded\u00e9, a ideia \u00e9 que a Guarda Patrimonial fique permanentemente no local para garantir a seguran\u00e7a e preserva\u00e7\u00e3o do espa\u00e7o, que por anos ficou abandonado e era frequentado por andarilhos e usu\u00e1rios de drogas.<br><br>&#8220;Essa demanda foi levada ao prefeito que prontamente sinalizou positivo para a implementa\u00e7\u00e3o do projeto. E ver isso hoje se concretizando \u00e9 uma felicidade imensa, pois o espa\u00e7o vai gerar qualidade de vida, promover atividades f\u00edsicas e ainda ter\u00e1 mais seguran\u00e7a aos moradores&#8221;, destaca.<br><br>O vereador pastor Moacir diz que a revitaliza\u00e7\u00e3o da antiga Banheira P\u00fablica era uma demanda antiga e vinha sendo bastante cobrada pela popula\u00e7\u00e3o. &#8220;Uma das reclama\u00e7\u00f5es recorrentes era a sensa\u00e7\u00e3o de inseguran\u00e7a. Esse novo projeto vai trazer melhorias para toda a comunidade&#8221;, reitera.<br><br>Morador h\u00e1 quase 30 anos pr\u00f3ximo \u00e0 futura Pra\u00e7a da Banheira, M\u00e1rio Ant\u00f4nio Vila\u00e7a, que \u00e9 cadeirante, participou da reuni\u00e3o e elogiou o projeto. &#8220;\u00c9 uma \u00e1rea que nunca teve essa preocupa\u00e7\u00e3o que a atual gest\u00e3o vem demonstrando em cuidar e preservar. Pelo projeto, vai ficar muito bonita a pra\u00e7a e acess\u00edvel&#8221;, comemora.<br><\/p>\n","protected":false},"excerpt":{"rendered":"<p>A Prefeitura de Arax\u00e1 iniciou a constru\u00e7\u00e3o da Pra\u00e7a da Banheira, no bairro Santa Rita, onde ser\u00e3o implantadas duas quadras<\/p>\n","protected":false},"author":2,"featured_media":3223,"comment_status":"open","ping_status":"open","sticky":false,"template":"","format":"standard","meta":{"footnotes":""},"categories":[9,11],"tags":[],"class_list":["post-3222","post","type-post","status-publish","format-standard","has-post-thumbnail","hentry","category-araxa","category-destaques"],"_links":{"self":[{"href":"http:\/\/blogdoarmindomaia.com.br\/index.php?rest_route=\/wp\/v2\/posts\/3222","targetHints":{"allow":["GET"]}}],"collection":[{"href":"http:\/\/blogdoarmindomaia.com.br\/index.php?rest_route=\/wp\/v2\/posts"}],"about":[{"href":"http:\/\/blogdoarmindomaia.com.br\/index.php?rest_route=\/wp\/v2\/types\/post"}],"author":[{"embeddable":true,"href":"http:\/\/blogdoarmindomaia.com.br\/index.php?rest_route=\/wp\/v2\/users\/2"}],"replies":[{"embeddable":true,"href":"http:\/\/blogdoarmindomaia.com.br\/index.php?rest_route=%2Fwp%2Fv2%2Fcomments&post=3222"}],"version-history":[{"count":1,"href":"http:\/\/blogdoarmindomaia.com.br\/index.php?rest_route=\/wp\/v2\/posts\/3222\/revisions"}],"predecessor-version":[{"id":3225,"href":"http:\/\/blogdoarmindomaia.com.br\/index.php?rest_route=\/wp\/v2\/posts\/3222\/revisions\/3225"}],"wp:featuredmedia":[{"embeddable":true,"href":"http:\/\/blogdoarmindomaia.com.br\/index.php?rest_route=\/wp\/v2\/media\/3223"}],"wp:attachment":[{"href":"http:\/\/blogdoarmindomaia.com.br\/index.php?rest_route=%2Fwp%2Fv2%2Fmedia&parent=3222"}],"wp:term":[{"taxonomy":"category","embeddable":true,"href":"http:\/\/blogdoarmindomaia.com.br\/index.php?rest_route=%2Fwp%2Fv2%2Fcategories&post=3222"},{"taxonomy":"post_tag","embeddable":true,"href":"http:\/\/blogdoarmindomaia.com.br\/index.php?rest_route=%2Fwp%2Fv2%2Ftags&post=3222"}],"curies":[{"name":"wp","href":"https:\/\/api.w.org\/{rel}","templated":true}]}}