{"id":3232,"date":"2022-10-27T14:06:54","date_gmt":"2022-10-27T17:06:54","guid":{"rendered":"http:\/\/blogdoarmindomaia.com.br\/?p=3232"},"modified":"2022-10-27T14:07:00","modified_gmt":"2022-10-27T17:07:00","slug":"araxa-amplia-faixa-etaria-para-vacinas-contra-a-meningite-e-hpv","status":"publish","type":"post","link":"http:\/\/blogdoarmindomaia.com.br\/?p=3232","title":{"rendered":"Arax\u00e1 amplia faixa et\u00e1ria para vacinas contra a meningite e HPV"},"content":{"rendered":"\n<figure class=\"wp-block-image size-full\"><img loading=\"lazy\" decoding=\"async\" width=\"1024\" height=\"683\" src=\"http:\/\/blogdoarmindomaia.com.br\/wp-content\/uploads\/2022\/10\/vacina-01.jpeg\" alt=\"\" class=\"wp-image-3233\" srcset=\"http:\/\/blogdoarmindomaia.com.br\/wp-content\/uploads\/2022\/10\/vacina-01.jpeg 1024w, http:\/\/blogdoarmindomaia.com.br\/wp-content\/uploads\/2022\/10\/vacina-01-300x200.jpeg 300w, http:\/\/blogdoarmindomaia.com.br\/wp-content\/uploads\/2022\/10\/vacina-01-768x512.jpeg 768w\" sizes=\"auto, (max-width: 1024px) 100vw, 1024px\" \/><\/figure>\n\n\n\n<p>Com o objetivo de garantir a assist\u00eancia preventiva e seguindo recomenda\u00e7\u00e3o do Minist\u00e9rio da Sa\u00fade, a Prefeitura de Arax\u00e1 est\u00e1 ampliando em todas as Salas de Vacina da Rede Municipal a faixa et\u00e1ria do p\u00fablico-alvo para a imuniza\u00e7\u00e3o meningoc\u00f3cica ACWY (meningite) e HPV (Papilomav\u00edrus Humano).<br><br>Com a nova recomenda\u00e7\u00e3o, adolescentes (meninos e meninas) de 11 a 14 anos devem ser imunizados com a vacina meningoc\u00f3cica ACWY (conjugada).<br><br>J\u00e1 a nova recomenda\u00e7\u00e3o para HPV amplia a vacina ao p\u00fablico de 9 a 14 anos de ambos os sexos (meninos e meninas).<br><br>A coordenadora de Imuniza\u00e7\u00e3o da Secretaria Municipal de Sa\u00fade, \u00c9rica Fonseca, diz que a equipe tamb\u00e9m ir\u00e1 promover campanhas em escolas da rede p\u00fablica, visando ampliar o acesso \u00e0 vacina.<br><br>&#8220;J\u00e1 fizemos uma reuni\u00e3o com pais da Escola Municipal Professora Auxiliadora Paiva e esta semana a equipe vai aplicar essas duas vacinas aos estudantes de l\u00e1. A vacina tamb\u00e9m pode ser encontrada na Unisa, Unisul, Uninorte, Uninordeste, Unileste, Unioeste, Unicentro e ESF Max Neumann&#8221;, explica.<br><br>Para receber os imunizantes, o p\u00fablico-alvo deve apresentar o Cart\u00e3o de Vacina e documento original com foto ou Certid\u00e3o de Nascimento, al\u00e9m de estar acompanhado pelos pais ou respons\u00e1veis.<\/p>\n","protected":false},"excerpt":{"rendered":"<p>Com o objetivo de garantir a assist\u00eancia preventiva e seguindo recomenda\u00e7\u00e3o do Minist\u00e9rio da Sa\u00fade, a Prefeitura de Arax\u00e1 est\u00e1<\/p>\n","protected":false},"author":2,"featured_media":3233,"comment_status":"open","ping_status":"open","sticky":false,"template":"","format":"standard","meta":{"footnotes":""},"categories":[9,29],"tags":[],"class_list":["post-3232","post","type-post","status-publish","format-standard","has-post-thumbnail","hentry","category-araxa","category-saude"],"_links":{"self":[{"href":"http:\/\/blogdoarmindomaia.com.br\/index.php?rest_route=\/wp\/v2\/posts\/3232","targetHints":{"allow":["GET"]}}],"collection":[{"href":"http:\/\/blogdoarmindomaia.com.br\/index.php?rest_route=\/wp\/v2\/posts"}],"about":[{"href":"http:\/\/blogdoarmindomaia.com.br\/index.php?rest_route=\/wp\/v2\/types\/post"}],"author":[{"embeddable":true,"href":"http:\/\/blogdoarmindomaia.com.br\/index.php?rest_route=\/wp\/v2\/users\/2"}],"replies":[{"embeddable":true,"href":"http:\/\/blogdoarmindomaia.com.br\/index.php?rest_route=%2Fwp%2Fv2%2Fcomments&post=3232"}],"version-history":[{"count":1,"href":"http:\/\/blogdoarmindomaia.com.br\/index.php?rest_route=\/wp\/v2\/posts\/3232\/revisions"}],"predecessor-version":[{"id":3234,"href":"http:\/\/blogdoarmindomaia.com.br\/index.php?rest_route=\/wp\/v2\/posts\/3232\/revisions\/3234"}],"wp:featuredmedia":[{"embeddable":true,"href":"http:\/\/blogdoarmindomaia.com.br\/index.php?rest_route=\/wp\/v2\/media\/3233"}],"wp:attachment":[{"href":"http:\/\/blogdoarmindomaia.com.br\/index.php?rest_route=%2Fwp%2Fv2%2Fmedia&parent=3232"}],"wp:term":[{"taxonomy":"category","embeddable":true,"href":"http:\/\/blogdoarmindomaia.com.br\/index.php?rest_route=%2Fwp%2Fv2%2Fcategories&post=3232"},{"taxonomy":"post_tag","embeddable":true,"href":"http:\/\/blogdoarmindomaia.com.br\/index.php?rest_route=%2Fwp%2Fv2%2Ftags&post=3232"}],"curies":[{"name":"wp","href":"https:\/\/api.w.org\/{rel}","templated":true}]}}