{"id":3237,"date":"2022-10-27T14:10:58","date_gmt":"2022-10-27T17:10:58","guid":{"rendered":"http:\/\/blogdoarmindomaia.com.br\/?p=3237"},"modified":"2022-10-27T14:11:00","modified_gmt":"2022-10-27T17:11:00","slug":"cbmm-em-parceria-com-o-sest-senat-anuncia-cursos-de-qualificacao-de-mao-de-obra","status":"publish","type":"post","link":"http:\/\/blogdoarmindomaia.com.br\/?p=3237","title":{"rendered":"CBMM, em parceria com o SEST\/SENAT, anuncia cursos de qualifica\u00e7\u00e3o de m\u00e3o de obra"},"content":{"rendered":"\n<figure class=\"wp-block-image size-large\"><img loading=\"lazy\" decoding=\"async\" width=\"1024\" height=\"984\" src=\"http:\/\/blogdoarmindomaia.com.br\/wp-content\/uploads\/2022\/10\/CBMM-em-parceria-com-o-SESTSENAT-anuncia-cursos-pag-03-1024x984.png\" alt=\"\" class=\"wp-image-3238\" srcset=\"http:\/\/blogdoarmindomaia.com.br\/wp-content\/uploads\/2022\/10\/CBMM-em-parceria-com-o-SESTSENAT-anuncia-cursos-pag-03-1024x984.png 1024w, http:\/\/blogdoarmindomaia.com.br\/wp-content\/uploads\/2022\/10\/CBMM-em-parceria-com-o-SESTSENAT-anuncia-cursos-pag-03-300x288.png 300w, http:\/\/blogdoarmindomaia.com.br\/wp-content\/uploads\/2022\/10\/CBMM-em-parceria-com-o-SESTSENAT-anuncia-cursos-pag-03-768x738.png 768w, http:\/\/blogdoarmindomaia.com.br\/wp-content\/uploads\/2022\/10\/CBMM-em-parceria-com-o-SESTSENAT-anuncia-cursos-pag-03-1536x1476.png 1536w, http:\/\/blogdoarmindomaia.com.br\/wp-content\/uploads\/2022\/10\/CBMM-em-parceria-com-o-SESTSENAT-anuncia-cursos-pag-03.png 1772w\" sizes=\"auto, (max-width: 1024px) 100vw, 1024px\" \/><\/figure>\n\n\n\n<p><em>Os cursos s\u00e3o gratuitos e t\u00eam vagas limitadas<\/em><\/p>\n\n\n\n<p>Est\u00e3o abertas as inscri\u00e7\u00f5es para os cursos da CBMM de qualifica\u00e7\u00e3o de m\u00e3o de obra, oferecidos pelo SEST\/SENAT de Arax\u00e1 em parceria com a CBMM, por meio do Programa de Qualifica\u00e7\u00e3o Profissional gratuito. O objetivo \u00e9 que os alunos possam se capacitar profissionalmente para futuras oportunidades no mercado de trabalho. As inscri\u00e7\u00f5es poder\u00e3o ser realizadas at\u00e9 o dia 1\u00ba de novembro, via internet, no site <a href=\"https:\/\/www.sestsenat.org.br\/cursos\">https:\/\/www.sestsenat.org.br\/cursos<\/a>.<\/p>\n\n\n\n<p>Os candidatos devem ter idade igual ou superior a 18 anos e residir em Arax\u00e1 ou em uma das cidades da microrregi\u00e3o (Campos Altos, Ibi\u00e1, Nova Ponte, Pedrin\u00f3polis, Perdizes, Pratinha, Sacramento, Santa Juliana e Tapira). Os candidatos classificados ser\u00e3o informados no dia 4 de novembro de 2022, para o in\u00edcio do primeiro curso na semana seguinte, dia 7 de novembro.<\/p>\n\n\n\n<p>Thiago Amaral, gerente de Meio Ambiente e Apoio Tecnol\u00f3gico da CBMM, fala da contribui\u00e7\u00e3o para a comunidade local. <a>\u201cEsta parceria com o SEST\/SENAT garante mais conhecimento e autonomia para a comunidade de Arax\u00e1 e impulsiona o desenvolvimento social e econ\u00f4mico da nossa regi\u00e3o.\u201d<\/a><\/p>\n\n\n\n<p>A coordenadora de Desenvolvimento Profissional do SEST\/SENAT, Marilia Brasileiro, tamb\u00e9m refor\u00e7a a import\u00e2ncia da capacita\u00e7\u00e3o local. \u201cA parceria firmada entre o SEST\/SENAT e a CBMM \u00e9 extremamente significativa e importante no sentido de oferecer a capacita\u00e7\u00e3o necess\u00e1ria para a profissionaliza\u00e7\u00e3o da comunidade araxaense e preencher as vagas dispon\u00edveis no mercado de trabalho, valorizando a popula\u00e7\u00e3o local e melhorando a qualidade de vida da popula\u00e7\u00e3o.\u201d<\/p>\n\n\n\n<p>Os cursos a serem ministrados s\u00e3o:<\/p>\n\n\n\n<ul class=\"wp-block-list\"><li>B\u00e1sico para Operador de Retroescavadeira (03 e 04\/11\/22)<\/li><li>Especializado para Condutores de Ve\u00edculos de Transporte de Cargas Indivis\u00edveis e Outras \u2013 capacita\u00e7\u00e3o (07 a 12\/11\/22)<\/li><li>Especializado para Condutores de Ve\u00edculos de Transporte de Cargas Indivis\u00edveis e Outras &#8211; aproveitamento MG (28 e 29\/11\/22)<\/li><li>B\u00e1sico para Operador de Munck Guindaste Hidr\u00e1ulico Articulado (16 e 17\/11\/22)<\/li><li>NR12 \u2013 Seguran\u00e7a no Trabalho em M\u00e1quinas e Equipamentos (18\/11\/2022)<\/li><li>Operador de Escavadeira Hidr\u00e1ulica (24 a 26\/10\/22, 31\/10\/22 e 01\/11\/22)<\/li><li>Operador de P\u00e1 Carregadeira (22 a 26\/11\/22)<\/li><li>Atualiza\u00e7\u00e3o para Condutores de Ve\u00edculos de Cargas com Blocos de Rochas Ornamentais e Outras cujo Transporte seja Objeto de Regulamenta\u00e7\u00e3o Espec\u00edfica pelo CONTRAN (01 e 02\/12\/22)<\/li><\/ul>\n\n\n\n<p>Os cursos regulamentados pelo DETRAN ser\u00e3o ministrados por web aulas com encontros s\u00edncronos. As aulas pr\u00e1ticas ser\u00e3o realizadas aos s\u00e1bados, nos turnos da manh\u00e3 e da tarde.<\/p>\n\n\n\n<p><strong>Sobre a CBMM<\/strong><\/p>\n\n\n\n<p>L\u00edder mundial na produ\u00e7\u00e3o e comercializa\u00e7\u00e3o de produtos de Ni\u00f3bio, a CBMM possui mais de 400 clientes, em 50 pa\u00edses. A companhia fornece produtos e tecnologia de ponta aos setores de infraestrutura, mobilidade, aeroespacial, sa\u00fade e energia. Fundada em 1955, em Arax\u00e1, Minas Gerais, a CBMM apoia iniciativas que visam o desenvolvimento socioecon\u00f4mico, cultural e esportivo nos locais onde atua, buscando beneficiar essas comunidades e auxiliar na forma\u00e7\u00e3o das pr\u00f3ximas gera\u00e7\u00f5es. Para mais informa\u00e7\u00f5es, visite: <a href=\"https:\/\/cbmm.com\/pt\/media-center\">cbmm.com\/pt\/media-center<\/a><\/p>\n","protected":false},"excerpt":{"rendered":"<p>Os cursos s\u00e3o gratuitos e t\u00eam vagas limitadas Est\u00e3o abertas as inscri\u00e7\u00f5es para os cursos da CBMM de qualifica\u00e7\u00e3o de<\/p>\n","protected":false},"author":2,"featured_media":3238,"comment_status":"open","ping_status":"open","sticky":false,"template":"","format":"standard","meta":{"footnotes":""},"categories":[9,11],"tags":[],"class_list":["post-3237","post","type-post","status-publish","format-standard","has-post-thumbnail","hentry","category-araxa","category-destaques"],"_links":{"self":[{"href":"http:\/\/blogdoarmindomaia.com.br\/index.php?rest_route=\/wp\/v2\/posts\/3237","targetHints":{"allow":["GET"]}}],"collection":[{"href":"http:\/\/blogdoarmindomaia.com.br\/index.php?rest_route=\/wp\/v2\/posts"}],"about":[{"href":"http:\/\/blogdoarmindomaia.com.br\/index.php?rest_route=\/wp\/v2\/types\/post"}],"author":[{"embeddable":true,"href":"http:\/\/blogdoarmindomaia.com.br\/index.php?rest_route=\/wp\/v2\/users\/2"}],"replies":[{"embeddable":true,"href":"http:\/\/blogdoarmindomaia.com.br\/index.php?rest_route=%2Fwp%2Fv2%2Fcomments&post=3237"}],"version-history":[{"count":1,"href":"http:\/\/blogdoarmindomaia.com.br\/index.php?rest_route=\/wp\/v2\/posts\/3237\/revisions"}],"predecessor-version":[{"id":3239,"href":"http:\/\/blogdoarmindomaia.com.br\/index.php?rest_route=\/wp\/v2\/posts\/3237\/revisions\/3239"}],"wp:featuredmedia":[{"embeddable":true,"href":"http:\/\/blogdoarmindomaia.com.br\/index.php?rest_route=\/wp\/v2\/media\/3238"}],"wp:attachment":[{"href":"http:\/\/blogdoarmindomaia.com.br\/index.php?rest_route=%2Fwp%2Fv2%2Fmedia&parent=3237"}],"wp:term":[{"taxonomy":"category","embeddable":true,"href":"http:\/\/blogdoarmindomaia.com.br\/index.php?rest_route=%2Fwp%2Fv2%2Fcategories&post=3237"},{"taxonomy":"post_tag","embeddable":true,"href":"http:\/\/blogdoarmindomaia.com.br\/index.php?rest_route=%2Fwp%2Fv2%2Ftags&post=3237"}],"curies":[{"name":"wp","href":"https:\/\/api.w.org\/{rel}","templated":true}]}}