{"id":3244,"date":"2022-10-27T14:26:39","date_gmt":"2022-10-27T17:26:39","guid":{"rendered":"http:\/\/blogdoarmindomaia.com.br\/?p=3244"},"modified":"2022-10-27T14:26:41","modified_gmt":"2022-10-27T17:26:41","slug":"coluna-do-armindo-maia-2","status":"publish","type":"post","link":"http:\/\/blogdoarmindomaia.com.br\/?p=3244","title":{"rendered":"Coluna do Armindo Maia"},"content":{"rendered":"\n<figure class=\"wp-block-image size-large\"><img loading=\"lazy\" decoding=\"async\" width=\"1024\" height=\"720\" src=\"http:\/\/blogdoarmindomaia.com.br\/wp-content\/uploads\/2022\/10\/Chegou-a-hora-da-verdade-Bolsonaro-ou-Lula-Quem-decide-e-o-seu-voto-pag-07-1024x720.jpg\" alt=\"\" class=\"wp-image-3246\" srcset=\"http:\/\/blogdoarmindomaia.com.br\/wp-content\/uploads\/2022\/10\/Chegou-a-hora-da-verdade-Bolsonaro-ou-Lula-Quem-decide-e-o-seu-voto-pag-07-1024x720.jpg 1024w, http:\/\/blogdoarmindomaia.com.br\/wp-content\/uploads\/2022\/10\/Chegou-a-hora-da-verdade-Bolsonaro-ou-Lula-Quem-decide-e-o-seu-voto-pag-07-300x211.jpg 300w, http:\/\/blogdoarmindomaia.com.br\/wp-content\/uploads\/2022\/10\/Chegou-a-hora-da-verdade-Bolsonaro-ou-Lula-Quem-decide-e-o-seu-voto-pag-07-768x540.jpg 768w, http:\/\/blogdoarmindomaia.com.br\/wp-content\/uploads\/2022\/10\/Chegou-a-hora-da-verdade-Bolsonaro-ou-Lula-Quem-decide-e-o-seu-voto-pag-07-1536x1080.jpg 1536w, http:\/\/blogdoarmindomaia.com.br\/wp-content\/uploads\/2022\/10\/Chegou-a-hora-da-verdade-Bolsonaro-ou-Lula-Quem-decide-e-o-seu-voto-pag-07-2048x1441.jpg 2048w, http:\/\/blogdoarmindomaia.com.br\/wp-content\/uploads\/2022\/10\/Chegou-a-hora-da-verdade-Bolsonaro-ou-Lula-Quem-decide-e-o-seu-voto-pag-07-130x90.jpg 130w\" sizes=\"auto, (max-width: 1024px) 100vw, 1024px\" \/><\/figure>\n\n\n\n<p>Contagem regressiva<\/p>\n\n\n\n<p>Chegou a hora! Faltam dois dias para a realiza\u00e7\u00e3o da vota\u00e7\u00e3o em segundo turno das elei\u00e7\u00f5es 2022. Em Minas Gerais, como Zema j\u00e1 foi reeleito governador do Estado em primeiro turno; o eleitor ir\u00e1 \u00e0s urnas para escolher o presidente da rep\u00fablica que ir\u00e1 governar o Brasil pelos pr\u00f3ximos quatro anos. Na contenta eleitoral est\u00e3o Lula do PT e Bolsonaro do PL. Eleitor, fa\u00e7a valer o seu voto. Vote consciente e respeite o processo eleitoral!<\/p>\n\n\n\n<p>Zema votar\u00e1 em Arax\u00e1<\/p>\n\n\n\n<p>Como acontece em todos os pleitos eleitorais, o governador de Minas Gerais, o araxaense Romeu Zema Neto do Partido Novo, reeleito&nbsp; em primeiro turno das elei\u00e7\u00f5es 2022, estar\u00e1 em Arax\u00e1 no domingo de manh\u00e3, para exercer sua vota\u00e7\u00e3o no segundo turno para presidente da rep\u00fablica. A expectativa \u00e9 de que Zema vote na Escola Estadual Delfim Moreira, por volta de 9 horas da manh\u00e3 e em seguida retorne para a capital mineira para acompanhar o restante do pleito.<\/p>\n\n\n\n<p>\u00daLTIMA FORMA<\/p>\n\n\n\n<p>Esta semana surgiu novamente o assunto em Arax\u00e1, de que a prefeitura estaria disposta a reconsiderar e montar a estrutura da UTI Neonatal e Pedi\u00e1trica nas instala\u00e7\u00f5es da Santa Casa de Miseric\u00f3rdia de Arax\u00e1. Anteriormente, o prefeito Robson Magela e a Secret\u00e1ria de Sa\u00fade do munic\u00edpio Cristiane Pereira, tinham definido que esse importante e vital setor de sa\u00fade p\u00fablica, seria montando em um hospital municipal que seria edificado pela atual administra\u00e7\u00e3o p\u00fablica de Arax\u00e1. Vamos aguardar os pr\u00f3ximo cap\u00edtulos&#8230;&nbsp;<\/p>\n\n\n\n<p>Elei\u00e7\u00f5es municipais<\/p>\n\n\n\n<p>Faltando pouco mais de dois anos para a pr\u00f3xima elei\u00e7\u00e3o municipal, j\u00e1 existem algumas mobiliza\u00e7\u00f5es e articula\u00e7\u00f5es de alguns grupos e seguimentos da pol\u00edtica local, &nbsp;j\u00e1 visando o certame eleitoral de 2024 para prefeito de Arax\u00e1. Apuramos de forma preliminar que nomes j\u00e1 conhecidos na nossa pol\u00edtica dom\u00e9stica e at\u00e9 ex-prefeitos estariam trabalhando nos bastidores de olho no posto m\u00e1ximo do poder executivo de Arax\u00e1. Em breve outras informa\u00e7\u00f5es sobre o assunto!<\/p>\n\n\n\n<p>Ba\u00fa da Hist\u00f3ria ( foto)<\/p>\n\n\n\n<figure class=\"wp-block-image size-full\"><img loading=\"lazy\" decoding=\"async\" width=\"558\" height=\"348\" src=\"http:\/\/blogdoarmindomaia.com.br\/wp-content\/uploads\/2022\/10\/Bau-da-Historia-foto-.png\" alt=\"\" class=\"wp-image-3245\" srcset=\"http:\/\/blogdoarmindomaia.com.br\/wp-content\/uploads\/2022\/10\/Bau-da-Historia-foto-.png 558w, http:\/\/blogdoarmindomaia.com.br\/wp-content\/uploads\/2022\/10\/Bau-da-Historia-foto--300x187.png 300w\" sizes=\"auto, (max-width: 558px) 100vw, 558px\" \/><\/figure>\n\n\n\n<p>Depois de 17 anos, eles est\u00e3o de volta aos palcos. S\u00edlvio e Robson, os originais far\u00e3o no dia 19 novembro no espa\u00e7o cultural do Sesc&nbsp; de Arax\u00e1, um show musical para recordar os velhos tempos da dupla sertaneja que tocou movimento e embalou a galera nos idos 90. Agora com o nome de \u201cViva o Agora\u201d, o show do atual Prefeito de Arax\u00e1 ( Robson Magela) e do atual Presidente do Arax\u00e1 Esporte ( S\u00edlvio Alves), promete celebrar a vida e recordar os grandes sucessos da carreira da dupla.&nbsp; Na foto S\u00edlvio e Robson no in\u00edcio da carreira.&nbsp;&nbsp;&nbsp;&nbsp;<\/p>\n","protected":false},"excerpt":{"rendered":"<p>Contagem regressiva Chegou a hora! Faltam dois dias para a realiza\u00e7\u00e3o da vota\u00e7\u00e3o em segundo turno das elei\u00e7\u00f5es 2022. Em<\/p>\n","protected":false},"author":2,"featured_media":3246,"comment_status":"open","ping_status":"open","sticky":false,"template":"","format":"standard","meta":{"footnotes":""},"categories":[9,11,25],"tags":[],"class_list":["post-3244","post","type-post","status-publish","format-standard","has-post-thumbnail","hentry","category-araxa","category-destaques","category-politica"],"_links":{"self":[{"href":"http:\/\/blogdoarmindomaia.com.br\/index.php?rest_route=\/wp\/v2\/posts\/3244","targetHints":{"allow":["GET"]}}],"collection":[{"href":"http:\/\/blogdoarmindomaia.com.br\/index.php?rest_route=\/wp\/v2\/posts"}],"about":[{"href":"http:\/\/blogdoarmindomaia.com.br\/index.php?rest_route=\/wp\/v2\/types\/post"}],"author":[{"embeddable":true,"href":"http:\/\/blogdoarmindomaia.com.br\/index.php?rest_route=\/wp\/v2\/users\/2"}],"replies":[{"embeddable":true,"href":"http:\/\/blogdoarmindomaia.com.br\/index.php?rest_route=%2Fwp%2Fv2%2Fcomments&post=3244"}],"version-history":[{"count":1,"href":"http:\/\/blogdoarmindomaia.com.br\/index.php?rest_route=\/wp\/v2\/posts\/3244\/revisions"}],"predecessor-version":[{"id":3247,"href":"http:\/\/blogdoarmindomaia.com.br\/index.php?rest_route=\/wp\/v2\/posts\/3244\/revisions\/3247"}],"wp:featuredmedia":[{"embeddable":true,"href":"http:\/\/blogdoarmindomaia.com.br\/index.php?rest_route=\/wp\/v2\/media\/3246"}],"wp:attachment":[{"href":"http:\/\/blogdoarmindomaia.com.br\/index.php?rest_route=%2Fwp%2Fv2%2Fmedia&parent=3244"}],"wp:term":[{"taxonomy":"category","embeddable":true,"href":"http:\/\/blogdoarmindomaia.com.br\/index.php?rest_route=%2Fwp%2Fv2%2Fcategories&post=3244"},{"taxonomy":"post_tag","embeddable":true,"href":"http:\/\/blogdoarmindomaia.com.br\/index.php?rest_route=%2Fwp%2Fv2%2Ftags&post=3244"}],"curies":[{"name":"wp","href":"https:\/\/api.w.org\/{rel}","templated":true}]}}