{"id":3264,"date":"2022-10-27T14:48:49","date_gmt":"2022-10-27T17:48:49","guid":{"rendered":"http:\/\/blogdoarmindomaia.com.br\/?p=3264"},"modified":"2022-10-27T14:48:52","modified_gmt":"2022-10-27T17:48:52","slug":"projeto-de-educacao-patrimonial-e-concluido-com-a-participacao-de-182-alunos","status":"publish","type":"post","link":"http:\/\/blogdoarmindomaia.com.br\/?p=3264","title":{"rendered":"Projeto de educa\u00e7\u00e3o patrimonial \u00e9 conclu\u00eddo com a participa\u00e7\u00e3o de 182 alunos"},"content":{"rendered":"\n<figure class=\"wp-block-image size-full\"><img loading=\"lazy\" decoding=\"async\" width=\"800\" height=\"500\" src=\"http:\/\/blogdoarmindomaia.com.br\/wp-content\/uploads\/2022\/10\/Museu-Calmon-Barreto-e-Memorial-Araxa.jpg\" alt=\"\" class=\"wp-image-3265\" srcset=\"http:\/\/blogdoarmindomaia.com.br\/wp-content\/uploads\/2022\/10\/Museu-Calmon-Barreto-e-Memorial-Araxa.jpg 800w, http:\/\/blogdoarmindomaia.com.br\/wp-content\/uploads\/2022\/10\/Museu-Calmon-Barreto-e-Memorial-Araxa-300x188.jpg 300w, http:\/\/blogdoarmindomaia.com.br\/wp-content\/uploads\/2022\/10\/Museu-Calmon-Barreto-e-Memorial-Araxa-768x480.jpg 768w\" sizes=\"auto, (max-width: 800px) 100vw, 800px\" \/><\/figure>\n\n\n\n<p>O Museu Calmon Barreto e Memorial de Arax\u00e1 concluiu o projeto Nas Trilhas Patrimoniais de Arax\u00e1. Nas atividades desenvolvidas durante o per\u00edodo de cinco meses, escolas da cidade visitaram e conheceram o espa\u00e7o. O objetivo foi despertar o envolvimento dos estudantes em a\u00e7\u00f5es de reconhecimento, valoriza\u00e7\u00e3o e preserva\u00e7\u00e3o do patrim\u00f4nio cultural.<br><br>No total, o museu recebeu 182 estudantes e sete turmas, entre alunos do ensino m\u00e9dio e fundamental das Escolas Municipais Jos\u00e9 Bento, Aziz J. Chaer e Leonilda Montandon (Caic); e das Escolas Estaduais Professor Luiz Ant\u00f4nio Corr\u00eaa de Oliveira (Polivalente) e Vasco Santos.<br><br>De acordo com a secret\u00e1ria municipal de Educa\u00e7\u00e3o, Zulma Moreira, a possibilidade que os alunos conhe\u00e7am um espa\u00e7o cultural, al\u00e9m de aumentar o leque de conhecimento, tamb\u00e9m estimula o sentimento de preserva\u00e7\u00e3o.<br><br>\u201cA gente fala que a cultura anda lado a lado com a educa\u00e7\u00e3o. Em parceria com a Funda\u00e7\u00e3o Cultural Calmon Barreto, buscamos trabalhar esses valores em nossos alunos para mostrar a eles o que Arax\u00e1 representa e tem de melhor. Quando conhecemos algo passamos a admirar e a respeitar. E nada mais importante do que isso aconte\u00e7a, justamente na inf\u00e2ncia e adolesc\u00eancia, para que os estudantes tenham desde cedo esse apego aos valores culturais\u201d, ressalta.<br><br>\u201c\u00c9 percept\u00edvel a diferen\u00e7a de como os alunos chegam at\u00e9 o museu e saem com muito mais conhecimento sobre a cultura local. Muitos deles, inclusive, voltaram trazendo os pais ou amigos. Ent\u00e3o, por meio dessa educa\u00e7\u00e3o patrimonial, a cultura vai sendo disseminada e chega a mais pessoas\u201d, destaca a coordenadora do museu, Tatiana \u00c1vila.<br><br><strong>Museu Calmon Barreto e Memorial de Arax\u00e1<br><\/strong><br>No espa\u00e7o \u00e9 poss\u00edvel encontrar as obras de Calmon, renomado artista araxaense, e objetos e fotos de pessoas que, de alguma forma, marcaram a hist\u00f3ria da cidade.<br><br>As 12 salas divididas em tr\u00eas pavimentos mesclam 257 obras de Calmon Barreto, entre telas, aquarelas e desenhos, al\u00e9m de 16 esculturas em gesso patinado que est\u00e3o expostas juntamente com o acervo do Memorial &#8211; que conta com 1.406 objetos de 220 pessoas que fazem parte da hist\u00f3ria de Arax\u00e1, entre artistas, m\u00e9dicos, pol\u00edticos, fazendeiros, religiosos e demais influentes.<br><br>As visitas ao espa\u00e7o s\u00e3o guiadas e gratuitas. O museu est\u00e1 localizado na avenida Vereador Jo\u00e3o Sena, n\u00b0 98, Centro. O hor\u00e1rio de funcionamento \u00e9 de ter\u00e7a a sexta-feira, das 8h \u00e0s 18h; aos s\u00e1bados das 9h \u00e0s 15h; e domingos e feriados das 8h \u00e0s 12h.<\/p>\n","protected":false},"excerpt":{"rendered":"<p>O Museu Calmon Barreto e Memorial de Arax\u00e1 concluiu o projeto Nas Trilhas Patrimoniais de Arax\u00e1. Nas atividades desenvolvidas durante<\/p>\n","protected":false},"author":2,"featured_media":3265,"comment_status":"open","ping_status":"open","sticky":false,"template":"","format":"standard","meta":{"footnotes":""},"categories":[9,5,11],"tags":[],"class_list":["post-3264","post","type-post","status-publish","format-standard","has-post-thumbnail","hentry","category-araxa","category-arte-e-cultura","category-destaques"],"_links":{"self":[{"href":"http:\/\/blogdoarmindomaia.com.br\/index.php?rest_route=\/wp\/v2\/posts\/3264","targetHints":{"allow":["GET"]}}],"collection":[{"href":"http:\/\/blogdoarmindomaia.com.br\/index.php?rest_route=\/wp\/v2\/posts"}],"about":[{"href":"http:\/\/blogdoarmindomaia.com.br\/index.php?rest_route=\/wp\/v2\/types\/post"}],"author":[{"embeddable":true,"href":"http:\/\/blogdoarmindomaia.com.br\/index.php?rest_route=\/wp\/v2\/users\/2"}],"replies":[{"embeddable":true,"href":"http:\/\/blogdoarmindomaia.com.br\/index.php?rest_route=%2Fwp%2Fv2%2Fcomments&post=3264"}],"version-history":[{"count":1,"href":"http:\/\/blogdoarmindomaia.com.br\/index.php?rest_route=\/wp\/v2\/posts\/3264\/revisions"}],"predecessor-version":[{"id":3266,"href":"http:\/\/blogdoarmindomaia.com.br\/index.php?rest_route=\/wp\/v2\/posts\/3264\/revisions\/3266"}],"wp:featuredmedia":[{"embeddable":true,"href":"http:\/\/blogdoarmindomaia.com.br\/index.php?rest_route=\/wp\/v2\/media\/3265"}],"wp:attachment":[{"href":"http:\/\/blogdoarmindomaia.com.br\/index.php?rest_route=%2Fwp%2Fv2%2Fmedia&parent=3264"}],"wp:term":[{"taxonomy":"category","embeddable":true,"href":"http:\/\/blogdoarmindomaia.com.br\/index.php?rest_route=%2Fwp%2Fv2%2Fcategories&post=3264"},{"taxonomy":"post_tag","embeddable":true,"href":"http:\/\/blogdoarmindomaia.com.br\/index.php?rest_route=%2Fwp%2Fv2%2Ftags&post=3264"}],"curies":[{"name":"wp","href":"https:\/\/api.w.org\/{rel}","templated":true}]}}