{"id":3298,"date":"2022-10-31T15:11:30","date_gmt":"2022-10-31T18:11:30","guid":{"rendered":"http:\/\/blogdoarmindomaia.com.br\/?p=3298"},"modified":"2022-10-31T15:11:32","modified_gmt":"2022-10-31T18:11:32","slug":"unicentro-realiza-repescagem-de-todos-os-publicos-para-vacinacao-contra-a-covid-19-nesta-terca-1o","status":"publish","type":"post","link":"http:\/\/blogdoarmindomaia.com.br\/?p=3298","title":{"rendered":"<strong>&nbsp; Unicentro realiza repescagem de todos os p\u00fablicos para vacina\u00e7\u00e3o contra a Covid-19 nesta ter\u00e7a (1\u00ba)<\/strong>"},"content":{"rendered":"\n<figure class=\"wp-block-image size-full\"><img loading=\"lazy\" decoding=\"async\" width=\"1024\" height=\"683\" src=\"http:\/\/blogdoarmindomaia.com.br\/wp-content\/uploads\/2022\/10\/vacina-xx.jpg\" alt=\"\" class=\"wp-image-3299\" srcset=\"http:\/\/blogdoarmindomaia.com.br\/wp-content\/uploads\/2022\/10\/vacina-xx.jpg 1024w, http:\/\/blogdoarmindomaia.com.br\/wp-content\/uploads\/2022\/10\/vacina-xx-300x200.jpg 300w, http:\/\/blogdoarmindomaia.com.br\/wp-content\/uploads\/2022\/10\/vacina-xx-768x512.jpg 768w\" sizes=\"auto, (max-width: 1024px) 100vw, 1024px\" \/><\/figure>\n\n\n\n<p>Data: 1\u00ba\/11\/2022<br>P\u00fablico: Popula\u00e7\u00e3o 12+<br>Local: Unicentro (das 8h \u00e0s 16h)<br>Etapa: 3\u00aa dose&nbsp;<br><br>Data: 1\u00ba\/11\/2022<br>P\u00fablico: Popula\u00e7\u00e3o 40+ (Incluindo Gestantes e pu\u00e9rperas at\u00e9 45 dias)<br>Local: &nbsp;Unicentro (das 8h \u00e0s 16h)<br>Etapa: 4\u00aa dose<br><br>Data: 1\u00ba\/11\/2022<br>P\u00fablico: crian\u00e7as de 3 a 11 anos<br>Local: Unicentro (das 8h \u00e0s 13h)<br>Etapa: 1\u00aa e 2\u00aa dose (Coronavac e Pfizer Pedi\u00e1trica)<br><br><strong>Documenta\u00e7\u00e3o necess\u00e1ria:<br><\/strong><br>&#8211; Documento original que tenha o n\u00famero do CPF e o Cart\u00e3o de Vacina.<br><br>Lembrando que a 2\u00aa dose \u00e9 aplicada conforme agendamento no Cart\u00e3o de Vacina ou doses em atraso. J\u00e1 a dose de refor\u00e7o deve ser aplicada com intervalo de pelo menos 4 meses desde a \u00faltima dose.<br><br>No ato da vacina\u00e7\u00e3o, caso a pessoa seja menor, precisa estar acompanhada de um respons\u00e1vel.<br><br>E na vacina\u00e7\u00e3o de crian\u00e7as de 3 a 11 anos, se n\u00e3o estiverem acompanhadas pelos pais, os mesmos devem providenciar um termo de autoriza\u00e7\u00e3o \u00e0 pessoa respons\u00e1vel para ser entregue no local da aplica\u00e7\u00e3o. O modelo do termo est\u00e1 dispon\u00edvel para impress\u00e3o no site (&nbsp;<a href=\"http:\/\/www.araxavacina.com.br\/\" target=\"_blank\" rel=\"noreferrer noopener\">www.araxavacina.com.br<\/a>&nbsp;).<br><br>O uso da m\u00e1scara de prote\u00e7\u00e3o continua sendo obrigat\u00f3rio em locais que ofere\u00e7am servi\u00e7os de sa\u00fade, como postos de vacina\u00e7\u00e3o.<br><br>O cronograma completo e documenta\u00e7\u00e3o necess\u00e1ria est\u00e3o dispon\u00edveis no site (&nbsp;<a href=\"http:\/\/www.araxavacina.com.br\/cronograma\" target=\"_blank\" rel=\"noreferrer noopener\">www.araxavacina.com.br\/cronograma<\/a>&nbsp;).<\/p>\n","protected":false},"excerpt":{"rendered":"<p>Data: 1\u00ba\/11\/2022P\u00fablico: Popula\u00e7\u00e3o 12+Local: Unicentro (das 8h \u00e0s 16h)Etapa: 3\u00aa dose&nbsp; Data: 1\u00ba\/11\/2022P\u00fablico: Popula\u00e7\u00e3o 40+ (Incluindo Gestantes e pu\u00e9rperas at\u00e9<\/p>\n","protected":false},"author":2,"featured_media":3299,"comment_status":"open","ping_status":"open","sticky":false,"template":"","format":"standard","meta":{"footnotes":""},"categories":[9,29],"tags":[],"class_list":["post-3298","post","type-post","status-publish","format-standard","has-post-thumbnail","hentry","category-araxa","category-saude"],"_links":{"self":[{"href":"http:\/\/blogdoarmindomaia.com.br\/index.php?rest_route=\/wp\/v2\/posts\/3298","targetHints":{"allow":["GET"]}}],"collection":[{"href":"http:\/\/blogdoarmindomaia.com.br\/index.php?rest_route=\/wp\/v2\/posts"}],"about":[{"href":"http:\/\/blogdoarmindomaia.com.br\/index.php?rest_route=\/wp\/v2\/types\/post"}],"author":[{"embeddable":true,"href":"http:\/\/blogdoarmindomaia.com.br\/index.php?rest_route=\/wp\/v2\/users\/2"}],"replies":[{"embeddable":true,"href":"http:\/\/blogdoarmindomaia.com.br\/index.php?rest_route=%2Fwp%2Fv2%2Fcomments&post=3298"}],"version-history":[{"count":1,"href":"http:\/\/blogdoarmindomaia.com.br\/index.php?rest_route=\/wp\/v2\/posts\/3298\/revisions"}],"predecessor-version":[{"id":3300,"href":"http:\/\/blogdoarmindomaia.com.br\/index.php?rest_route=\/wp\/v2\/posts\/3298\/revisions\/3300"}],"wp:featuredmedia":[{"embeddable":true,"href":"http:\/\/blogdoarmindomaia.com.br\/index.php?rest_route=\/wp\/v2\/media\/3299"}],"wp:attachment":[{"href":"http:\/\/blogdoarmindomaia.com.br\/index.php?rest_route=%2Fwp%2Fv2%2Fmedia&parent=3298"}],"wp:term":[{"taxonomy":"category","embeddable":true,"href":"http:\/\/blogdoarmindomaia.com.br\/index.php?rest_route=%2Fwp%2Fv2%2Fcategories&post=3298"},{"taxonomy":"post_tag","embeddable":true,"href":"http:\/\/blogdoarmindomaia.com.br\/index.php?rest_route=%2Fwp%2Fv2%2Ftags&post=3298"}],"curies":[{"name":"wp","href":"https:\/\/api.w.org\/{rel}","templated":true}]}}