{"id":3301,"date":"2022-10-31T15:18:35","date_gmt":"2022-10-31T18:18:35","guid":{"rendered":"http:\/\/blogdoarmindomaia.com.br\/?p=3301"},"modified":"2022-10-31T15:18:36","modified_gmt":"2022-10-31T18:18:36","slug":"aia-define-nome-de-homenageado-com-a-medalha-geraldo-porfirio-botelho-2022-2","status":"publish","type":"post","link":"http:\/\/blogdoarmindomaia.com.br\/?p=3301","title":{"rendered":"AIA define nome de homenageado com a Medalha Geraldo Porf\u00edrio Botelho 2022"},"content":{"rendered":"\n<figure class=\"wp-block-image size-large\"><img loading=\"lazy\" decoding=\"async\" width=\"768\" height=\"1024\" src=\"http:\/\/blogdoarmindomaia.com.br\/wp-content\/uploads\/2022\/10\/WhatsApp-Image-2022-10-27-at-16.02.22-1-768x1024.jpeg\" alt=\"\" class=\"wp-image-3302\" srcset=\"http:\/\/blogdoarmindomaia.com.br\/wp-content\/uploads\/2022\/10\/WhatsApp-Image-2022-10-27-at-16.02.22-1-768x1024.jpeg 768w, http:\/\/blogdoarmindomaia.com.br\/wp-content\/uploads\/2022\/10\/WhatsApp-Image-2022-10-27-at-16.02.22-1-225x300.jpeg 225w, http:\/\/blogdoarmindomaia.com.br\/wp-content\/uploads\/2022\/10\/WhatsApp-Image-2022-10-27-at-16.02.22-1-1152x1536.jpeg 1152w, http:\/\/blogdoarmindomaia.com.br\/wp-content\/uploads\/2022\/10\/WhatsApp-Image-2022-10-27-at-16.02.22-1.jpeg 1200w\" sizes=\"auto, (max-width: 768px) 100vw, 768px\" \/><\/figure>\n\n\n\n<p><em>Honraria ser\u00e1 entregue para o Walter J\u00fanior, da R\u00e1dio IMB 100,9 FM.<\/em><\/p>\n\n\n\n<p>Em reuni\u00e3o realizada no \u00faltimo dia 26 de outubro, o nome de homenageado com a Medalha Geraldo Porf\u00edrio foi definido pelos membros da Associa\u00e7\u00e3o da Imprensa Araxaense (AIA). Ser\u00e1 Walter Ferreira de Jesus J\u00fanior, conhecido popularmente por Walter J\u00fanior, radialista que est\u00e1 h\u00e1 25 anos levando alegria para as manh\u00e3s de Arax\u00e1 atrav\u00e9s do microfone da R\u00e1dio IMB 100, FM (antiga R\u00e1dio Imbiara 93,7 FM), uma das integrantes do Grupo Imbiara de Comunica\u00e7\u00e3o, composto ainda pela R\u00e1dio Imbiara 91,5 FM e pelo site Portal Imbiara. O voto foi acompanhado pela presidente da AIA, Anete Di Mambro Gandra, que conduziu a reuni\u00e3o.<\/p>\n\n\n\n<p>Walter J\u00fanior \u00e9 dono de um estilo \u00fanico de comunica\u00e7\u00e3o com o bord\u00e3o \u201cTch\u00ea, Tch\u00ea\u201d e diretor da ag\u00eancia Walter J\u00fanior Promo\u00e7\u00f5es. Ele fala da emo\u00e7\u00e3o de receber uma honraria de tamanha grandeza e import\u00e2ncia para Arax\u00e1. \u201c\u00c9 uma das maiores honrarias que o cidad\u00e3o pode ganhar. Estou muito feliz e, por isso divido essa felicidade com todos voc\u00eas. Muito obrigado a sociedade araxaense, bem como tamb\u00e9m a AIA, a C\u00e2mara Municipal e principalmente a casa que eu represento. Obrigado a Dona Regina e ao Doutor Desdedit pela oportunidade de trabalhar e fazer parte dessa equipe\u201d, diz o radialista nesta quinta-feira (27) aos ouvintes.<\/p>\n\n\n\n<p>J\u00e1 contemplado com a Medalha T\u00falio Maneira como destaque no r\u00e1dio em 2021, Walter recebe a medalha que leva o nome de um dos fundadores da R\u00e1dio Imbiara Geraldo Porf\u00edrio Botelho, pai da jornalista Regina Porf\u00edrio Botelho de Resende, comentarista pol\u00edtica do programa Imbiara Not\u00edcias, e av\u00f4 de Jos\u00e9 Deusdedit de Resende, atual diretor do grupo de comunica\u00e7\u00e3o. A R\u00e1dio Imbiara foi fundada no ano de 1946 e completou 76 anos em 2022 com uma programa\u00e7\u00e3o variada de jornalismo, pol\u00edtica, esporte, not\u00edcias, cultura, lazer, educa\u00e7\u00e3o, sa\u00fade e entretenimento.<\/p>\n\n\n\n<p>A entrega da medalha ser\u00e1 no pr\u00f3ximo dia 25 de novembro, \u00e0s 19h, no Teatro Municipal de Arax\u00e1. A honraria vai ser entregue durante a solenidade promovida pela C\u00e2mara de Vereadores que ter\u00e1 a sess\u00e3o solene da Medalha Dom Jos\u00e9 Gaspar e do T\u00edtulo de Cidadania Honor\u00e1ria. Ambos os pr\u00eamios s\u00e3o recebidos por membros da sociedade civil e organizada indicados pelos parlamentares.<\/p>\n","protected":false},"excerpt":{"rendered":"<p>Honraria ser\u00e1 entregue para o Walter J\u00fanior, da R\u00e1dio IMB 100,9 FM. Em reuni\u00e3o realizada no \u00faltimo dia 26 de<\/p>\n","protected":false},"author":2,"featured_media":3302,"comment_status":"open","ping_status":"open","sticky":false,"template":"","format":"standard","meta":{"footnotes":""},"categories":[9,1],"tags":[],"class_list":["post-3301","post","type-post","status-publish","format-standard","has-post-thumbnail","hentry","category-araxa","category-sem-categoria"],"_links":{"self":[{"href":"http:\/\/blogdoarmindomaia.com.br\/index.php?rest_route=\/wp\/v2\/posts\/3301","targetHints":{"allow":["GET"]}}],"collection":[{"href":"http:\/\/blogdoarmindomaia.com.br\/index.php?rest_route=\/wp\/v2\/posts"}],"about":[{"href":"http:\/\/blogdoarmindomaia.com.br\/index.php?rest_route=\/wp\/v2\/types\/post"}],"author":[{"embeddable":true,"href":"http:\/\/blogdoarmindomaia.com.br\/index.php?rest_route=\/wp\/v2\/users\/2"}],"replies":[{"embeddable":true,"href":"http:\/\/blogdoarmindomaia.com.br\/index.php?rest_route=%2Fwp%2Fv2%2Fcomments&post=3301"}],"version-history":[{"count":1,"href":"http:\/\/blogdoarmindomaia.com.br\/index.php?rest_route=\/wp\/v2\/posts\/3301\/revisions"}],"predecessor-version":[{"id":3303,"href":"http:\/\/blogdoarmindomaia.com.br\/index.php?rest_route=\/wp\/v2\/posts\/3301\/revisions\/3303"}],"wp:featuredmedia":[{"embeddable":true,"href":"http:\/\/blogdoarmindomaia.com.br\/index.php?rest_route=\/wp\/v2\/media\/3302"}],"wp:attachment":[{"href":"http:\/\/blogdoarmindomaia.com.br\/index.php?rest_route=%2Fwp%2Fv2%2Fmedia&parent=3301"}],"wp:term":[{"taxonomy":"category","embeddable":true,"href":"http:\/\/blogdoarmindomaia.com.br\/index.php?rest_route=%2Fwp%2Fv2%2Fcategories&post=3301"},{"taxonomy":"post_tag","embeddable":true,"href":"http:\/\/blogdoarmindomaia.com.br\/index.php?rest_route=%2Fwp%2Fv2%2Ftags&post=3301"}],"curies":[{"name":"wp","href":"https:\/\/api.w.org\/{rel}","templated":true}]}}