{"id":3321,"date":"2022-11-02T20:30:33","date_gmt":"2022-11-02T23:30:33","guid":{"rendered":"http:\/\/blogdoarmindomaia.com.br\/?p=3321"},"modified":"2022-11-02T20:30:35","modified_gmt":"2022-11-02T23:30:35","slug":"america-vence-inter-e-palmeiras-e-campeao-brasileiro-sem-jogar","status":"publish","type":"post","link":"http:\/\/blogdoarmindomaia.com.br\/?p=3321","title":{"rendered":"Am\u00e9rica vence Inter e Palmeiras \u00e9 campe\u00e3o Brasileiro sem jogar"},"content":{"rendered":"\n<p><\/p>\n\n\n\n<p><\/p>\n\n\n\n<p><\/p>\n\n\n\n<p><img loading=\"lazy\" decoding=\"async\" width=\"150\" height=\"84\" class=\"wp-image-3322\" style=\"width: 150px;\" src=\"http:\/\/blogdoarmindomaia.com.br\/wp-content\/uploads\/2022\/11\/America-vence-Inter.webp\" alt=\"\" srcset=\"http:\/\/blogdoarmindomaia.com.br\/wp-content\/uploads\/2022\/11\/America-vence-Inter.webp 1200w, http:\/\/blogdoarmindomaia.com.br\/wp-content\/uploads\/2022\/11\/America-vence-Inter-300x169.webp 300w, http:\/\/blogdoarmindomaia.com.br\/wp-content\/uploads\/2022\/11\/America-vence-Inter-1024x576.webp 1024w, http:\/\/blogdoarmindomaia.com.br\/wp-content\/uploads\/2022\/11\/America-vence-Inter-768x432.webp 768w, http:\/\/blogdoarmindomaia.com.br\/wp-content\/uploads\/2022\/11\/America-vence-Inter-800x445.webp 800w\" sizes=\"auto, (max-width: 150px) 100vw, 150px\" \/>O\u00a0<strong><a href=\"https:\/\/www.espn.com.br\/futebol\/time\/_\/id\/1936\/internacional\">Internacional<\/a><\/strong>\u00a0precisava de uma vit\u00f3ria para tentar adiar mais uma vez o t\u00edtulo antecipado do\u00a0<strong><a href=\"https:\/\/www.espn.com.br\/futebol\/liga\/_\/nome\/bra.1\">Brasileir\u00e3o<\/a><\/strong>\u00a0do\u00a0<strong><a href=\"https:\/\/www.espn.com.br\/futebol\/time\/_\/id\/2029\/palmeiras\">Palmeiras<\/a><\/strong>, mas n\u00e3o conseguiu. Nesta quarta-feira (2), em compromisso pela\u00a0<strong>35\u00aa rodada<\/strong>, na Arena Independ\u00eancia, o Inter visitou o\u00a0<strong><a href=\"https:\/\/www.espn.com.br\/futebol\/time\/_\/id\/6154\/america-mg\">Am\u00e9rica-MG<\/a><\/strong>, mas saiu derrotado por 1 a 0, resultado que j\u00e1 garante a conquista ao<em>\u00a0Alviverde<\/em>. Com o resultado, al\u00e9m de n\u00e3o ter mais chances de ser campe\u00e3o, os ga\u00fachos tamb\u00e9m deram fim a uma sequ\u00eancia de\u00a0<strong>13<\/strong>\u00a0jogos consecutivos sem derrota no Campeonato Brasileiro. J\u00e1 o time mineiro, voltou a triunfar ap\u00f3s uma sequ\u00eancia negativa de tr\u00eas partidas seguidas sem vit\u00f3ria. Os ga\u00fachos foram melhores na maior parte do jogo, inclusive com a chance de abrir o placar gra\u00e7as a um p\u00eanalti, mas que foi desperdi\u00e7ado por\u00a0<strong>Alan Patrick<\/strong>, ainda no primeiro tempo. Na segunda etapa, o Inter colocou bola na trave com\u00a0<strong>Alem\u00e3o<\/strong>\u00a0aos\u00a0<strong>19<\/strong>\u00a0minutos, mas quem garantiu a vit\u00f3ria foi o Am\u00e9rica-MG. Aos\u00a0<strong>31<\/strong>\u00a0minutos, Al\u00ea ganhou da defesa colorada ap\u00f3s cobran\u00e7a de escanteio e, de cabe\u00e7a, fez o 1 a 0 que deu os 3 pontos para o time mineiro. Com o resultado, o Internacional segue com<strong>\u00a064<\/strong>\u00a0pontos e na\u00a0<strong>vice-lideran\u00e7a\u00a0<\/strong>do Brasileir\u00e3o, ainda<strong>\u00a010<\/strong>\u00a0pontos atr\u00e1s do Palmeiras, que lidera a competi\u00e7\u00e3o e ainda entra em campo na rodada. J\u00e1 o Am\u00e9rica-MG, foi a\u00a0<strong>49<\/strong>\u00a0pontos e ocupa o\u00a0<strong>9\u00b0\u00a0<\/strong>lugar na tabela.<\/p>\n","protected":false},"excerpt":{"rendered":"<p>O\u00a0Internacional\u00a0precisava de uma vit\u00f3ria para tentar adiar mais uma vez o t\u00edtulo antecipado do\u00a0Brasileir\u00e3o\u00a0do\u00a0Palmeiras, mas n\u00e3o conseguiu. Nesta quarta-feira (2),<\/p>\n","protected":false},"author":2,"featured_media":3323,"comment_status":"open","ping_status":"open","sticky":false,"template":"","format":"standard","meta":{"footnotes":""},"categories":[9,15],"tags":[],"class_list":["post-3321","post","type-post","status-publish","format-standard","has-post-thumbnail","hentry","category-araxa","category-esportes"],"_links":{"self":[{"href":"http:\/\/blogdoarmindomaia.com.br\/index.php?rest_route=\/wp\/v2\/posts\/3321","targetHints":{"allow":["GET"]}}],"collection":[{"href":"http:\/\/blogdoarmindomaia.com.br\/index.php?rest_route=\/wp\/v2\/posts"}],"about":[{"href":"http:\/\/blogdoarmindomaia.com.br\/index.php?rest_route=\/wp\/v2\/types\/post"}],"author":[{"embeddable":true,"href":"http:\/\/blogdoarmindomaia.com.br\/index.php?rest_route=\/wp\/v2\/users\/2"}],"replies":[{"embeddable":true,"href":"http:\/\/blogdoarmindomaia.com.br\/index.php?rest_route=%2Fwp%2Fv2%2Fcomments&post=3321"}],"version-history":[{"count":1,"href":"http:\/\/blogdoarmindomaia.com.br\/index.php?rest_route=\/wp\/v2\/posts\/3321\/revisions"}],"predecessor-version":[{"id":3324,"href":"http:\/\/blogdoarmindomaia.com.br\/index.php?rest_route=\/wp\/v2\/posts\/3321\/revisions\/3324"}],"wp:featuredmedia":[{"embeddable":true,"href":"http:\/\/blogdoarmindomaia.com.br\/index.php?rest_route=\/wp\/v2\/media\/3323"}],"wp:attachment":[{"href":"http:\/\/blogdoarmindomaia.com.br\/index.php?rest_route=%2Fwp%2Fv2%2Fmedia&parent=3321"}],"wp:term":[{"taxonomy":"category","embeddable":true,"href":"http:\/\/blogdoarmindomaia.com.br\/index.php?rest_route=%2Fwp%2Fv2%2Fcategories&post=3321"},{"taxonomy":"post_tag","embeddable":true,"href":"http:\/\/blogdoarmindomaia.com.br\/index.php?rest_route=%2Fwp%2Fv2%2Ftags&post=3321"}],"curies":[{"name":"wp","href":"https:\/\/api.w.org\/{rel}","templated":true}]}}