{"id":3332,"date":"2022-11-04T10:48:47","date_gmt":"2022-11-04T13:48:47","guid":{"rendered":"http:\/\/blogdoarmindomaia.com.br\/?p=3332"},"modified":"2022-11-04T10:48:49","modified_gmt":"2022-11-04T13:48:49","slug":"araxa-recebe-a-2a-taca-minas-gerais-sub-14-de-volei-feminino","status":"publish","type":"post","link":"http:\/\/blogdoarmindomaia.com.br\/?p=3332","title":{"rendered":"<strong>Arax\u00e1 recebe a 2\u00aa Ta\u00e7a Minas Gerais Sub-14 de Volei Feminino<\/strong>"},"content":{"rendered":"\n<p><\/p>\n\n\n\n<p>Nos dias 4, 5 e 6 de novembro Arax\u00e1 receber\u00e1 atletas de voleibol feminino da Categoria sub 14 para participar da 2\u00aa Ta\u00e7a Minas Gerais.<\/p>\n\n\n\n<figure class=\"wp-block-image size-large is-style-default\"><img loading=\"lazy\" decoding=\"async\" width=\"1024\" height=\"768\" src=\"http:\/\/blogdoarmindomaia.com.br\/wp-content\/uploads\/2022\/11\/IMG-20220710-WA0158-1024x768.jpg\" alt=\"\" class=\"wp-image-3333\" srcset=\"http:\/\/blogdoarmindomaia.com.br\/wp-content\/uploads\/2022\/11\/IMG-20220710-WA0158-1024x768.jpg 1024w, http:\/\/blogdoarmindomaia.com.br\/wp-content\/uploads\/2022\/11\/IMG-20220710-WA0158-300x225.jpg 300w, http:\/\/blogdoarmindomaia.com.br\/wp-content\/uploads\/2022\/11\/IMG-20220710-WA0158-768x576.jpg 768w, http:\/\/blogdoarmindomaia.com.br\/wp-content\/uploads\/2022\/11\/IMG-20220710-WA0158-1536x1152.jpg 1536w, http:\/\/blogdoarmindomaia.com.br\/wp-content\/uploads\/2022\/11\/IMG-20220710-WA0158.jpg 1600w\" sizes=\"auto, (max-width: 1024px) 100vw, 1024px\" \/><\/figure>\n\n\n\n<p>Estar\u00e3o envolvidas no evento esportivo, que est\u00e1 em sua segunda edi\u00e7\u00e3o, cerca de 100 pessoas entre Atletas, Comiss\u00e3o T\u00e9cnica e Staff.<br>Andrea Galleguillos t\u00e9cnica e coordenadora do polo de Arax\u00e1 espera um p\u00fablico de mais 300 pessoas durante o Torneio e diz: \u201cHoje Arax\u00e1 j\u00e1 \u00e9 apaixonada pelo Voleibol e pelo nosso projeto e sempre prestigia nossos Jogos!\u201d.<\/p>\n\n\n\n<p>As Equipes participantes s\u00e3o filiadas a Federa\u00e7\u00e3o Mineira de Volei a FMV e de S\u00e3o Paulo e na CBV confedera\u00e7\u00e3o Brasileira de Voleibol.<\/p>\n\n\n\n<p>As delega\u00e7\u00f5es come\u00e7am a chegar na sexta dia 04 de novembro. De Uberl\u00e2ndia o UTC T\u00eanis Clube com o T\u00e9cnico Alexandre Fonseca Santos, de Uberaba o Uirapuru\/ Funel liderada pela T\u00e9cnica Esther Maria Ribeiro Alves, de Ribeir\u00e3o Preto o Novo V\u00f4lei Ribeir\u00e3o com o comando do T\u00e9cnico Afonso Henrique Bazilio dos Santos e a Equipe AEV Meninas de Ouro com as T\u00e9cnicas Andrea Galleguillos e Beth\u00e2nia Melo.<\/p>\n\n\n\n<p>Na primeira edi\u00e7\u00e3o da Ta\u00e7a Minas Gerais, que aconteceu em Sacramento, a equipe AEV Meninas de Ouro, equipe de competi\u00e7\u00e3o do Projeto Escola de Voleibol Meninas de Ouro, foi Campe\u00e3 de forma invicta vencendo todos os seus advers\u00e1rios durante a competi\u00e7\u00e3o garantindo o topo do podium.<\/p>\n\n\n\n<p>O Projeto Escola de Voleibol Meninas de Ouro conta com o apoio das Prefeituras de Arax\u00e1 e Sacramento e atrav\u00e9s das Leis de Incentivo ao Esporte com grandes empresas da Regi\u00e3o como a CBMM, a Bem BRAsil a Engie, o Zema, a Sicredi, a Sicoob, a Zandonaide e o Coasa &nbsp;que entendem o importante papel social realizado pelo Projeto que proporciona a mais de 300 crian\u00e7as e adolescentes, qualidade de vida atrav\u00e9s do ensino do voleibol desenvolvendo a\u00e7\u00f5es sa\u00fade, bem-estar e educa\u00e7\u00e3o.<\/p>\n\n\n\n<p>Para 2023 o Projeto busca atrav\u00e9s de novos Incentivadores, aumentar o n\u00famero de crian\u00e7as beneficiadas; gerando assim mais empregos para a comunidades onde est\u00e1 inserida Arax\u00e1 e Sacramento; adquirir mais equipamentos adequados para os treinamentos; promover e &nbsp;entrar em novas competi\u00e7\u00f5es e seguir formando mais atletas profissionais, consequentemente transformando a vida de tantas jovens, pelo poder do esporte.<\/p>\n\n\n\n<p>A madrinha do Projeto a libero e medalhista Ol\u00edmpica Camila Brait foi atleta do projeto Meninas de Ouro e orgulho de sua t\u00e9cnica Formadora Bethania Melo, que faz quest\u00e3o que a metodologia do Projeto alimente os sonhos das meninas: &#8211; \u201cS\u00f3 surgem grandes atletas, quando oportunidades forem dadas, independente de classe social ou a cidade que esteja inserida\u201d.<\/p>\n","protected":false},"excerpt":{"rendered":"<p>Nos dias 4, 5 e 6 de novembro Arax\u00e1 receber\u00e1 atletas de voleibol feminino da Categoria sub 14 para participar<\/p>\n","protected":false},"author":2,"featured_media":3333,"comment_status":"open","ping_status":"open","sticky":false,"template":"","format":"standard","meta":{"footnotes":""},"categories":[9,15],"tags":[],"class_list":["post-3332","post","type-post","status-publish","format-standard","has-post-thumbnail","hentry","category-araxa","category-esportes"],"_links":{"self":[{"href":"http:\/\/blogdoarmindomaia.com.br\/index.php?rest_route=\/wp\/v2\/posts\/3332","targetHints":{"allow":["GET"]}}],"collection":[{"href":"http:\/\/blogdoarmindomaia.com.br\/index.php?rest_route=\/wp\/v2\/posts"}],"about":[{"href":"http:\/\/blogdoarmindomaia.com.br\/index.php?rest_route=\/wp\/v2\/types\/post"}],"author":[{"embeddable":true,"href":"http:\/\/blogdoarmindomaia.com.br\/index.php?rest_route=\/wp\/v2\/users\/2"}],"replies":[{"embeddable":true,"href":"http:\/\/blogdoarmindomaia.com.br\/index.php?rest_route=%2Fwp%2Fv2%2Fcomments&post=3332"}],"version-history":[{"count":1,"href":"http:\/\/blogdoarmindomaia.com.br\/index.php?rest_route=\/wp\/v2\/posts\/3332\/revisions"}],"predecessor-version":[{"id":3334,"href":"http:\/\/blogdoarmindomaia.com.br\/index.php?rest_route=\/wp\/v2\/posts\/3332\/revisions\/3334"}],"wp:featuredmedia":[{"embeddable":true,"href":"http:\/\/blogdoarmindomaia.com.br\/index.php?rest_route=\/wp\/v2\/media\/3333"}],"wp:attachment":[{"href":"http:\/\/blogdoarmindomaia.com.br\/index.php?rest_route=%2Fwp%2Fv2%2Fmedia&parent=3332"}],"wp:term":[{"taxonomy":"category","embeddable":true,"href":"http:\/\/blogdoarmindomaia.com.br\/index.php?rest_route=%2Fwp%2Fv2%2Fcategories&post=3332"},{"taxonomy":"post_tag","embeddable":true,"href":"http:\/\/blogdoarmindomaia.com.br\/index.php?rest_route=%2Fwp%2Fv2%2Ftags&post=3332"}],"curies":[{"name":"wp","href":"https:\/\/api.w.org\/{rel}","templated":true}]}}