{"id":3343,"date":"2022-11-07T15:54:41","date_gmt":"2022-11-07T18:54:41","guid":{"rendered":"http:\/\/blogdoarmindomaia.com.br\/?p=3343"},"modified":"2022-11-07T15:54:43","modified_gmt":"2022-11-07T18:54:43","slug":"camara-aprova-repasse-de-verbas-para-instituicoes","status":"publish","type":"post","link":"http:\/\/blogdoarmindomaia.com.br\/?p=3343","title":{"rendered":"<strong>C\u00e2mara Aprova Repasse de Verbas para Institui\u00e7\u00f5es<\/strong>"},"content":{"rendered":"\n<figure class=\"wp-block-image size-full is-style-default\"><img loading=\"lazy\" decoding=\"async\" width=\"1000\" height=\"750\" src=\"http:\/\/blogdoarmindomaia.com.br\/wp-content\/uploads\/2022\/11\/Camara-Aprova-Repasse-de-Verbas-para-Instituicoes-pag-04.jpg\" alt=\"\" class=\"wp-image-3344\" srcset=\"http:\/\/blogdoarmindomaia.com.br\/wp-content\/uploads\/2022\/11\/Camara-Aprova-Repasse-de-Verbas-para-Instituicoes-pag-04.jpg 1000w, http:\/\/blogdoarmindomaia.com.br\/wp-content\/uploads\/2022\/11\/Camara-Aprova-Repasse-de-Verbas-para-Instituicoes-pag-04-300x225.jpg 300w, http:\/\/blogdoarmindomaia.com.br\/wp-content\/uploads\/2022\/11\/Camara-Aprova-Repasse-de-Verbas-para-Instituicoes-pag-04-768x576.jpg 768w\" sizes=\"auto, (max-width: 1000px) 100vw, 1000px\" \/><\/figure>\n\n\n\n<p>Abrindo os trabalhos do m\u00eas de novembro, a C\u00e2mara Municipal de Arax\u00e1 realizou, na tarde de ter\u00e7a-feira (01), mais uma reuni\u00e3o ordin\u00e1ria. A sess\u00e3o marcou o retorno das transmiss\u00f5es ao vivo, que foram suspensas durante o per\u00edodo eleitoral. A popula\u00e7\u00e3o pode acompanhar as reuni\u00f5es todas \u00e0s ter\u00e7as-feiras, 14 h, atrav\u00e9s do canal do Legislativo no Youtube ou atrav\u00e9s da R\u00e1dio Imbiara (91,5 FM).<\/p>\n\n\n\n<p>Durante a Ordem do Dia os vereadores aprovaram seis projetos, tendo destaque as mat\u00e9rias que autorizam o Poder Executivo a celebrar termo de fomento com a Associa\u00e7\u00e3o de Pais e Amigos dos Excepcionais de Arax\u00e1 \u2013 APAE, no valor de R$ 205.322,65; com o Centro de Atendimento M\u00faltiplo dos Talentos de Arax\u00e1 &#8211; CAMTA, no valor de R$ 40.000,00 e com o Lions Clube de Arax\u00e1, no valor de R$ 30.000,00.<\/p>\n\n\n\n<p>Projetos Aprovados:<\/p>\n\n\n\n<p>Projeto de Lei 204\/2022 (com emenda): Autoriza o Poder Executivo a celebrar Termo de Fomento com o Lions Clube de Arax\u00e1. Autor: Executivo;<\/p>\n\n\n\n<p>Projeto de Lei 243\/2022: Autoriza o Poder Executivo a celebrar Termo de Fomento com a Associa\u00e7\u00e3o de Pais e Amigos dos Excepcionais de Arax\u00e1 &#8211; APAE. Autor: Executivo;<\/p>\n\n\n\n<p>Projeto de Lei 249\/2022: Autoriza o Poder Executivo a celebrar Termo de Fomento com o Centro de Atendimento M\u00faltiplo dos Talentos de Arax\u00e1 \u2013 CAMTA, manuten\u00e7\u00e3o de atividades. Autor: Executivo;<\/p>\n\n\n\n<p>Projeto de Lei 255\/2022- Autoriza a abertura de cr\u00e9dito suplementar e d\u00e1 outras provid\u00eancias. Autor: Executivo;<\/p>\n\n\n\n<p>Projeto de Lei 257\/2022- Cria escolas na estrutura da Secretaria Municipal de Educa\u00e7\u00e3o e d\u00e1 outras provid\u00eancias. Autor: Executivo;<\/p>\n\n\n\n<p>Projeto de Resolu\u00e7\u00e3o 012\/2022: Autoriza a C\u00e2mara Municipal a firmar conv\u00eanio com a Caixa Econ\u00f4mica Federal, e d\u00e1 outras provid\u00eancias.<\/p>\n","protected":false},"excerpt":{"rendered":"<p>Abrindo os trabalhos do m\u00eas de novembro, a C\u00e2mara Municipal de Arax\u00e1 realizou, na tarde de ter\u00e7a-feira (01), mais uma<\/p>\n","protected":false},"author":2,"featured_media":3344,"comment_status":"open","ping_status":"open","sticky":false,"template":"","format":"standard","meta":{"footnotes":""},"categories":[9,25],"tags":[],"class_list":["post-3343","post","type-post","status-publish","format-standard","has-post-thumbnail","hentry","category-araxa","category-politica"],"_links":{"self":[{"href":"http:\/\/blogdoarmindomaia.com.br\/index.php?rest_route=\/wp\/v2\/posts\/3343","targetHints":{"allow":["GET"]}}],"collection":[{"href":"http:\/\/blogdoarmindomaia.com.br\/index.php?rest_route=\/wp\/v2\/posts"}],"about":[{"href":"http:\/\/blogdoarmindomaia.com.br\/index.php?rest_route=\/wp\/v2\/types\/post"}],"author":[{"embeddable":true,"href":"http:\/\/blogdoarmindomaia.com.br\/index.php?rest_route=\/wp\/v2\/users\/2"}],"replies":[{"embeddable":true,"href":"http:\/\/blogdoarmindomaia.com.br\/index.php?rest_route=%2Fwp%2Fv2%2Fcomments&post=3343"}],"version-history":[{"count":1,"href":"http:\/\/blogdoarmindomaia.com.br\/index.php?rest_route=\/wp\/v2\/posts\/3343\/revisions"}],"predecessor-version":[{"id":3345,"href":"http:\/\/blogdoarmindomaia.com.br\/index.php?rest_route=\/wp\/v2\/posts\/3343\/revisions\/3345"}],"wp:featuredmedia":[{"embeddable":true,"href":"http:\/\/blogdoarmindomaia.com.br\/index.php?rest_route=\/wp\/v2\/media\/3344"}],"wp:attachment":[{"href":"http:\/\/blogdoarmindomaia.com.br\/index.php?rest_route=%2Fwp%2Fv2%2Fmedia&parent=3343"}],"wp:term":[{"taxonomy":"category","embeddable":true,"href":"http:\/\/blogdoarmindomaia.com.br\/index.php?rest_route=%2Fwp%2Fv2%2Fcategories&post=3343"},{"taxonomy":"post_tag","embeddable":true,"href":"http:\/\/blogdoarmindomaia.com.br\/index.php?rest_route=%2Fwp%2Fv2%2Ftags&post=3343"}],"curies":[{"name":"wp","href":"https:\/\/api.w.org\/{rel}","templated":true}]}}