{"id":3349,"date":"2022-11-08T11:08:59","date_gmt":"2022-11-08T14:08:59","guid":{"rendered":"http:\/\/blogdoarmindomaia.com.br\/?p=3349"},"modified":"2022-11-08T11:09:01","modified_gmt":"2022-11-08T14:09:01","slug":"museu-calmon-barreto-e-memorial-de-araxa-recebem-mostra-fotografica","status":"publish","type":"post","link":"http:\/\/blogdoarmindomaia.com.br\/?p=3349","title":{"rendered":"<strong>Museu Calmon Barreto e Memorial de Arax\u00e1 recebem mostra fotogr\u00e1fica<\/strong>"},"content":{"rendered":"\n<p><\/p>\n\n\n\n<p><\/p>\n\n\n\n<figure class=\"wp-block-image size-full is-style-default\"><img loading=\"lazy\" decoding=\"async\" width=\"1024\" height=\"683\" src=\"http:\/\/blogdoarmindomaia.com.br\/wp-content\/uploads\/2022\/11\/Fotos-Lacos-Jardim-Museu-2.jpg\" alt=\"\" class=\"wp-image-3350\" srcset=\"http:\/\/blogdoarmindomaia.com.br\/wp-content\/uploads\/2022\/11\/Fotos-Lacos-Jardim-Museu-2.jpg 1024w, http:\/\/blogdoarmindomaia.com.br\/wp-content\/uploads\/2022\/11\/Fotos-Lacos-Jardim-Museu-2-300x200.jpg 300w, http:\/\/blogdoarmindomaia.com.br\/wp-content\/uploads\/2022\/11\/Fotos-Lacos-Jardim-Museu-2-768x512.jpg 768w\" sizes=\"auto, (max-width: 1024px) 100vw, 1024px\" \/><\/figure>\n\n\n\n<p>O jardim do Museu Calmon Barreto e Memorial de Arax\u00e1 est\u00e1 com a exposi\u00e7\u00e3o de la\u00e7os gigantes com mostra fotogr\u00e1fica alusiva \u00e0s campanhas do Outubro Rosa e Novembro Azul, realizada pela Associa\u00e7\u00e3o de Amparo \u00e0s Pessoas com C\u00e2ncer de Arax\u00e1 (Ampara), com visita\u00e7\u00e3o gratuita at\u00e9 11 de novembro.<br><br>As fotografias exibem, por meio de um trabalho humanizado, as fases, emo\u00e7\u00f5es e percep\u00e7\u00f5es de pessoas que venceram o c\u00e2ncer. Al\u00e9m de chamar a aten\u00e7\u00e3o para o diagn\u00f3stico precoce do c\u00e2ncer de mama e de pr\u00f3stata, os la\u00e7os buscam dar destaque para o suporte e o carinho necess\u00e1rios durante o tratamento, tanto de familiares quanto de amigos e da sociedade.<br><br>O Museu Calmon Barreto e Memorial de Arax\u00e1 funciona de ter\u00e7a a sexta-feira, das 8h \u00e0s 18h; aos s\u00e1bados, das 9h \u00e0s 13h; e aos domingos e feriados das 8h \u00e0s 12h.<\/p>\n","protected":false},"excerpt":{"rendered":"<p>O jardim do Museu Calmon Barreto e Memorial de Arax\u00e1 est\u00e1 com a exposi\u00e7\u00e3o de la\u00e7os gigantes com mostra fotogr\u00e1fica<\/p>\n","protected":false},"author":2,"featured_media":3350,"comment_status":"open","ping_status":"open","sticky":false,"template":"","format":"standard","meta":{"footnotes":""},"categories":[9,5],"tags":[],"class_list":["post-3349","post","type-post","status-publish","format-standard","has-post-thumbnail","hentry","category-araxa","category-arte-e-cultura"],"_links":{"self":[{"href":"http:\/\/blogdoarmindomaia.com.br\/index.php?rest_route=\/wp\/v2\/posts\/3349","targetHints":{"allow":["GET"]}}],"collection":[{"href":"http:\/\/blogdoarmindomaia.com.br\/index.php?rest_route=\/wp\/v2\/posts"}],"about":[{"href":"http:\/\/blogdoarmindomaia.com.br\/index.php?rest_route=\/wp\/v2\/types\/post"}],"author":[{"embeddable":true,"href":"http:\/\/blogdoarmindomaia.com.br\/index.php?rest_route=\/wp\/v2\/users\/2"}],"replies":[{"embeddable":true,"href":"http:\/\/blogdoarmindomaia.com.br\/index.php?rest_route=%2Fwp%2Fv2%2Fcomments&post=3349"}],"version-history":[{"count":1,"href":"http:\/\/blogdoarmindomaia.com.br\/index.php?rest_route=\/wp\/v2\/posts\/3349\/revisions"}],"predecessor-version":[{"id":3351,"href":"http:\/\/blogdoarmindomaia.com.br\/index.php?rest_route=\/wp\/v2\/posts\/3349\/revisions\/3351"}],"wp:featuredmedia":[{"embeddable":true,"href":"http:\/\/blogdoarmindomaia.com.br\/index.php?rest_route=\/wp\/v2\/media\/3350"}],"wp:attachment":[{"href":"http:\/\/blogdoarmindomaia.com.br\/index.php?rest_route=%2Fwp%2Fv2%2Fmedia&parent=3349"}],"wp:term":[{"taxonomy":"category","embeddable":true,"href":"http:\/\/blogdoarmindomaia.com.br\/index.php?rest_route=%2Fwp%2Fv2%2Fcategories&post=3349"},{"taxonomy":"post_tag","embeddable":true,"href":"http:\/\/blogdoarmindomaia.com.br\/index.php?rest_route=%2Fwp%2Fv2%2Ftags&post=3349"}],"curies":[{"name":"wp","href":"https:\/\/api.w.org\/{rel}","templated":true}]}}