{"id":3360,"date":"2022-11-08T11:39:00","date_gmt":"2022-11-08T14:39:00","guid":{"rendered":"http:\/\/blogdoarmindomaia.com.br\/?p=3360"},"modified":"2022-11-08T11:39:02","modified_gmt":"2022-11-08T14:39:02","slug":"bate-papo-e-programa-para-cirurgias-de-vasectomia-destacam-abertura-do-novembro-azul-em-araxa","status":"publish","type":"post","link":"http:\/\/blogdoarmindomaia.com.br\/?p=3360","title":{"rendered":"Bate-papo e programa para cirurgias de vasectomia destacam abertura do Novembro Azul em Arax\u00e1<br><br>"},"content":{"rendered":"\n<figure class=\"wp-block-image size-full is-style-default\"><img loading=\"lazy\" decoding=\"async\" width=\"1024\" height=\"683\" src=\"http:\/\/blogdoarmindomaia.com.br\/wp-content\/uploads\/2022\/11\/Novembro-Azul-5.jpeg\" alt=\"\" class=\"wp-image-3361\" srcset=\"http:\/\/blogdoarmindomaia.com.br\/wp-content\/uploads\/2022\/11\/Novembro-Azul-5.jpeg 1024w, http:\/\/blogdoarmindomaia.com.br\/wp-content\/uploads\/2022\/11\/Novembro-Azul-5-300x200.jpeg 300w, http:\/\/blogdoarmindomaia.com.br\/wp-content\/uploads\/2022\/11\/Novembro-Azul-5-768x512.jpeg 768w\" sizes=\"auto, (max-width: 1024px) 100vw, 1024px\" \/><\/figure>\n\n\n\n<p>A Prefeitura de Arax\u00e1 abriu as atividades do Novembro Azul nesta segunda-feira (7) com o bate papo &#8220;De Homem para Homem&#8221;, no Teatro Municipal Maximiliano Rocha. A campanha \u00e9 promovida pela Secretaria Municipal de Sa\u00fade.<br><br>O debate reuniu o m\u00e9dico uro-oncologista Ivan Ferezin, o psic\u00f3logo Thiago Melo, o biom\u00e9dico Alonso Batuira e o coordenador da Sa\u00fade do Homem, Nilton Ribeiro J\u00fanior como mediador.<br><br>Durante a abertura do evento, o prefeito Robson Magela, falou sobre a import\u00e2ncia de discutir a sa\u00fade do homem e promover iniciativas de conscientiza\u00e7\u00e3o.<br><br>\u201cA mentalidade de que homem n\u00e3o pode ficar doente \u00e9 prejudicial \u00e0 sa\u00fade f\u00edsica e mental. O exame de pr\u00f3stata n\u00e3o deve ser sin\u00f4nimo de constrangimento ou de inseguran\u00e7a, mas, sim, de autocuidado. Sabemos que o c\u00e2ncer de pr\u00f3stata, quando diagnosticado em est\u00e1gio inicial, tem mais de 90% de chance de cura. Isso \u00e9 motivo suficiente para encorajar os homens com mais de 45 anos a realizar exames e ir com regularidade ao urologista&#8221;, relatou.<br><br>A secret\u00e1ria municipal de Sa\u00fade, Cristiane Gon\u00e7alves Pereira, refor\u00e7ou o compromisso da atual gest\u00e3o no cuidado com as pessoas. &#8220;Esses meses tem\u00e1ticos &#8211; Novembro azul e Outubro Rosa &#8211; s\u00e3o importantes para iniciar o di\u00e1logo e a reflex\u00e3o. Mas a gente precisa que o homem, a mulher e a crian\u00e7a estejam sempre atentos aos sinais do corpo para ir ao m\u00e9dico em qualquer \u00e9poca do ano. Por isso, a gest\u00e3o vem investindo na sa\u00fade de qualidade e ao alcance de todos&#8221;, destacou.<br><br>Na ocasi\u00e3o, Cristiane tamb\u00e9m anunciou o retorno do cadastro para realiza\u00e7\u00e3o de cirurgias de vasectomia atrav\u00e9s do Programa de Planejamento Familiar. O recurso no valor de R$ 100 mil para realizar os procedimentos foi indicado pelo vereador Evaldo Ferrocarril, que tamb\u00e9m falou da import\u00e2ncia de incentivar a sa\u00fade preventiva do homem.<br><br>\u201cEste \u00e9 um momento para debater o tema e atentar para a import\u00e2ncia da sa\u00fade preventiva e evitar o c\u00e2ncer de pr\u00f3stata, bem como outras doen\u00e7as&#8221;, acrescentou o vereador.<br><br>A programa\u00e7\u00e3o de a\u00e7\u00f5es acontece durante o m\u00eas de novembro nas Estrat\u00e9gias e Unidades de Sa\u00fade em v\u00e1rios bairros, com a realiza\u00e7\u00e3o de palestras, orienta\u00e7\u00f5es e capacita\u00e7\u00f5es sobre a preven\u00e7\u00e3o do c\u00e2ncer de pr\u00f3stata, solicita\u00e7\u00f5es e coletas de exames preventivos, agendamento de consultas m\u00e9dicas e demais atividades voltadas para o Novembro Azul.<br><br><br>A programa\u00e7\u00e3o completa do Novembro Azul promovido pela Secretaria Municipal de Sa\u00fade pode ser acessada no link: (&nbsp;<a href=\"https:\/\/bit.ly\/3FY9ZBp\" target=\"_blank\" rel=\"noreferrer noopener\">https:\/\/bit.ly\/3FY9ZBp<\/a>&nbsp;).<\/p>\n","protected":false},"excerpt":{"rendered":"<p>A Prefeitura de Arax\u00e1 abriu as atividades do Novembro Azul nesta segunda-feira (7) com o bate papo &#8220;De Homem para<\/p>\n","protected":false},"author":2,"featured_media":3361,"comment_status":"open","ping_status":"open","sticky":false,"template":"","format":"standard","meta":{"footnotes":""},"categories":[9,11],"tags":[],"class_list":["post-3360","post","type-post","status-publish","format-standard","has-post-thumbnail","hentry","category-araxa","category-destaques"],"_links":{"self":[{"href":"http:\/\/blogdoarmindomaia.com.br\/index.php?rest_route=\/wp\/v2\/posts\/3360","targetHints":{"allow":["GET"]}}],"collection":[{"href":"http:\/\/blogdoarmindomaia.com.br\/index.php?rest_route=\/wp\/v2\/posts"}],"about":[{"href":"http:\/\/blogdoarmindomaia.com.br\/index.php?rest_route=\/wp\/v2\/types\/post"}],"author":[{"embeddable":true,"href":"http:\/\/blogdoarmindomaia.com.br\/index.php?rest_route=\/wp\/v2\/users\/2"}],"replies":[{"embeddable":true,"href":"http:\/\/blogdoarmindomaia.com.br\/index.php?rest_route=%2Fwp%2Fv2%2Fcomments&post=3360"}],"version-history":[{"count":1,"href":"http:\/\/blogdoarmindomaia.com.br\/index.php?rest_route=\/wp\/v2\/posts\/3360\/revisions"}],"predecessor-version":[{"id":3362,"href":"http:\/\/blogdoarmindomaia.com.br\/index.php?rest_route=\/wp\/v2\/posts\/3360\/revisions\/3362"}],"wp:featuredmedia":[{"embeddable":true,"href":"http:\/\/blogdoarmindomaia.com.br\/index.php?rest_route=\/wp\/v2\/media\/3361"}],"wp:attachment":[{"href":"http:\/\/blogdoarmindomaia.com.br\/index.php?rest_route=%2Fwp%2Fv2%2Fmedia&parent=3360"}],"wp:term":[{"taxonomy":"category","embeddable":true,"href":"http:\/\/blogdoarmindomaia.com.br\/index.php?rest_route=%2Fwp%2Fv2%2Fcategories&post=3360"},{"taxonomy":"post_tag","embeddable":true,"href":"http:\/\/blogdoarmindomaia.com.br\/index.php?rest_route=%2Fwp%2Fv2%2Ftags&post=3360"}],"curies":[{"name":"wp","href":"https:\/\/api.w.org\/{rel}","templated":true}]}}