{"id":3379,"date":"2022-11-10T11:42:19","date_gmt":"2022-11-10T14:42:19","guid":{"rendered":"http:\/\/blogdoarmindomaia.com.br\/?p=3379"},"modified":"2022-11-10T11:42:21","modified_gmt":"2022-11-10T14:42:21","slug":"araxa-participa-do-1o-encontro-regional-de-turismo","status":"publish","type":"post","link":"http:\/\/blogdoarmindomaia.com.br\/?p=3379","title":{"rendered":"<strong>Arax\u00e1 participa do 1\u00ba Encontro Regional de Turismo<\/strong>"},"content":{"rendered":"\n<figure class=\"wp-block-image size-full is-style-default\"><img loading=\"lazy\" decoding=\"async\" width=\"1024\" height=\"683\" src=\"http:\/\/blogdoarmindomaia.com.br\/wp-content\/uploads\/2022\/11\/Araxa-participa-do-1o-Encontro-Regional-de-Turismo-pag-06.jpeg\" alt=\"\" class=\"wp-image-3380\" srcset=\"http:\/\/blogdoarmindomaia.com.br\/wp-content\/uploads\/2022\/11\/Araxa-participa-do-1o-Encontro-Regional-de-Turismo-pag-06.jpeg 1024w, http:\/\/blogdoarmindomaia.com.br\/wp-content\/uploads\/2022\/11\/Araxa-participa-do-1o-Encontro-Regional-de-Turismo-pag-06-300x200.jpeg 300w, http:\/\/blogdoarmindomaia.com.br\/wp-content\/uploads\/2022\/11\/Araxa-participa-do-1o-Encontro-Regional-de-Turismo-pag-06-768x512.jpeg 768w\" sizes=\"auto, (max-width: 1024px) 100vw, 1024px\" \/><\/figure>\n\n\n\n<p>Valorizar e fomentar ainda mais as atra\u00e7\u00f5es tur\u00edsticas da regi\u00e3o. Este foi um dos pontos tratados no 1\u00ba Encontro Regional de Turismo, no munic\u00edpio de Piumhi. Representantes da Secretaria de Desenvolvimento Econ\u00f4mico, Inova\u00e7\u00e3o e Turismo de Arax\u00e1 participaram do evento, que ocorreu entre os dias 3 e 5 de novembro, e marcou o lan\u00e7amento de 14 rotas tur\u00edsticas da regi\u00e3o.<br><br>O encontro foi promovido pelo Circuito Tur\u00edstico Nascentes das Gerais e Canastra, que atualmente \u00e9 formado por 20 munic\u00edpios: Alpin\u00f3polis, Arax\u00e1, Capit\u00f3lio, Carmo do Rio Claro, C\u00e1ssia, Claraval, Delfin\u00f3polis, Guap\u00e9, Ibiraci, Ilic\u00ednea, Ita\u00fa de Minas, Passos, Piumhi, Prat\u00e1polis, Sacramento, S\u00e3o Jos\u00e9 da Barra, S\u00e3o Roque de Minas, S\u00e3o Jo\u00e3o Batista do Gl\u00f3ria, Tapira e Vargem Bonita. Arax\u00e1 aderiu ao circuito no segundo semestre de 2021 e busca, como todos esses munic\u00edpios, a\u00e7\u00f5es, investimentos e melhorias para o desenvolvimento das atividades do setor.<br><br>Das 14 rotas apresentadas, Arax\u00e1 est\u00e1 inserida em tr\u00eas delas e possui uma das maiores redes hoteleiras entre as cidades do circuito, sendo sede dos principais atrativos tur\u00edsticos nacionais e internacionais, o que a torna cidade-polo em rela\u00e7\u00e3o ao turismo de nossa regi\u00e3o.<br><br>Com a retomada dos eventos em 2022, a cidade recebeu renomados eventos como o Fliarax\u00e1, o Festival Gastron\u00f4mico Saberes &amp; Sabores, a ExpoQueijo, a Copa Internacional de Mountain Bike, o Encontro Nacional de Carros Antigos, o Campeonato Mineiro de Balonismo, entre outros.<br><br>O superintendente de Turismo da Prefeitura de Arax\u00e1, Ricardo Ruas, destaca que o encontro permitiu a gera\u00e7\u00e3o de mais v\u00ednculos com os munic\u00edpios vizinhos. \u201cO fortalecimento entre as v\u00e1rias cidades do mesmo circuito torna nossa regi\u00e3o mais atrativa, valoriza ainda mais nossa cultura, nossa culin\u00e1ria e principalmente a nossa mineiridade\u201d, afirma.<br><br>J\u00e1 o secret\u00e1rio municipal de Desenvolvimento Econ\u00f4mico, Inova\u00e7\u00e3o e Turismo, Juliano Cesar da Silva, reitera que Arax\u00e1 refor\u00e7ou o seu potencial durante o encontro. \u201cFoi oportuna a participa\u00e7\u00e3o da Prefeitura de Arax\u00e1 neste evento. \u00c9 um momento de trocar ideais e colocar em pr\u00e1tica a\u00e7\u00f5es que ir\u00e3o garantir o desenvolvimento tur\u00edstico e econ\u00f4mico em nosso munic\u00edpio. E mais do que isso, oferecer o melhor que nossa cidade tem, n\u00e3o apenas aos visitantes, mas tamb\u00e9m para a popula\u00e7\u00e3o araxaense\u201d, conclui o secret\u00e1rio.<\/p>\n","protected":false},"excerpt":{"rendered":"<p>Valorizar e fomentar ainda mais as atra\u00e7\u00f5es tur\u00edsticas da regi\u00e3o. Este foi um dos pontos tratados no 1\u00ba Encontro Regional<\/p>\n","protected":false},"author":2,"featured_media":3380,"comment_status":"open","ping_status":"open","sticky":false,"template":"","format":"standard","meta":{"footnotes":""},"categories":[9,11,32],"tags":[],"class_list":["post-3379","post","type-post","status-publish","format-standard","has-post-thumbnail","hentry","category-araxa","category-destaques","category-turismo"],"_links":{"self":[{"href":"http:\/\/blogdoarmindomaia.com.br\/index.php?rest_route=\/wp\/v2\/posts\/3379","targetHints":{"allow":["GET"]}}],"collection":[{"href":"http:\/\/blogdoarmindomaia.com.br\/index.php?rest_route=\/wp\/v2\/posts"}],"about":[{"href":"http:\/\/blogdoarmindomaia.com.br\/index.php?rest_route=\/wp\/v2\/types\/post"}],"author":[{"embeddable":true,"href":"http:\/\/blogdoarmindomaia.com.br\/index.php?rest_route=\/wp\/v2\/users\/2"}],"replies":[{"embeddable":true,"href":"http:\/\/blogdoarmindomaia.com.br\/index.php?rest_route=%2Fwp%2Fv2%2Fcomments&post=3379"}],"version-history":[{"count":1,"href":"http:\/\/blogdoarmindomaia.com.br\/index.php?rest_route=\/wp\/v2\/posts\/3379\/revisions"}],"predecessor-version":[{"id":3381,"href":"http:\/\/blogdoarmindomaia.com.br\/index.php?rest_route=\/wp\/v2\/posts\/3379\/revisions\/3381"}],"wp:featuredmedia":[{"embeddable":true,"href":"http:\/\/blogdoarmindomaia.com.br\/index.php?rest_route=\/wp\/v2\/media\/3380"}],"wp:attachment":[{"href":"http:\/\/blogdoarmindomaia.com.br\/index.php?rest_route=%2Fwp%2Fv2%2Fmedia&parent=3379"}],"wp:term":[{"taxonomy":"category","embeddable":true,"href":"http:\/\/blogdoarmindomaia.com.br\/index.php?rest_route=%2Fwp%2Fv2%2Fcategories&post=3379"},{"taxonomy":"post_tag","embeddable":true,"href":"http:\/\/blogdoarmindomaia.com.br\/index.php?rest_route=%2Fwp%2Fv2%2Ftags&post=3379"}],"curies":[{"name":"wp","href":"https:\/\/api.w.org\/{rel}","templated":true}]}}