{"id":3385,"date":"2022-11-10T11:56:14","date_gmt":"2022-11-10T14:56:14","guid":{"rendered":"http:\/\/blogdoarmindomaia.com.br\/?p=3385"},"modified":"2022-11-10T11:56:16","modified_gmt":"2022-11-10T14:56:16","slug":"cartao-vermelho-para-violencia-contra-a-crianca-e-o-adolescente","status":"publish","type":"post","link":"http:\/\/blogdoarmindomaia.com.br\/?p=3385","title":{"rendered":"<strong>Cart\u00e3o Vermelho para viol\u00eancia contra a crian\u00e7a e o adolescente<\/strong>"},"content":{"rendered":"\n<p><em>Campanha \u201cTodos Contra Viol\u00eancia Infantojuvenil\u201d, promovida pelo Centro Profissional Julio D\u00e1rio, est\u00e1 de volta e entra em campo com diversas a\u00e7\u00f5es associadas ao tema Copa do Mundo<\/em><\/p>\n\n\n\n<figure class=\"wp-block-image size-full is-style-default\"><img loading=\"lazy\" decoding=\"async\" width=\"1000\" height=\"1000\" src=\"http:\/\/blogdoarmindomaia.com.br\/wp-content\/uploads\/2022\/11\/Cartao-Vermelho-para-violencia-contra-a-crianca-e-o-adolescente-pag-04.jpg\" alt=\"\" class=\"wp-image-3386\" srcset=\"http:\/\/blogdoarmindomaia.com.br\/wp-content\/uploads\/2022\/11\/Cartao-Vermelho-para-violencia-contra-a-crianca-e-o-adolescente-pag-04.jpg 1000w, http:\/\/blogdoarmindomaia.com.br\/wp-content\/uploads\/2022\/11\/Cartao-Vermelho-para-violencia-contra-a-crianca-e-o-adolescente-pag-04-300x300.jpg 300w, http:\/\/blogdoarmindomaia.com.br\/wp-content\/uploads\/2022\/11\/Cartao-Vermelho-para-violencia-contra-a-crianca-e-o-adolescente-pag-04-150x150.jpg 150w, http:\/\/blogdoarmindomaia.com.br\/wp-content\/uploads\/2022\/11\/Cartao-Vermelho-para-violencia-contra-a-crianca-e-o-adolescente-pag-04-768x768.jpg 768w\" sizes=\"auto, (max-width: 1000px) 100vw, 1000px\" \/><\/figure>\n\n\n\n<p>Com a frase&nbsp;<strong>\u201cViol\u00eancia contra as crian\u00e7as e adolescentes n\u00e3o tem VAR. \u00c9 cart\u00e3o vermelho!\u201d,&nbsp;<\/strong>a campanha \u201cTodos Contra a Viol\u00eancia Infantojuvenil\u201d est\u00e1 de volta. Associada ao tema Copa do Mundo, ela entra em campo para convocar a popula\u00e7\u00e3o araxaense nesta partida, marcando um gol contra os diversos tipos de desrespeitos como a viol\u00eancia f\u00edsica e psicol\u00f3gica, a neglig\u00eancia, o abandono e o abuso sexual.&nbsp;<\/p>\n\n\n\n<p>A iniciativa \u00e9 do Centro de Forma\u00e7\u00e3o Profissional Julio D\u00e1rio com incentivo do Conselho Municipal dos Direitos da Crian\u00e7a e do Adolescente (CMDCA), por meio Fundo Municipal dos Direitos das Crian\u00e7as e do Adolescente de Arax\u00e1 (FMDCA).<\/p>\n\n\n\n<p>Em sua 5\u00aa edi\u00e7\u00e3o, os personagens \u201cTito e Nina\u201d voltam para ajudar a escrever uma nova hist\u00f3ria, com objetivo de diminuir o n\u00famero de casos de viol\u00eancia, incentivar a den\u00fancia e refor\u00e7ar o ambiente de seguran\u00e7a para crian\u00e7as e jovens. Tudo por meio de publica\u00e7\u00f5es nas redes sociais, assim como a\u00e7\u00f5es publicit\u00e1rias em vias p\u00fablicas e em diversos meios de comunica\u00e7\u00e3o, palestras, blitz educativas, dentre outras a\u00e7\u00f5es, que em breve, ser\u00e3o vistas por toda cidade.<\/p>\n\n\n\n<p><strong>Viol\u00eancia n\u00e3o tem VAR<\/strong><\/p>\n\n\n\n<p>Diferente do futebol, em que h\u00e1 o VAR&nbsp;&#8211; do ingl\u00eas&nbsp;<em>VideoAssistant Referee<\/em>&nbsp;ou video\u00e1rbitro &#8211; uma&nbsp;ferramenta que revisa as decis\u00f5es durante uma partida esportiva, na Viol\u00eancia contra crian\u00e7a e o adolescente ele n\u00e3o existe. A campanha embarca no tema \u201cCopa do Mundo\u201d para refor\u00e7ar que n\u00e3o h\u00e1 segunda chance para viol\u00eancia. \u00c9 cart\u00e3o vermelho!&nbsp;<\/p>\n\n\n\n<p><strong>N\u00fameros<\/strong><\/p>\n\n\n\n<p>Segundo os dados do \u00faltimo Anu\u00e1rio Brasileiro de Seguran\u00e7a P\u00fablica, que analisou os dados do primeiro semestre de 2022,&nbsp;houve aumento de 21% nas notifica\u00e7\u00f5es de maus tratos a crian\u00e7as e adolescentes, com um total de 19.136 ocorr\u00eancias, se comparado ao mesmo per\u00edodo em 2021. O aumento dos casos, segundo o estudo, pode ter rela\u00e7\u00e3o como com a volta \u00e0 sala de aula, j\u00e1 que muitas den\u00fancias s\u00e3o feitas por educadores.<\/p>\n\n\n\n<p>Entre os muitos vieses observados, destaca-se a alta de 26% nos casos entre crian\u00e7as de 5 a 9 anos. Outro indicativo mostra crescimento de 19% nas ocorr\u00eancias entre v\u00edtimas de 0 a 4 anos.<\/p>\n\n\n\n<p>O abuso sexual ainda registra maior \u00edndice. Das den\u00fancias de viola\u00e7\u00e3o infantil em 2022, 18,6% est\u00e3o ligadas a esse tipo de viol\u00eancia.<\/p>\n\n\n\n<p><strong>Abandono e neglig\u00eancia<\/strong><\/p>\n\n\n\n<p>Outro indicativo apresentado pelo anu\u00e1rio diz respeito ao abandono de incapaz, caracterizado pela neglig\u00eancia de cuidados b\u00e1sicos como sa\u00fade, guarda e educa\u00e7\u00e3o. Os dados mostram ainda aumento de 11% nesta categoria,passando de 7.145 para 7.908 no per\u00edodo analisado. Crian\u00e7as de 5 a 9 anos correspondem a mais de um ter\u00e7o das v\u00edtimas desse tipo de crime.<\/p>\n\n\n\n<p><strong>Incentivo a vacina\u00e7\u00e3o<\/strong><\/p>\n\n\n\n<p>O Brasil est\u00e1 deixando de cumprir as metas de cobertura vacinal e apresenta queda nos n\u00fameros de vacina\u00e7\u00e3o. Sem o cumprimento dessas metas, aumentam se as chances do pa\u00eds voltar a apresentar doen\u00e7as que, at\u00e9 ent\u00e3o, eram consideradas eliminadas ou controladas, como a poliomielite, meningite, dentre outras.&nbsp;Tendo em vista o cen\u00e1rio atual, o projeto\u201cTodos Contra a Viol\u00eancia Infantojuvenil\u201dtrabalhar\u00e1 de maneira paralela, uma campanha para estimular a vacina\u00e7\u00e3o de crian\u00e7as e jovens.&nbsp;<\/p>\n\n\n\n<p>Ser\u00e3o produzidos posts para as redes sociais com o objetivo de explicar, de maneira simples, o funcionamento das vacinas e sua seguran\u00e7a, quem pode se vacinar, por que vacinar, entre outros pontos.<\/p>\n","protected":false},"excerpt":{"rendered":"<p>Campanha \u201cTodos Contra Viol\u00eancia Infantojuvenil\u201d, promovida pelo Centro Profissional Julio D\u00e1rio, est\u00e1 de volta e entra em campo com diversas<\/p>\n","protected":false},"author":2,"featured_media":3386,"comment_status":"open","ping_status":"open","sticky":false,"template":"","format":"standard","meta":{"footnotes":""},"categories":[9,11],"tags":[],"class_list":["post-3385","post","type-post","status-publish","format-standard","has-post-thumbnail","hentry","category-araxa","category-destaques"],"_links":{"self":[{"href":"http:\/\/blogdoarmindomaia.com.br\/index.php?rest_route=\/wp\/v2\/posts\/3385","targetHints":{"allow":["GET"]}}],"collection":[{"href":"http:\/\/blogdoarmindomaia.com.br\/index.php?rest_route=\/wp\/v2\/posts"}],"about":[{"href":"http:\/\/blogdoarmindomaia.com.br\/index.php?rest_route=\/wp\/v2\/types\/post"}],"author":[{"embeddable":true,"href":"http:\/\/blogdoarmindomaia.com.br\/index.php?rest_route=\/wp\/v2\/users\/2"}],"replies":[{"embeddable":true,"href":"http:\/\/blogdoarmindomaia.com.br\/index.php?rest_route=%2Fwp%2Fv2%2Fcomments&post=3385"}],"version-history":[{"count":1,"href":"http:\/\/blogdoarmindomaia.com.br\/index.php?rest_route=\/wp\/v2\/posts\/3385\/revisions"}],"predecessor-version":[{"id":3387,"href":"http:\/\/blogdoarmindomaia.com.br\/index.php?rest_route=\/wp\/v2\/posts\/3385\/revisions\/3387"}],"wp:featuredmedia":[{"embeddable":true,"href":"http:\/\/blogdoarmindomaia.com.br\/index.php?rest_route=\/wp\/v2\/media\/3386"}],"wp:attachment":[{"href":"http:\/\/blogdoarmindomaia.com.br\/index.php?rest_route=%2Fwp%2Fv2%2Fmedia&parent=3385"}],"wp:term":[{"taxonomy":"category","embeddable":true,"href":"http:\/\/blogdoarmindomaia.com.br\/index.php?rest_route=%2Fwp%2Fv2%2Fcategories&post=3385"},{"taxonomy":"post_tag","embeddable":true,"href":"http:\/\/blogdoarmindomaia.com.br\/index.php?rest_route=%2Fwp%2Fv2%2Ftags&post=3385"}],"curies":[{"name":"wp","href":"https:\/\/api.w.org\/{rel}","templated":true}]}}