{"id":3394,"date":"2022-11-11T14:09:27","date_gmt":"2022-11-11T17:09:27","guid":{"rendered":"http:\/\/blogdoarmindomaia.com.br\/?p=3394"},"modified":"2022-11-11T14:09:29","modified_gmt":"2022-11-11T17:09:29","slug":"araxa-recebe-qualificacao-regional-para-controle-de-arboviroses","status":"publish","type":"post","link":"http:\/\/blogdoarmindomaia.com.br\/?p=3394","title":{"rendered":"Arax\u00e1 recebe qualifica\u00e7\u00e3o regional para controle de arboviroses"},"content":{"rendered":"\n<figure class=\"wp-block-image size-full is-style-default\"><img loading=\"lazy\" decoding=\"async\" width=\"1024\" height=\"683\" src=\"http:\/\/blogdoarmindomaia.com.br\/wp-content\/uploads\/2022\/11\/Qualificacao-regional-para-controle-de-arboviroses-4.jpeg\" alt=\"\" class=\"wp-image-3395\" srcset=\"http:\/\/blogdoarmindomaia.com.br\/wp-content\/uploads\/2022\/11\/Qualificacao-regional-para-controle-de-arboviroses-4.jpeg 1024w, http:\/\/blogdoarmindomaia.com.br\/wp-content\/uploads\/2022\/11\/Qualificacao-regional-para-controle-de-arboviroses-4-300x200.jpeg 300w, http:\/\/blogdoarmindomaia.com.br\/wp-content\/uploads\/2022\/11\/Qualificacao-regional-para-controle-de-arboviroses-4-768x512.jpeg 768w\" sizes=\"auto, (max-width: 1024px) 100vw, 1024px\" \/><\/figure>\n\n\n\n<p>A Vigil\u00e2ncia Ambiental da Secretaria Municipal de Sa\u00fade participa da Qualifica\u00e7\u00e3o de Supervisores de Atividades de Controle de Arboviroses entre os dias 8 e 9 de novembro. A capacita\u00e7\u00e3o, voltada para supervisores de combate \u00e0s endemias da cidade e da microrregi\u00e3o, est\u00e1 sendo realizada no campus do Uniarax\u00e1 e busca a melhoria da qualidade do enfrentamento das arboviroses.<br><br>As arboviroses s\u00e3o doen\u00e7as causadas por v\u00edrus transmitidos principalmente por mosquitos. A dengue, zika e chikungunya s\u00e3o consideradas as mais comuns em ambientes urbanos. Demais temas como a origem do inseto e casos no Brasil tamb\u00e9m est\u00e3o sendo abordados durante o curso.<br><br>A qualifica\u00e7\u00e3o \u00e9 programada pelo Governo de Minas Gerais e faz parte das metas da Secretaria de Estado de Sa\u00fade. A equipe da Superintend\u00eancia Regional de Uberaba \u00e9 a respons\u00e1vel pelo curso que possui tr\u00eas m\u00f3dulos, sendo os dois \u00faltimos planejados para serem ministrados em 2023.<br><br>De acordo com o bi\u00f3logo da Vigil\u00e2ncia Ambiental de Arax\u00e1, Fabr\u00edcio de \u00c1vila, o encontro tinha uma enorme necessidade de ser realizado, pois os agentes de combate \u00e0s endemias acabam sendo salva-vidas no combate \u00e0s doen\u00e7as transmitidas \u201cAs arboviroses como a dengue e tantas outras podem acarretar \u00f3bitos. Portanto, esse trabalho di\u00e1rio e cont\u00ednuo de preven\u00e7\u00e3o \u00e9 muito importante. O resultado tem que vir atrav\u00e9s da diminui\u00e7\u00e3o de casos em meio \u00e0 popula\u00e7\u00e3o\u201d, diz.<br><br>O engenheiro sanitarista Paulo C\u00e9sar de Souza, que atua no controle de vetores em Minas Gerais h\u00e1 mais de 40 anos, comenta sobre o papel dos supervisores. \u201cA import\u00e2ncia dessa qualifica\u00e7\u00e3o \u00e9 renovar todo o conhecimento j\u00e1 adquirido pelos supervisores, pois estamos falando de um problema de Estado. Eles s\u00e3o o nosso bra\u00e7o direito e esquerdo no campo, pois s\u00e3o quem programam e articulam, junto aos agentes, as a\u00e7\u00f5es que devem ser realizadas no cotidiano.<br><br>Durante a abertura da capacita\u00e7\u00e3o, a secret\u00e1ria municipal de Sa\u00fade, Cristiane Gon\u00e7alves Pereira, destacou a import\u00e2ncia da atualiza\u00e7\u00e3o constante das a\u00e7\u00f5es de combate \u00e0s arboviroses.<br><br>\u201cO intervalo entre os ciclos das arboviroses \u00e9 um tempo precioso para planejamento estrat\u00e9gico e tamb\u00e9m para a capacita\u00e7\u00e3o e reciclagem das equipes. Esta capacita\u00e7\u00e3o \u00e9 imprescind\u00edvel para que estejamos prontos para o enfrentamento dos pr\u00f3ximos ciclos das doen\u00e7as. Contar com t\u00e9cnicos experientes e com vasto conhecimento traz enorme seguran\u00e7a para executar a\u00e7\u00f5es eficientemente planejadas\u201d, conclui<\/p>\n","protected":false},"excerpt":{"rendered":"<p>A Vigil\u00e2ncia Ambiental da Secretaria Municipal de Sa\u00fade participa da Qualifica\u00e7\u00e3o de Supervisores de Atividades de Controle de Arboviroses entre<\/p>\n","protected":false},"author":2,"featured_media":3392,"comment_status":"open","ping_status":"open","sticky":false,"template":"","format":"standard","meta":{"footnotes":""},"categories":[9,29],"tags":[],"class_list":["post-3394","post","type-post","status-publish","format-standard","has-post-thumbnail","hentry","category-araxa","category-saude"],"_links":{"self":[{"href":"http:\/\/blogdoarmindomaia.com.br\/index.php?rest_route=\/wp\/v2\/posts\/3394","targetHints":{"allow":["GET"]}}],"collection":[{"href":"http:\/\/blogdoarmindomaia.com.br\/index.php?rest_route=\/wp\/v2\/posts"}],"about":[{"href":"http:\/\/blogdoarmindomaia.com.br\/index.php?rest_route=\/wp\/v2\/types\/post"}],"author":[{"embeddable":true,"href":"http:\/\/blogdoarmindomaia.com.br\/index.php?rest_route=\/wp\/v2\/users\/2"}],"replies":[{"embeddable":true,"href":"http:\/\/blogdoarmindomaia.com.br\/index.php?rest_route=%2Fwp%2Fv2%2Fcomments&post=3394"}],"version-history":[{"count":1,"href":"http:\/\/blogdoarmindomaia.com.br\/index.php?rest_route=\/wp\/v2\/posts\/3394\/revisions"}],"predecessor-version":[{"id":3396,"href":"http:\/\/blogdoarmindomaia.com.br\/index.php?rest_route=\/wp\/v2\/posts\/3394\/revisions\/3396"}],"wp:featuredmedia":[{"embeddable":true,"href":"http:\/\/blogdoarmindomaia.com.br\/index.php?rest_route=\/wp\/v2\/media\/3392"}],"wp:attachment":[{"href":"http:\/\/blogdoarmindomaia.com.br\/index.php?rest_route=%2Fwp%2Fv2%2Fmedia&parent=3394"}],"wp:term":[{"taxonomy":"category","embeddable":true,"href":"http:\/\/blogdoarmindomaia.com.br\/index.php?rest_route=%2Fwp%2Fv2%2Fcategories&post=3394"},{"taxonomy":"post_tag","embeddable":true,"href":"http:\/\/blogdoarmindomaia.com.br\/index.php?rest_route=%2Fwp%2Fv2%2Ftags&post=3394"}],"curies":[{"name":"wp","href":"https:\/\/api.w.org\/{rel}","templated":true}]}}