{"id":3397,"date":"2022-11-11T14:15:30","date_gmt":"2022-11-11T17:15:30","guid":{"rendered":"http:\/\/blogdoarmindomaia.com.br\/?p=3397"},"modified":"2022-11-11T14:15:32","modified_gmt":"2022-11-11T17:15:32","slug":"prefeitura-de-araxa-e-estado-avancam-nas-tratativas-para-construcao-do-hospital-municipal","status":"publish","type":"post","link":"http:\/\/blogdoarmindomaia.com.br\/?p=3397","title":{"rendered":"Prefeitura de Arax\u00e1 e Estado avan\u00e7am nas tratativas para constru\u00e7\u00e3o do Hospital Municipal"},"content":{"rendered":"\n<p><\/p>\n\n\n\n<figure class=\"wp-block-image size-large is-style-default\"><img loading=\"lazy\" decoding=\"async\" width=\"1024\" height=\"576\" src=\"http:\/\/blogdoarmindomaia.com.br\/wp-content\/uploads\/2022\/11\/Prefeitura-de-Araxa-e-Estado-avancam-nas-tratativas-para-pag-07-1024x576.jpeg\" alt=\"\" class=\"wp-image-3398\" srcset=\"http:\/\/blogdoarmindomaia.com.br\/wp-content\/uploads\/2022\/11\/Prefeitura-de-Araxa-e-Estado-avancam-nas-tratativas-para-pag-07-1024x576.jpeg 1024w, http:\/\/blogdoarmindomaia.com.br\/wp-content\/uploads\/2022\/11\/Prefeitura-de-Araxa-e-Estado-avancam-nas-tratativas-para-pag-07-300x169.jpeg 300w, http:\/\/blogdoarmindomaia.com.br\/wp-content\/uploads\/2022\/11\/Prefeitura-de-Araxa-e-Estado-avancam-nas-tratativas-para-pag-07-768x432.jpeg 768w, http:\/\/blogdoarmindomaia.com.br\/wp-content\/uploads\/2022\/11\/Prefeitura-de-Araxa-e-Estado-avancam-nas-tratativas-para-pag-07-1536x864.jpeg 1536w, http:\/\/blogdoarmindomaia.com.br\/wp-content\/uploads\/2022\/11\/Prefeitura-de-Araxa-e-Estado-avancam-nas-tratativas-para-pag-07.jpeg 1600w\" sizes=\"auto, (max-width: 1024px) 100vw, 1024px\" \/><\/figure>\n\n\n\n<p>A Prefeitura de Arax\u00e1, por meio do Prefeito Robson Magela, retornou ao Governo de Minas na \u00faltima quinta-feira (03) para discutir o apoio do Estado na constru\u00e7\u00e3o do Hospital Municipal na cidade. O encontro com o secret\u00e1rio-geral do governo e vice-governador eleito de Minas Gerais, Mateus Sim\u00f5es de Almeida, tamb\u00e9m tratou da an\u00e1lise do cadastro feito pelo Munic\u00edpio para viabilizar a implanta\u00e7\u00e3o da Unidade de Terapia Intensiva (UTI) Neonatal.<br><br>A reuni\u00e3o, que aconteceu na sede da Cidade Administrativa Tancredo Neves, em Belo Horizonte, tamb\u00e9m contou com a participa\u00e7\u00e3o do deputado estadual Bosco e o presidente da C\u00e2mara Municipal de Arax\u00e1, Raphael Rios, que refor\u00e7ou a solicita\u00e7\u00e3o para implanta\u00e7\u00e3o do Servi\u00e7o de Atendimento M\u00f3vel de Urg\u00eancia (SAMU) em Arax\u00e1. O vereador j\u00e1 havia apresentado essa demanda da cidade em encontro com o governador Romeu Zema.<br><br>De acordo com o vice-governador eleito, o Estado vai analisar o projeto de constru\u00e7\u00e3o do Hospital Municipal para definir o suporte financeiro que poder\u00e1 ser investido na proposta e acompanhar o processo de cadastro para custeio de leitos de UTI Neonatal na Santa Casa. Em junho deste ano, a secret\u00e1ria municipal de Sa\u00fade, Cristiane Gon\u00e7alves, j\u00e1 havia debatido a necessidade de implanta\u00e7\u00e3o de uma unidade hospitalar para atendimentos de m\u00e9dia e alta complexidade (servi\u00e7os de sa\u00fade que atualmente s\u00e3o realizados em outros munic\u00edpios) com o secret\u00e1rio de Estado de Sa\u00fade, F\u00e1bio Baccheretti.<br><br>Segundo o prefeito Robson Magela, a parceria entre o Munic\u00edpio e o Estado se fortalece a cada encontro. \u201cEssa uni\u00e3o \u00e9 um enorme avan\u00e7o para sa\u00fade p\u00fablica de Arax\u00e1 e para todo o seu desenvolvimento. Estamos trabalhando incansavelmente para que a cidade seja refer\u00eancia na regi\u00e3o e para que a popula\u00e7\u00e3o tenha a sa\u00fade que tanto merece. N\u00e3o podemos admitir enquanto gestor p\u00fablico que a popula\u00e7\u00e3o araxaense busque servi\u00e7os de sa\u00fade de m\u00e9dia e alta complexidade em outras cidades. Temos que trabalhar para que toda essa estrutura seja oferecida em Arax\u00e1\u201d, ressalta.<br><br>De acordo com o deputado estadual, Bosco, a reuni\u00e3o foi extremamente positiva. \u201cQueremos que a UTI Neonatal, o Hospital Municipal e o SAMU se tornem realidade para Arax\u00e1 e estamos trabalhando em conjunto. O vice-governador eleito, Mateus Sim\u00f5es, se prontificou a colaborar com todos os detalhes necess\u00e1rios para a implanta\u00e7\u00e3o desses projetos devida import\u00e2ncia da cidade para a regi\u00e3o. \u201d<br><br><br>O presidente da C\u00e2mara Municipal, Raphael Rios, conta que o encontro \u00e9 mais uma avan\u00e7o nas negocia\u00e7\u00f5es para a implanta\u00e7\u00e3o desses importantes projetos para a sa\u00fade p\u00fablica de Arax\u00e1. \u201cAs solicita\u00e7\u00f5es para implementa\u00e7\u00e3o do SAMU no munic\u00edpio, por exemplo, j\u00e1 tinham sido realizadas diretamente com o governador Romeu Zema no in\u00edcio de 2021. Tivemos uma resposta positiva sobre a previs\u00e3o para Arax\u00e1 e demos andamento em todas as tratativas. Agora, vejo esse ganho para a nossa sa\u00fade cada vez mais perto\u201d, destaca Raphael.<br><\/p>\n","protected":false},"excerpt":{"rendered":"<p>A Prefeitura de Arax\u00e1, por meio do Prefeito Robson Magela, retornou ao Governo de Minas na \u00faltima quinta-feira (03) para<\/p>\n","protected":false},"author":2,"featured_media":3398,"comment_status":"open","ping_status":"open","sticky":false,"template":"","format":"standard","meta":{"footnotes":""},"categories":[9,11],"tags":[],"class_list":["post-3397","post","type-post","status-publish","format-standard","has-post-thumbnail","hentry","category-araxa","category-destaques"],"_links":{"self":[{"href":"http:\/\/blogdoarmindomaia.com.br\/index.php?rest_route=\/wp\/v2\/posts\/3397","targetHints":{"allow":["GET"]}}],"collection":[{"href":"http:\/\/blogdoarmindomaia.com.br\/index.php?rest_route=\/wp\/v2\/posts"}],"about":[{"href":"http:\/\/blogdoarmindomaia.com.br\/index.php?rest_route=\/wp\/v2\/types\/post"}],"author":[{"embeddable":true,"href":"http:\/\/blogdoarmindomaia.com.br\/index.php?rest_route=\/wp\/v2\/users\/2"}],"replies":[{"embeddable":true,"href":"http:\/\/blogdoarmindomaia.com.br\/index.php?rest_route=%2Fwp%2Fv2%2Fcomments&post=3397"}],"version-history":[{"count":1,"href":"http:\/\/blogdoarmindomaia.com.br\/index.php?rest_route=\/wp\/v2\/posts\/3397\/revisions"}],"predecessor-version":[{"id":3399,"href":"http:\/\/blogdoarmindomaia.com.br\/index.php?rest_route=\/wp\/v2\/posts\/3397\/revisions\/3399"}],"wp:featuredmedia":[{"embeddable":true,"href":"http:\/\/blogdoarmindomaia.com.br\/index.php?rest_route=\/wp\/v2\/media\/3398"}],"wp:attachment":[{"href":"http:\/\/blogdoarmindomaia.com.br\/index.php?rest_route=%2Fwp%2Fv2%2Fmedia&parent=3397"}],"wp:term":[{"taxonomy":"category","embeddable":true,"href":"http:\/\/blogdoarmindomaia.com.br\/index.php?rest_route=%2Fwp%2Fv2%2Fcategories&post=3397"},{"taxonomy":"post_tag","embeddable":true,"href":"http:\/\/blogdoarmindomaia.com.br\/index.php?rest_route=%2Fwp%2Fv2%2Ftags&post=3397"}],"curies":[{"name":"wp","href":"https:\/\/api.w.org\/{rel}","templated":true}]}}