{"id":3404,"date":"2022-11-11T14:22:29","date_gmt":"2022-11-11T17:22:29","guid":{"rendered":"http:\/\/blogdoarmindomaia.com.br\/?p=3404"},"modified":"2022-11-11T14:22:35","modified_gmt":"2022-11-11T17:22:35","slug":"enem-2022-professores-do-csd-dao-dicas-de-conteudos-estrategicos-para-a-revisao","status":"publish","type":"post","link":"http:\/\/blogdoarmindomaia.com.br\/?p=3404","title":{"rendered":"<strong>Enem 2022: professores do CSD d\u00e3o dicas de conte\u00fados estrat\u00e9gicos para a revis\u00e3o<\/strong>"},"content":{"rendered":"\n<figure class=\"wp-block-image size-large is-style-default\"><img loading=\"lazy\" decoding=\"async\" width=\"1024\" height=\"575\" src=\"http:\/\/blogdoarmindomaia.com.br\/wp-content\/uploads\/2022\/11\/Flavia-Guerra-1-1024x575.jpg\" alt=\"\" class=\"wp-image-3405\" srcset=\"http:\/\/blogdoarmindomaia.com.br\/wp-content\/uploads\/2022\/11\/Flavia-Guerra-1-1024x575.jpg 1024w, http:\/\/blogdoarmindomaia.com.br\/wp-content\/uploads\/2022\/11\/Flavia-Guerra-1-300x169.jpg 300w, http:\/\/blogdoarmindomaia.com.br\/wp-content\/uploads\/2022\/11\/Flavia-Guerra-1-768x431.jpg 768w, http:\/\/blogdoarmindomaia.com.br\/wp-content\/uploads\/2022\/11\/Flavia-Guerra-1.jpg 1200w\" sizes=\"auto, (max-width: 1024px) 100vw, 1024px\" \/><\/figure>\n\n\n\n<p>O Exame Nacional do Ensino M\u00e9dio (Enem) 2022 ser\u00e1 aplicado nos pr\u00f3ximos finais de semana (dias 13 e 20 de novembro) para cerca de 3,4 milh\u00f5es de estudantes em todo o pa\u00eds. No primeiro dia, os participantes far\u00e3o as provas de Linguagens, Ci\u00eancias Humanas e Reda\u00e7\u00e3o. No segundo, Ci\u00eancias da Natureza e suas Tecnologias e Matem\u00e1tica e suas Tecnologias.<\/p>\n\n\n\n<p>Na reta final de prepara\u00e7\u00e3o, a dica \u00e9 que os estudantes revisem conte\u00fados, mas que tamb\u00e9m n\u00e3o esque\u00e7am de cuidar da sa\u00fade mental, relaxando e praticando exerc\u00edcios f\u00edsicos. \u201cVoc\u00eas aprenderam muito durante essa jornada e, depois de tanto sacrif\u00edcio, chegou a hora de aguardar os resultados. Quem tem objetivos e sonhos tem for\u00e7a para conquist\u00e1-los\u201d, ressalta Renato Fonseca Barcellos, Coordenador Pedag\u00f3gico do Ensino M\u00e9dio do CSD e Professor de Biologia.<\/p>\n\n\n\n<p>O Col\u00e9gio S\u00e3o Domingos tem tradi\u00e7\u00e3o de aprova\u00e7\u00e3o no Enem e em Vestibulares, por isso, separamos algumas dicas de professores da escola que incluem o que revisar e conte\u00fados estrat\u00e9gicos para a prova deste ano.<\/p>\n\n\n\n<p><strong><em>Ellen Gomes Madureira Ferreira \u2013 professora de F\u00edsica<\/em><\/strong><\/p>\n\n\n\n<p>\u201cO momento agora \u00e9 de fazer uma revis\u00e3o final, superficial. Acho muito perigoso ficar focado em buscar tudo o que ficou para tr\u00e1s de falha porque isso vai trazer mais ansiedade. A quest\u00e3o agora \u00e9 relaxar, buscar um equil\u00edbrio emocional e buscar ler coisas mais atuais, revisando algumas f\u00f3rmulas e alguns conceitos na parte de exatas.\u201d<\/p>\n\n\n\n<p><strong><em>Aline Tatiane Evangelista \u2013 professora de Matem\u00e1tica<\/em><\/strong><\/p>\n\n\n\n<p>\u201cEm rela\u00e7\u00e3o \u00e0 matem\u00e1tica os conte\u00fados mais cobrados s\u00e3o a estat\u00edstica, com sua an\u00e1lise de interpreta\u00e7\u00e3o de gr\u00e1ficos, a teoria das fun\u00e7\u00f5es, f\u00f3rmula de Bhaskara, an\u00e1lise combinat\u00f3ria e probabilidade e a geometria com seus c\u00e1lculos de \u00e1reas e volumes. Esses s\u00e3o conte\u00fados fundamentais.\u201d<\/p>\n\n\n\n<p><strong><em>Fl\u00e1via Guerra Rocha Campos \u2013 professora de Reda\u00e7\u00e3o<\/em><\/strong><\/p>\n\n\n\n<p>\u201cA prova de reda\u00e7\u00e3o do Enem \u00e9 a \u00fanica quest\u00e3o discursiva e, por isso, muito importante. Nesta reta final \u00e9 importante que voc\u00ea revise o conte\u00fado a partir da cartilha do participante Enem 2022. Nela voc\u00eas encontrar\u00e3o n\u00e3o apenas as cinco compet\u00eancias utilizadas para avali\u00e1-los, como tamb\u00e9m reda\u00e7\u00f5es da \u00faltima edi\u00e7\u00e3o com nota m\u00e1xima. Procure, no momento da prova, apresentar no seu texto o tema problematizado, argumentos com repert\u00f3rios e a proposta de interven\u00e7\u00e3o.\u201d<\/p>\n\n\n\n<p><strong><em>Marco Ant\u00f4nio Cardoso Maneira \u2013 professor Hist\u00f3ria<\/em><\/strong><\/p>\n\n\n\n<p>\u201cLeia as quest\u00f5es com aten\u00e7\u00e3o. Preste aten\u00e7\u00e3o nas figuras. Geralmente 70% do conte\u00fado cobrado \u00e9 hist\u00f3ria do Brasil. Descanse no dia anterior, v\u00e1 tranquilo e com confian\u00e7a.\u201d<\/p>\n\n\n\n<p><strong><em>Vin\u00edcius Henrique Vivas \u2013 professor de Qu\u00edmica<\/em><\/strong><\/p>\n\n\n\n<p>\u201cEm Qu\u00edmica os conte\u00fados mais frequentes s\u00e3o qu\u00edmica org\u00e2nica, eletroqu\u00edmica e termoqu\u00edmica. Para este ano em qu\u00edmica org\u00e2nica preste aten\u00e7\u00e3o em fun\u00e7\u00f5es e rea\u00e7\u00f5es org\u00e2nicas; em eletroqu\u00edmica, pilhas e rea\u00e7\u00f5es de oxirredu\u00e7\u00e3o e, em termoqu\u00edmica, em equa\u00e7\u00f5es e lei de Hess. Tamb\u00e9m fa\u00e7a uma revis\u00e3o de conte\u00fados relacionados \u00e0 radioatividade e a qu\u00edmica ambiental.\u201d<\/p>\n\n\n\n<p><strong>O que levar no dia da prova:<\/strong><\/p>\n\n\n\n<p>&#8211; Para a identifica\u00e7\u00e3o, os participantes devem apresentar documento original, com foto;<\/p>\n\n\n\n<p>&#8211; Caneta esferogr\u00e1fica de tinta preta, fabricada em material transparente;<\/p>\n\n\n\n<p>&#8211; Lanche e \u00e1gua;<\/p>\n\n\n\n<p>&#8211; \u00c9 recomendado ainda que o candidato leve impresso o Cart\u00e3o de Confirma\u00e7\u00e3o da Inscri\u00e7\u00e3o. Nele est\u00e1, entre outras informa\u00e7\u00f5es, o local de prova.<\/p>\n\n\n\n<p>Nos dias do Enem, onde acontecer\u00e3o as provas, os port\u00f5es ser\u00e3o abertos \u00e0s 12h e fechados, impreterivelmente, \u00e0s 13h. Portanto, planeje o tempo de acordo com o seu percurso para evitar atrasos.<\/p>\n\n\n\n<p><strong>Sobre o Col\u00e9gio S\u00e3o Domingos<\/strong><\/p>\n\n\n\n<p>O Col\u00e9gio S\u00e3o Domingos foi fundado em 1928, dois anos ap\u00f3s a chegada das primeiras Irm\u00e3s Dominicanas em Arax\u00e1. \u00c9 uma escola cat\u00f3lica, confessional, particular, situada na Pra\u00e7a S\u00e3o Domingos, 370, na regi\u00e3o central de Arax\u00e1. Sua mantenedora \u00e9 a ASSEIJ \u2013 Associa\u00e7\u00e3o Educadora da Inf\u00e2ncia e Juventude, com sede em S\u00e3o Paulo.<\/p>\n\n\n\n<p>Atualmente oferece a Educa\u00e7\u00e3o B\u00e1sica para alunos da Educa\u00e7\u00e3o Infantil ao Ensino M\u00e9dio. A escola possui um amplo espa\u00e7o f\u00edsico, \u00e1rea verde, salas amplas, centro cultural, laborat\u00f3rios, biblioteca e gin\u00e1sio poliesportivo. O pr\u00e9dio, em estilo neocl\u00e1ssico, possui tr\u00eas pavimentos e atende, confortavelmente, a todos os estudantes, oferecendo-lhes acessibilidade, seguran\u00e7a e condi\u00e7\u00f5es para o desenvolvimento das experi\u00eancias pedag\u00f3gicas, culturais e esportivas.<\/p>\n","protected":false},"excerpt":{"rendered":"<p>O Exame Nacional do Ensino M\u00e9dio (Enem) 2022 ser\u00e1 aplicado nos pr\u00f3ximos finais de semana (dias 13 e 20 de<\/p>\n","protected":false},"author":2,"featured_media":3405,"comment_status":"open","ping_status":"open","sticky":false,"template":"","format":"standard","meta":{"footnotes":""},"categories":[13],"tags":[],"class_list":["post-3404","post","type-post","status-publish","format-standard","has-post-thumbnail","hentry","category-educacao"],"_links":{"self":[{"href":"http:\/\/blogdoarmindomaia.com.br\/index.php?rest_route=\/wp\/v2\/posts\/3404","targetHints":{"allow":["GET"]}}],"collection":[{"href":"http:\/\/blogdoarmindomaia.com.br\/index.php?rest_route=\/wp\/v2\/posts"}],"about":[{"href":"http:\/\/blogdoarmindomaia.com.br\/index.php?rest_route=\/wp\/v2\/types\/post"}],"author":[{"embeddable":true,"href":"http:\/\/blogdoarmindomaia.com.br\/index.php?rest_route=\/wp\/v2\/users\/2"}],"replies":[{"embeddable":true,"href":"http:\/\/blogdoarmindomaia.com.br\/index.php?rest_route=%2Fwp%2Fv2%2Fcomments&post=3404"}],"version-history":[{"count":1,"href":"http:\/\/blogdoarmindomaia.com.br\/index.php?rest_route=\/wp\/v2\/posts\/3404\/revisions"}],"predecessor-version":[{"id":3406,"href":"http:\/\/blogdoarmindomaia.com.br\/index.php?rest_route=\/wp\/v2\/posts\/3404\/revisions\/3406"}],"wp:featuredmedia":[{"embeddable":true,"href":"http:\/\/blogdoarmindomaia.com.br\/index.php?rest_route=\/wp\/v2\/media\/3405"}],"wp:attachment":[{"href":"http:\/\/blogdoarmindomaia.com.br\/index.php?rest_route=%2Fwp%2Fv2%2Fmedia&parent=3404"}],"wp:term":[{"taxonomy":"category","embeddable":true,"href":"http:\/\/blogdoarmindomaia.com.br\/index.php?rest_route=%2Fwp%2Fv2%2Fcategories&post=3404"},{"taxonomy":"post_tag","embeddable":true,"href":"http:\/\/blogdoarmindomaia.com.br\/index.php?rest_route=%2Fwp%2Fv2%2Ftags&post=3404"}],"curies":[{"name":"wp","href":"https:\/\/api.w.org\/{rel}","templated":true}]}}