{"id":3407,"date":"2022-11-11T14:25:07","date_gmt":"2022-11-11T17:25:07","guid":{"rendered":"http:\/\/blogdoarmindomaia.com.br\/?p=3407"},"modified":"2022-11-11T14:25:09","modified_gmt":"2022-11-11T17:25:09","slug":"prefeitura-de-araxa-confirma-apoio-para-blocos-de-rua-no-carnaval-de-2023","status":"publish","type":"post","link":"http:\/\/blogdoarmindomaia.com.br\/?p=3407","title":{"rendered":"Prefeitura de Arax\u00e1 confirma apoio para Blocos de Rua no Carnaval de 2023"},"content":{"rendered":"\n<figure class=\"wp-block-image size-full is-style-default\"><img loading=\"lazy\" decoding=\"async\" width=\"1024\" height=\"683\" src=\"http:\/\/blogdoarmindomaia.com.br\/wp-content\/uploads\/2022\/11\/Apoio-para-Blocos-de-Rua-no-Carnaval-11.jpeg\" alt=\"\" class=\"wp-image-3408\" srcset=\"http:\/\/blogdoarmindomaia.com.br\/wp-content\/uploads\/2022\/11\/Apoio-para-Blocos-de-Rua-no-Carnaval-11.jpeg 1024w, http:\/\/blogdoarmindomaia.com.br\/wp-content\/uploads\/2022\/11\/Apoio-para-Blocos-de-Rua-no-Carnaval-11-300x200.jpeg 300w, http:\/\/blogdoarmindomaia.com.br\/wp-content\/uploads\/2022\/11\/Apoio-para-Blocos-de-Rua-no-Carnaval-11-768x512.jpeg 768w\" sizes=\"auto, (max-width: 1024px) 100vw, 1024px\" \/><\/figure>\n\n\n\n<p>A Prefeitura de Arax\u00e1 recebeu representantes de blocos de rua na quinta-feira (10) para tratar sobre a programa\u00e7\u00e3o do Carnaval de 2023. Na oportunidade, o prefeito Robson Magela confirmou o apoio da Administra\u00e7\u00e3o Municipal para a festividade.<br><br>A reuni\u00e3o foi solicitada pelo vereador Evaldo do Ferrocarril e tamb\u00e9m contou com a participa\u00e7\u00e3o do secret\u00e1rio municipal de Desenvolvimento Econ\u00f4mico, Inova\u00e7\u00e3o e Turismo, Juliano Cesar da Silva.<br><br>Na oportunidade, o prefeito Robson Magela refor\u00e7ou a import\u00e2ncia do apoio a projetos e a\u00e7\u00f5es culturais. \u201cFico imensamente feliz ao ver que os araxaenses se empenham para que essas atividades n\u00e3o deixem de acontecer. Os representantes de cada bloco puderam esclarecer sobre a import\u00e2ncia do Carnaval para a cidade e eles devem apresentar \u00e0 Administra\u00e7\u00e3o Municipal um plano de trabalho para que possa ser avaliada a quest\u00e3o or\u00e7ament\u00e1ria e, consequentemente, o apoio da gest\u00e3o\u201d, disse o prefeito.<br><br>O vereador Evaldo do Ferrocarril reiterou sobre a tradi\u00e7\u00e3o do Carnaval de Rua em Arax\u00e1 e sua import\u00e2ncia \u00e0 popula\u00e7\u00e3o. \u201c\u00c9 importante demais a Prefeitura Municipal apoiar a realiza\u00e7\u00e3o do Carnaval de rua atrav\u00e9s dos blocos. Com certeza \u00e9 um ganho enorme para os araxaenses\u201d, relatou.<br><br>De acordo com Sidney Manoel, representante do bloco Cultura Popular, o encontro foi bastante proveitoso. \u201cViemos solicitar um apoio para a realiza\u00e7\u00e3o do Carnaval em Arax\u00e1 e sa\u00edmos da reuni\u00e3o com a certeza de que vamos proporcionar alegria novamente \u00e0 popula\u00e7\u00e3o. Sabemos que n\u00e3o \u00e9 f\u00e1cil, mas podemos contar com a gest\u00e3o e o Carnaval 2023 vai acontecer. O nosso sentimento \u00e9 positivo e de gratid\u00e3o ao Executivo e Legislativo que nos recepcionaram t\u00e3o bem\u201d, concluiu.<br><\/p>\n","protected":false},"excerpt":{"rendered":"<p>A Prefeitura de Arax\u00e1 recebeu representantes de blocos de rua na quinta-feira (10) para tratar sobre a programa\u00e7\u00e3o do Carnaval<\/p>\n","protected":false},"author":2,"featured_media":3408,"comment_status":"open","ping_status":"open","sticky":false,"template":"","format":"standard","meta":{"footnotes":""},"categories":[9,5,11],"tags":[],"class_list":["post-3407","post","type-post","status-publish","format-standard","has-post-thumbnail","hentry","category-araxa","category-arte-e-cultura","category-destaques"],"_links":{"self":[{"href":"http:\/\/blogdoarmindomaia.com.br\/index.php?rest_route=\/wp\/v2\/posts\/3407","targetHints":{"allow":["GET"]}}],"collection":[{"href":"http:\/\/blogdoarmindomaia.com.br\/index.php?rest_route=\/wp\/v2\/posts"}],"about":[{"href":"http:\/\/blogdoarmindomaia.com.br\/index.php?rest_route=\/wp\/v2\/types\/post"}],"author":[{"embeddable":true,"href":"http:\/\/blogdoarmindomaia.com.br\/index.php?rest_route=\/wp\/v2\/users\/2"}],"replies":[{"embeddable":true,"href":"http:\/\/blogdoarmindomaia.com.br\/index.php?rest_route=%2Fwp%2Fv2%2Fcomments&post=3407"}],"version-history":[{"count":1,"href":"http:\/\/blogdoarmindomaia.com.br\/index.php?rest_route=\/wp\/v2\/posts\/3407\/revisions"}],"predecessor-version":[{"id":3409,"href":"http:\/\/blogdoarmindomaia.com.br\/index.php?rest_route=\/wp\/v2\/posts\/3407\/revisions\/3409"}],"wp:featuredmedia":[{"embeddable":true,"href":"http:\/\/blogdoarmindomaia.com.br\/index.php?rest_route=\/wp\/v2\/media\/3408"}],"wp:attachment":[{"href":"http:\/\/blogdoarmindomaia.com.br\/index.php?rest_route=%2Fwp%2Fv2%2Fmedia&parent=3407"}],"wp:term":[{"taxonomy":"category","embeddable":true,"href":"http:\/\/blogdoarmindomaia.com.br\/index.php?rest_route=%2Fwp%2Fv2%2Fcategories&post=3407"},{"taxonomy":"post_tag","embeddable":true,"href":"http:\/\/blogdoarmindomaia.com.br\/index.php?rest_route=%2Fwp%2Fv2%2Ftags&post=3407"}],"curies":[{"name":"wp","href":"https:\/\/api.w.org\/{rel}","templated":true}]}}