{"id":343,"date":"2022-04-15T17:11:15","date_gmt":"2022-04-15T20:11:15","guid":{"rendered":"http:\/\/blogdoarmindomaia.com.br\/?p=343"},"modified":"2022-04-16T03:28:06","modified_gmt":"2022-04-16T06:28:06","slug":"araxa-vai-sediar-audiencia-publica-sobre-situacao-da-br-262-e-zema-devera-estar-presente","status":"publish","type":"post","link":"http:\/\/blogdoarmindomaia.com.br\/?p=343","title":{"rendered":"Arax\u00e1 vai sediar audi\u00eancia p\u00fablica sobre situa\u00e7\u00e3o da BR 262 e Zema dever\u00e1 estar presente:"},"content":{"rendered":"\n<figure class=\"wp-block-image size-full is-style-default\"><img loading=\"lazy\" decoding=\"async\" width=\"768\" height=\"512\" src=\"http:\/\/blogdoarmindomaia.com.br\/wp-content\/uploads\/2022\/04\/16180687556071c5133ec47_1618068755_3x2_md.jpg\" alt=\"\" class=\"wp-image-345\" srcset=\"http:\/\/blogdoarmindomaia.com.br\/wp-content\/uploads\/2022\/04\/16180687556071c5133ec47_1618068755_3x2_md.jpg 768w, http:\/\/blogdoarmindomaia.com.br\/wp-content\/uploads\/2022\/04\/16180687556071c5133ec47_1618068755_3x2_md-300x200.jpg 300w\" sizes=\"auto, (max-width: 768px) 100vw, 768px\" \/><\/figure>\n\n\n\n<figure class=\"wp-block-image size-large is-style-default\"><img loading=\"lazy\" decoding=\"async\" width=\"1014\" height=\"1024\" src=\"http:\/\/blogdoarmindomaia.com.br\/wp-content\/uploads\/2022\/04\/CONVITE-AUDIENCIA-PUBLICA-1014x1024.jpg\" alt=\"\" class=\"wp-image-344\" srcset=\"http:\/\/blogdoarmindomaia.com.br\/wp-content\/uploads\/2022\/04\/CONVITE-AUDIENCIA-PUBLICA-1014x1024.jpg 1014w, http:\/\/blogdoarmindomaia.com.br\/wp-content\/uploads\/2022\/04\/CONVITE-AUDIENCIA-PUBLICA-297x300.jpg 297w, http:\/\/blogdoarmindomaia.com.br\/wp-content\/uploads\/2022\/04\/CONVITE-AUDIENCIA-PUBLICA-150x150.jpg 150w, http:\/\/blogdoarmindomaia.com.br\/wp-content\/uploads\/2022\/04\/CONVITE-AUDIENCIA-PUBLICA-768x775.jpg 768w, http:\/\/blogdoarmindomaia.com.br\/wp-content\/uploads\/2022\/04\/CONVITE-AUDIENCIA-PUBLICA.jpg 1268w\" sizes=\"auto, (max-width: 1014px) 100vw, 1014px\" \/><\/figure>\n\n\n\n<p>Na pr\u00f3xima quarta-feira, dia 20 de abril, ser\u00e1 realizada a partir das 14 horas no Teatro Municipal de Arax\u00e1 uma Audi\u00eancia P\u00fablica que ir\u00e1 debater a situa\u00e7\u00e3o complicada da BR 262. E quem dever\u00e1 estar presente no importante encontro, ser\u00e1 o Governador de Minas Gerais, Romeu Zema.<\/p>\n","protected":false},"excerpt":{"rendered":"<p>Na pr\u00f3xima quarta-feira, dia 20 de abril, ser\u00e1 realizada a partir das 14 horas no Teatro Municipal de Arax\u00e1 uma<\/p>\n","protected":false},"author":2,"featured_media":345,"comment_status":"open","ping_status":"open","sticky":false,"template":"","format":"standard","meta":{"footnotes":""},"categories":[11],"tags":[],"class_list":["post-343","post","type-post","status-publish","format-standard","has-post-thumbnail","hentry","category-destaques"],"_links":{"self":[{"href":"http:\/\/blogdoarmindomaia.com.br\/index.php?rest_route=\/wp\/v2\/posts\/343","targetHints":{"allow":["GET"]}}],"collection":[{"href":"http:\/\/blogdoarmindomaia.com.br\/index.php?rest_route=\/wp\/v2\/posts"}],"about":[{"href":"http:\/\/blogdoarmindomaia.com.br\/index.php?rest_route=\/wp\/v2\/types\/post"}],"author":[{"embeddable":true,"href":"http:\/\/blogdoarmindomaia.com.br\/index.php?rest_route=\/wp\/v2\/users\/2"}],"replies":[{"embeddable":true,"href":"http:\/\/blogdoarmindomaia.com.br\/index.php?rest_route=%2Fwp%2Fv2%2Fcomments&post=343"}],"version-history":[{"count":1,"href":"http:\/\/blogdoarmindomaia.com.br\/index.php?rest_route=\/wp\/v2\/posts\/343\/revisions"}],"predecessor-version":[{"id":346,"href":"http:\/\/blogdoarmindomaia.com.br\/index.php?rest_route=\/wp\/v2\/posts\/343\/revisions\/346"}],"wp:featuredmedia":[{"embeddable":true,"href":"http:\/\/blogdoarmindomaia.com.br\/index.php?rest_route=\/wp\/v2\/media\/345"}],"wp:attachment":[{"href":"http:\/\/blogdoarmindomaia.com.br\/index.php?rest_route=%2Fwp%2Fv2%2Fmedia&parent=343"}],"wp:term":[{"taxonomy":"category","embeddable":true,"href":"http:\/\/blogdoarmindomaia.com.br\/index.php?rest_route=%2Fwp%2Fv2%2Fcategories&post=343"},{"taxonomy":"post_tag","embeddable":true,"href":"http:\/\/blogdoarmindomaia.com.br\/index.php?rest_route=%2Fwp%2Fv2%2Ftags&post=343"}],"curies":[{"name":"wp","href":"https:\/\/api.w.org\/{rel}","templated":true}]}}