{"id":3439,"date":"2022-11-21T14:33:58","date_gmt":"2022-11-21T17:33:58","guid":{"rendered":"http:\/\/blogdoarmindomaia.com.br\/?p=3439"},"modified":"2022-11-21T14:34:00","modified_gmt":"2022-11-21T17:34:00","slug":"aeroporto-romeu-zema-e-reinaugurado-com-show-aereo-e-lancamento-de-rota-executiva","status":"publish","type":"post","link":"http:\/\/blogdoarmindomaia.com.br\/?p=3439","title":{"rendered":"Aeroporto Romeu Zema \u00e9 reinaugurado com show a\u00e9reo e lan\u00e7amento de rota executiva"},"content":{"rendered":"\n<figure class=\"wp-block-image size-full is-style-default\"><img loading=\"lazy\" decoding=\"async\" width=\"1024\" height=\"683\" src=\"http:\/\/blogdoarmindomaia.com.br\/wp-content\/uploads\/2022\/11\/Aeroporto-Romeu-Zema-e-reinaugurado-com-show-aereo-e-lancamento-de-rota-executiva-pag-12.jpeg\" alt=\"\" class=\"wp-image-3440\" srcset=\"http:\/\/blogdoarmindomaia.com.br\/wp-content\/uploads\/2022\/11\/Aeroporto-Romeu-Zema-e-reinaugurado-com-show-aereo-e-lancamento-de-rota-executiva-pag-12.jpeg 1024w, http:\/\/blogdoarmindomaia.com.br\/wp-content\/uploads\/2022\/11\/Aeroporto-Romeu-Zema-e-reinaugurado-com-show-aereo-e-lancamento-de-rota-executiva-pag-12-300x200.jpeg 300w, http:\/\/blogdoarmindomaia.com.br\/wp-content\/uploads\/2022\/11\/Aeroporto-Romeu-Zema-e-reinaugurado-com-show-aereo-e-lancamento-de-rota-executiva-pag-12-768x512.jpeg 768w\" sizes=\"auto, (max-width: 1024px) 100vw, 1024px\" \/><\/figure>\n\n\n\n<figure class=\"wp-block-image size-full is-style-default\"><img loading=\"lazy\" decoding=\"async\" width=\"1024\" height=\"683\" src=\"http:\/\/blogdoarmindomaia.com.br\/wp-content\/uploads\/2022\/11\/Aeroporto-Municipal-2.jpeg\" alt=\"\" class=\"wp-image-3441\" srcset=\"http:\/\/blogdoarmindomaia.com.br\/wp-content\/uploads\/2022\/11\/Aeroporto-Municipal-2.jpeg 1024w, http:\/\/blogdoarmindomaia.com.br\/wp-content\/uploads\/2022\/11\/Aeroporto-Municipal-2-300x200.jpeg 300w, http:\/\/blogdoarmindomaia.com.br\/wp-content\/uploads\/2022\/11\/Aeroporto-Municipal-2-768x512.jpeg 768w\" sizes=\"auto, (max-width: 1024px) 100vw, 1024px\" \/><\/figure>\n\n\n\n<figure class=\"wp-block-image size-full is-style-default\"><img loading=\"lazy\" decoding=\"async\" width=\"1024\" height=\"683\" src=\"http:\/\/blogdoarmindomaia.com.br\/wp-content\/uploads\/2022\/11\/Aeroporto-Municipal-20.jpeg\" alt=\"\" class=\"wp-image-3442\" srcset=\"http:\/\/blogdoarmindomaia.com.br\/wp-content\/uploads\/2022\/11\/Aeroporto-Municipal-20.jpeg 1024w, http:\/\/blogdoarmindomaia.com.br\/wp-content\/uploads\/2022\/11\/Aeroporto-Municipal-20-300x200.jpeg 300w, http:\/\/blogdoarmindomaia.com.br\/wp-content\/uploads\/2022\/11\/Aeroporto-Municipal-20-768x512.jpeg 768w\" sizes=\"auto, (max-width: 1024px) 100vw, 1024px\" \/><\/figure>\n\n\n\n<p><\/p>\n\n\n\n<p>A Prefeitura de Arax\u00e1 promoveu a solenidade de entrega da revitaliza\u00e7\u00e3o do Aeroporto Municipal Romeu Zema, no s\u00e1bado (19), com grande presen\u00e7a do p\u00fablico. O evento foi incrementado com a apresenta\u00e7\u00e3o da Esquadrilha Fox, que abrilhantou o c\u00e9u da cidade com v\u00e1rias acrobacias a\u00e9reas, e com o lan\u00e7amento de uma rota executiva Arax\u00e1 \/ S\u00e3o Paulo.<br><br>A reforma teve in\u00edcio em abril e o novo espa\u00e7o passou por readequa\u00e7\u00f5es de ambientes, reparos el\u00e9tricos e hidr\u00e1ulicos, substitui\u00e7\u00e3o de revestimentos, reforma de sanit\u00e1rios, pintura geral e troca do telhado. Ao todo, a Administra\u00e7\u00e3o Municipal investiu R$ 864.372,94.<br><br>Al\u00e9m disso, o secret\u00e1rio municipal de Seguran\u00e7a P\u00fablica, Daniel Rosa, ressalta que o Auto de Vistoria do Corpo de Bombeiros (AVCB) foi renovado, o pr\u00e9dio foi adaptado para receber pessoas com defici\u00eancia e tamb\u00e9m conta agora com Sistema de Prote\u00e7\u00e3o de Descarga Atmosf\u00e9rica. \u201cO nosso aeroporto est\u00e1 com todos os sistemas operacionais e de seguran\u00e7a atualizados, fazendo com que ele esteja entre os mais modernos do pa\u00eds\u201d, diz.<br><br>Atrav\u00e9s de uma parceria p\u00fablico-privada com as empresas CBMM e Bem Brasil, a pista foi revitalizada com recapeamento completo, sinaliza\u00e7\u00e3o horizontal na pista de pouso e decolagem, al\u00e9m do p\u00e1tio para estacionamento de aeronaves.<br><br>O administrador do aeroporto, Fabiano Cota, acrescenta que o aeroporto recebeu em 2021 a aprova\u00e7\u00e3o do Programa de Seguran\u00e7a Aeroportu\u00e1ria (PSA) para voltar a operar com aeronaves acima de 60 assentos. Atualmente, o local recebe avi\u00f5es executivos, aeronaves militares, UTIs a\u00e9reas e t\u00e1xis a\u00e9reos.<br><br>\u201cA pista de pouso e decolagem foi revitalizada para ser enquadrada na categoria Tr\u00eas Charlie, que permite opera\u00e7\u00e3o de aeronaves como Airbus 319, Boeing 737 e Embraer 195. A proposta \u00e9 deixar tudo pronto visando atrair a opera\u00e7\u00e3o de empresas de maior porte para linhas comerciais\u201d, afirma.<br><br>O secret\u00e1rio municipal de desenvolvimento Econ\u00f4mico, Inova\u00e7\u00e3o e Turismo, Juliano Cesar da Silva, adianta que o Munic\u00edpio j\u00e1 est\u00e1 em tratativas com companhias a\u00e9reas para o retorno de voos comerciais, interrompidos desde o in\u00edcio da pandemia.<br><br>\u201cO aeroporto \u00e9 a porta de entrada para o desenvolvimento econ\u00f4mico e tur\u00edstico da cidade. E o retorno da oferta de voos comerciais \u00e9 de fundamental import\u00e2ncia para conectar e aproximar Arax\u00e1 do turista\u201d, refor\u00e7a.<br><br>Al\u00e9m da reforma geral do pr\u00e9dio, a Secretaria Municipal de Seguran\u00e7a P\u00fablica, respons\u00e1vel pela gest\u00e3o do local, promoveu treinamentos b\u00e1sicos de seguran\u00e7a da avalia\u00e7\u00e3o civil, de inspe\u00e7\u00e3o de passageiros e bagagens. Tamb\u00e9m houve manuten\u00e7\u00e3o corretiva no detector de metal e m\u00e1quina de raio X de bagagem.<br><br>O evento, aberto ao p\u00fablico, contou com a presen\u00e7a da escritora e artista Lourdes Zema, que representou a fam\u00edlia no descerramento da placa de reinaugura\u00e7\u00e3o, al\u00e9m do prefeito Robson Magela, deputado estadual Bosco, secret\u00e1rios e representantes de autarquias municipais, presidente da C\u00e2mara Municipal, Raphael Rios e demais vereadores e representante da CBMM, Leonardo Rocha.<br><br>Para o prefeito Robson Magela, a reforma \u00e9 de fundamental import\u00e2ncia para a seguran\u00e7a operacional e o conforto dos passageiros, tendo em vista o turismo e neg\u00f3cios que s\u00e3o os principais p\u00fablicos a serem atendidos pelo aeroporto. &#8220;O Aeroporto de Arax\u00e1 contribui com o desenvolvimento econ\u00f4mico de toda a regi\u00e3o, conectando Arax\u00e1 a grandes centros de neg\u00f3cios, e vice-versa. Al\u00e9m disso, o turismo tamb\u00e9m dever\u00e1 ganhar um impulso com a reforma do espa\u00e7o, principalmente agora diante dos esfor\u00e7os da administra\u00e7\u00e3o para alavancar o setor&#8221;, conclui.<br><\/p>\n","protected":false},"excerpt":{"rendered":"<p>A Prefeitura de Arax\u00e1 promoveu a solenidade de entrega da revitaliza\u00e7\u00e3o do Aeroporto Municipal Romeu Zema, no s\u00e1bado (19), com<\/p>\n","protected":false},"author":2,"featured_media":3440,"comment_status":"open","ping_status":"open","sticky":false,"template":"","format":"standard","meta":{"footnotes":""},"categories":[9,11],"tags":[],"class_list":["post-3439","post","type-post","status-publish","format-standard","has-post-thumbnail","hentry","category-araxa","category-destaques"],"_links":{"self":[{"href":"http:\/\/blogdoarmindomaia.com.br\/index.php?rest_route=\/wp\/v2\/posts\/3439","targetHints":{"allow":["GET"]}}],"collection":[{"href":"http:\/\/blogdoarmindomaia.com.br\/index.php?rest_route=\/wp\/v2\/posts"}],"about":[{"href":"http:\/\/blogdoarmindomaia.com.br\/index.php?rest_route=\/wp\/v2\/types\/post"}],"author":[{"embeddable":true,"href":"http:\/\/blogdoarmindomaia.com.br\/index.php?rest_route=\/wp\/v2\/users\/2"}],"replies":[{"embeddable":true,"href":"http:\/\/blogdoarmindomaia.com.br\/index.php?rest_route=%2Fwp%2Fv2%2Fcomments&post=3439"}],"version-history":[{"count":1,"href":"http:\/\/blogdoarmindomaia.com.br\/index.php?rest_route=\/wp\/v2\/posts\/3439\/revisions"}],"predecessor-version":[{"id":3443,"href":"http:\/\/blogdoarmindomaia.com.br\/index.php?rest_route=\/wp\/v2\/posts\/3439\/revisions\/3443"}],"wp:featuredmedia":[{"embeddable":true,"href":"http:\/\/blogdoarmindomaia.com.br\/index.php?rest_route=\/wp\/v2\/media\/3440"}],"wp:attachment":[{"href":"http:\/\/blogdoarmindomaia.com.br\/index.php?rest_route=%2Fwp%2Fv2%2Fmedia&parent=3439"}],"wp:term":[{"taxonomy":"category","embeddable":true,"href":"http:\/\/blogdoarmindomaia.com.br\/index.php?rest_route=%2Fwp%2Fv2%2Fcategories&post=3439"},{"taxonomy":"post_tag","embeddable":true,"href":"http:\/\/blogdoarmindomaia.com.br\/index.php?rest_route=%2Fwp%2Fv2%2Ftags&post=3439"}],"curies":[{"name":"wp","href":"https:\/\/api.w.org\/{rel}","templated":true}]}}