{"id":3447,"date":"2022-11-21T14:45:44","date_gmt":"2022-11-21T17:45:44","guid":{"rendered":"http:\/\/blogdoarmindomaia.com.br\/?p=3447"},"modified":"2022-11-21T14:45:46","modified_gmt":"2022-11-21T17:45:46","slug":"iris-santiago-lanca-o-livro-memorias-de-iris","status":"publish","type":"post","link":"http:\/\/blogdoarmindomaia.com.br\/?p=3447","title":{"rendered":"Iris Santiago lan\u00e7a o livro, \u201cMem\u00f3rias de Iris\u201d"},"content":{"rendered":"\n<figure class=\"wp-block-image size-large is-style-default\"><img loading=\"lazy\" decoding=\"async\" width=\"576\" height=\"1024\" src=\"http:\/\/blogdoarmindomaia.com.br\/wp-content\/uploads\/2022\/11\/foto-iris-576x1024.jpg\" alt=\"\" class=\"wp-image-3448\" srcset=\"http:\/\/blogdoarmindomaia.com.br\/wp-content\/uploads\/2022\/11\/foto-iris-576x1024.jpg 576w, http:\/\/blogdoarmindomaia.com.br\/wp-content\/uploads\/2022\/11\/foto-iris-169x300.jpg 169w, http:\/\/blogdoarmindomaia.com.br\/wp-content\/uploads\/2022\/11\/foto-iris-768x1365.jpg 768w, http:\/\/blogdoarmindomaia.com.br\/wp-content\/uploads\/2022\/11\/foto-iris-864x1536.jpg 864w, http:\/\/blogdoarmindomaia.com.br\/wp-content\/uploads\/2022\/11\/foto-iris-1152x2048.jpg 1152w, http:\/\/blogdoarmindomaia.com.br\/wp-content\/uploads\/2022\/11\/foto-iris-scaled.jpg 1440w\" sizes=\"auto, (max-width: 576px) 100vw, 576px\" \/><\/figure>\n\n\n\n<figure class=\"wp-block-image size-large is-style-default\"><img loading=\"lazy\" decoding=\"async\" width=\"1024\" height=\"768\" src=\"http:\/\/blogdoarmindomaia.com.br\/wp-content\/uploads\/2022\/11\/foto-capa-memorias-de-iris-1024x768.jpeg\" alt=\"\" class=\"wp-image-3449\" srcset=\"http:\/\/blogdoarmindomaia.com.br\/wp-content\/uploads\/2022\/11\/foto-capa-memorias-de-iris-1024x768.jpeg 1024w, http:\/\/blogdoarmindomaia.com.br\/wp-content\/uploads\/2022\/11\/foto-capa-memorias-de-iris-300x225.jpeg 300w, http:\/\/blogdoarmindomaia.com.br\/wp-content\/uploads\/2022\/11\/foto-capa-memorias-de-iris-768x576.jpeg 768w, http:\/\/blogdoarmindomaia.com.br\/wp-content\/uploads\/2022\/11\/foto-capa-memorias-de-iris.jpeg 1280w\" sizes=\"auto, (max-width: 1024px) 100vw, 1024px\" \/><\/figure>\n\n\n\n<p>N\u00e3o h\u00e1 lugar melhor como a casa dos av\u00f3s, a viv\u00eancia e o conv\u00edvio com os av\u00f3s sempre ficam eternizados na mente e no cora\u00e7\u00e3o de toda crian\u00e7a. A fam\u00edlia \u00e9 importante na medida em que possibilita a cada membro constituir-se como sujeito aut\u00f4nomo. \u00c9 o lugar indispens\u00e1vel para a garantia da sobreviv\u00eancia e da prote\u00e7\u00e3o integral dos filhos e demais membros, independentemente do arranjo familiar ou da forma como v\u00eam se estruturando.<\/p>\n\n\n\n<p>Nesse livro voc\u00ea encontra os contos de uma menina da cidade grande sobre sua fam\u00edlia, e a casa dos seus av\u00f3s do interior do Cear\u00e1. Numa viv\u00eancia de um jeitinho s\u00f3 dela.<\/p>\n\n\n\n<p>Mem\u00f3rias de Iris, \u00e9 um livro digital, lan\u00e7ado pela editora Public Play e j\u00e1 est\u00e1 em mais de 50 livrarias e em mais de 20 pa\u00edses. Al\u00e9m de Kindle Unlimited e Kobo.<\/p>\n\n\n\n<p>A autora<\/p>\n\n\n\n<p>Andrea Iris para fam\u00edlia, ou simplesmente, Iris Santiago como \u00e9 mais conhecida.<br>Nasceu em 20\/06\/1975 no Rio de Janeiro, onde permaneceu at\u00e9 seus 9 anos de idade, mas pode-se dizer que \u00e9 puramente brasileira, por ter morado e conhecido v\u00e1rios lugares: Cear\u00e1, Piau\u00ed. Manaus, Bel\u00e9m, Pelotas, Esp\u00edrito Santo, Natal&#8230; Atualmente faz morada em Arax\u00e1\/MG. Administradora de empresa por forma\u00e7\u00e3o, bailarina de dan\u00e7a do ventre, locutora da r\u00e1dio cidade, analista corporal, m\u00e3e de 3, ainda \u00e9 criadora do canal Escritos&nbsp;Falado no YouTube, onde declama e interpreta poesias de v\u00e1rios autores e agora aventureira em contar suas hist\u00f3rias, onde deixa a sua voz interior se expressar.<\/p>\n\n\n\n<p>Adquira seu livro em:&nbsp;<a href=\"https:\/\/www.publicplay.com.br\/product-page\/mem%C3%B3rias-de-iris\" target=\"_blank\" rel=\"noreferrer noopener\">https:\/\/www.publicplay.com.br\/product-page\/mem%C3%B3rias-de-iris<\/a><\/p>\n","protected":false},"excerpt":{"rendered":"<p>N\u00e3o h\u00e1 lugar melhor como a casa dos av\u00f3s, a viv\u00eancia e o conv\u00edvio com os av\u00f3s sempre ficam eternizados<\/p>\n","protected":false},"author":2,"featured_media":3448,"comment_status":"open","ping_status":"open","sticky":false,"template":"","format":"standard","meta":{"footnotes":""},"categories":[9,5,11],"tags":[],"class_list":["post-3447","post","type-post","status-publish","format-standard","has-post-thumbnail","hentry","category-araxa","category-arte-e-cultura","category-destaques"],"_links":{"self":[{"href":"http:\/\/blogdoarmindomaia.com.br\/index.php?rest_route=\/wp\/v2\/posts\/3447","targetHints":{"allow":["GET"]}}],"collection":[{"href":"http:\/\/blogdoarmindomaia.com.br\/index.php?rest_route=\/wp\/v2\/posts"}],"about":[{"href":"http:\/\/blogdoarmindomaia.com.br\/index.php?rest_route=\/wp\/v2\/types\/post"}],"author":[{"embeddable":true,"href":"http:\/\/blogdoarmindomaia.com.br\/index.php?rest_route=\/wp\/v2\/users\/2"}],"replies":[{"embeddable":true,"href":"http:\/\/blogdoarmindomaia.com.br\/index.php?rest_route=%2Fwp%2Fv2%2Fcomments&post=3447"}],"version-history":[{"count":1,"href":"http:\/\/blogdoarmindomaia.com.br\/index.php?rest_route=\/wp\/v2\/posts\/3447\/revisions"}],"predecessor-version":[{"id":3450,"href":"http:\/\/blogdoarmindomaia.com.br\/index.php?rest_route=\/wp\/v2\/posts\/3447\/revisions\/3450"}],"wp:featuredmedia":[{"embeddable":true,"href":"http:\/\/blogdoarmindomaia.com.br\/index.php?rest_route=\/wp\/v2\/media\/3448"}],"wp:attachment":[{"href":"http:\/\/blogdoarmindomaia.com.br\/index.php?rest_route=%2Fwp%2Fv2%2Fmedia&parent=3447"}],"wp:term":[{"taxonomy":"category","embeddable":true,"href":"http:\/\/blogdoarmindomaia.com.br\/index.php?rest_route=%2Fwp%2Fv2%2Fcategories&post=3447"},{"taxonomy":"post_tag","embeddable":true,"href":"http:\/\/blogdoarmindomaia.com.br\/index.php?rest_route=%2Fwp%2Fv2%2Ftags&post=3447"}],"curies":[{"name":"wp","href":"https:\/\/api.w.org\/{rel}","templated":true}]}}