{"id":3455,"date":"2022-11-23T11:56:52","date_gmt":"2022-11-23T14:56:52","guid":{"rendered":"http:\/\/blogdoarmindomaia.com.br\/?p=3455"},"modified":"2022-11-23T11:56:54","modified_gmt":"2022-11-23T14:56:54","slug":"atividades-comemorativas-dos-50-anos-do-uniaraxa","status":"publish","type":"post","link":"http:\/\/blogdoarmindomaia.com.br\/?p=3455","title":{"rendered":"<strong>Atividades comemorativas dos 50 anos do Uniarax\u00e1<\/strong>"},"content":{"rendered":"\n<figure class=\"wp-block-image size-large is-style-default\"><img loading=\"lazy\" decoding=\"async\" width=\"1024\" height=\"576\" src=\"http:\/\/blogdoarmindomaia.com.br\/wp-content\/uploads\/2022\/11\/Atividades-comemorativas-dos-50-anos-do-Uniaraxa-pag-04-1024x576.jpg\" alt=\"\" class=\"wp-image-3456\" srcset=\"http:\/\/blogdoarmindomaia.com.br\/wp-content\/uploads\/2022\/11\/Atividades-comemorativas-dos-50-anos-do-Uniaraxa-pag-04-1024x576.jpg 1024w, http:\/\/blogdoarmindomaia.com.br\/wp-content\/uploads\/2022\/11\/Atividades-comemorativas-dos-50-anos-do-Uniaraxa-pag-04-300x169.jpg 300w, http:\/\/blogdoarmindomaia.com.br\/wp-content\/uploads\/2022\/11\/Atividades-comemorativas-dos-50-anos-do-Uniaraxa-pag-04-768x432.jpg 768w, http:\/\/blogdoarmindomaia.com.br\/wp-content\/uploads\/2022\/11\/Atividades-comemorativas-dos-50-anos-do-Uniaraxa-pag-04.jpg 1280w\" sizes=\"auto, (max-width: 1024px) 100vw, 1024px\" \/><\/figure>\n\n\n\n<p>Ser\u00e3o 27 atividades de responsabilidade social contemplando Arax\u00e1 e regi\u00e3o<\/p>\n\n\n\n<p>&nbsp;mais 23 atividades de car\u00e1ter educativo cient\u00edfico e cultural, totalizando 50 atividades apenas neste 2\u00ba semestre de 2022 em alus\u00e3o aos 50 anos da Institui\u00e7\u00e3o.<\/p>\n\n\n\n<p><strong>\u00c9 o UNIARAX\u00c1 celebrando com a comunidade!<\/strong><\/p>\n\n\n\n<p><strong>AGOSTO<\/strong><\/p>\n\n\n\n<figure class=\"wp-block-table\"><table><tbody><tr><td><strong>n.<\/strong><\/td><td><strong>Dia<\/strong><\/td><td><strong>Atividade<\/strong><\/td><\/tr><tr><td>&nbsp;<\/td><td>20<\/td><td>Responsabilidade Social em Santa Juliana<\/td><\/tr><tr><td>&nbsp;<\/td><td>20<\/td><td>Agosto Lil\u00e1s (Arax\u00e1) \u2013 Delegacia da Fam\u00edlia e da Mulher<\/td><\/tr><tr><td>&nbsp;<\/td><td>28<\/td><td>Missa de A\u00e7\u00e3o de Gra\u00e7as pelo Jubileu de 50 anos do UNIARAX\u00c1, Par\u00f3quia de S\u00e3o Geraldo<\/td><\/tr><tr><td>&nbsp;<\/td><td>29<\/td><td>Comemora\u00e7\u00e3o interna com gestores e colaboradores \u2013 50 anos<\/td><\/tr><\/tbody><\/table><\/figure>\n\n\n\n<p><strong>SETEMBRO<\/strong><\/p>\n\n\n\n<figure class=\"wp-block-table\"><table><tbody><tr><td><strong>n.<\/strong><\/td><td><strong>Dia<\/strong><\/td><td><strong>Atividade<\/strong><\/td><\/tr><tr><td>&nbsp;<\/td><td>01 a 10<\/td><td>Setembro Amarelo para usu\u00e1rios do CAPS<\/td><\/tr><tr><td>&nbsp;<\/td><td>07<\/td><td>Desfile C\u00edvico de Sete de setembro<\/td><\/tr><tr><td>&nbsp;<\/td><td>10<\/td><td>Sensibiliza\u00e7\u00e3o a Preven\u00e7\u00e3o do Suic\u00eddio (Pra\u00e7a da Matriz)<\/td><\/tr><tr><td>&nbsp;<\/td><td>10<\/td><td>Responsabilidade Social em Santa Rosa da Serra<\/td><\/tr><tr><td>&nbsp;<\/td><td>19<\/td><td>Arrecada\u00e7\u00e3o e Conserto de Brinquedos\/ Hospital dos Brinquedos<\/td><\/tr><tr><td>&nbsp;<\/td><td>21<\/td><td>Horta Comunit\u00e1ria<\/td><\/tr><tr><td>&nbsp;<\/td><td>22<\/td><td>Caf\u00e9 com Ci\u00eancia Tema: Empreendedorismo Cient\u00edfico em Sa\u00fade e Meio Ambiente<\/td><\/tr><tr><td>&nbsp;<\/td><td>22<\/td><td>Oficina sobre Sexualidade para Adolescentes da Casa Pequeno Jardineiro<\/td><\/tr><tr><td>&nbsp;<\/td><td>22<\/td><td><em>Pit Stop<\/em> do Conhecimento \u2013 Cursos de gradua\u00e7\u00e3o (EaD)<\/td><\/tr><tr><td>&nbsp;<\/td><td>23<\/td><td>Campanha de Arrecada\u00e7\u00e3o e distribui\u00e7\u00e3o de Fraldas Geri\u00e1tricas para o Lar Ebenezer<\/td><\/tr><tr><td>&nbsp;<\/td><td>23<\/td><td>Desfile na Cidade de Campos Altos em Comemora\u00e7\u00e3o aos 78 anos da cidade de Campos Altos e dos 50 anos do UNIARAX\u00c1<\/td><\/tr><tr><td>&nbsp;<\/td><td>26<\/td><td>Plant\u00e3o psicol\u00f3gico: O que \u00e9 e como s\u00e3o desenvolvidos? Relato de experi\u00eancia.&nbsp;<\/td><\/tr><tr><td>&nbsp;<\/td><td>29<\/td><td>Palestra: Lei sobre a execu\u00e7\u00e3o penal para reeducandos<\/td><\/tr><tr><td>&nbsp;<\/td><td>30<\/td><td>Comemora\u00e7\u00e3o do Dia Internacional do Idoso<\/td><\/tr><tr><td>&nbsp;<\/td><td>&nbsp;<\/td><td>Setembro Amarelo nas Escolas Municipais de Arax\u00e1<\/td><\/tr><\/tbody><\/table><\/figure>\n\n\n\n<p><strong>OUTUBRO<\/strong><\/p>\n\n\n\n<figure class=\"wp-block-table\"><table><tbody><tr><td><strong>n.<\/strong><\/td><td><strong>Dia<\/strong><\/td><td><strong>Atividade<\/strong><\/td><\/tr><tr><td>&nbsp;<\/td><td>03 A 07<\/td><td>Semana Agron\u00f4mica<\/td><\/tr><tr><td>&nbsp;<\/td><td>06<\/td><td>Comemora\u00e7\u00e3o dos 100 dias \u2013 Concluintes 2022\/2<\/td><\/tr><tr><td>&nbsp;<\/td><td>08<\/td><td>Responsabilidade Social em Ibi\u00e1<\/td><\/tr><tr><td>&nbsp;<\/td><td>10 e 11<\/td><td>Semana Municipal do Fisioterap\u00eauta<\/td><\/tr><tr><td>&nbsp;<\/td><td>22<\/td><td>Responsabilidade Social em Pratinha<\/td><\/tr><tr><td>&nbsp;<\/td><td>25 a 27<\/td><td>V Semin\u00e1rio Mineiro de Educa\u00e7\u00e3o Integral<\/td><\/tr><tr><td>&nbsp;<\/td><td>24 a 27<\/td><td>XIX Semana de Ci\u00eancia e Tecnologia do UNIARAX\u00c1 Tema: Bicenten\u00e1rio da Independ\u00eancia<\/td><\/tr><tr><td>&nbsp;<\/td><td>25 e 26<\/td><td>XX Mostra de Pesquisa do UNIARAX\u00c1.<\/td><\/tr><tr><td>&nbsp;<\/td><td>25 a 27<\/td><td>Mostra de <em>Marketing<\/em><\/td><\/tr><tr><td>&nbsp;<\/td><td>25 a 27<\/td><td>Maratona de Programa\u00e7\u00e3o<\/td><\/tr><tr><td>&nbsp;<\/td><td>25 a 27<\/td><td>Congresso de Ci\u00eancias da Sa\u00fade<\/td><\/tr><tr><td>&nbsp;<\/td><td>31<\/td><td>V Olimp\u00edada de Reda\u00e7\u00e3o<\/td><\/tr><\/tbody><\/table><\/figure>\n\n\n\n<p><strong>NOVEMBRO<\/strong><\/p>\n\n\n\n<figure class=\"wp-block-table\"><table><tbody><tr><td><strong>n.<\/strong><\/td><td><strong>Dia<\/strong><\/td><td><strong>Atividade<\/strong><\/td><\/tr><tr><td>&nbsp;<\/td><td>05<\/td><td>Responsabilidade Social em Perdizes<\/td><\/tr><tr><td>&nbsp;<\/td><td>07<\/td><td>Parada da Leitura: Pra vida toda valer a pena viver \u2013 Ana Claudia Quintana<\/td><\/tr><tr><td>&nbsp;<\/td><td>07<\/td><td>Aluno Destaque (Melhores alunos de cada curso)<\/td><\/tr><tr><td>&nbsp;<\/td><td>19<\/td><td>Responsabilidade Social em Pedrin\u00f3polis<\/td><\/tr><tr><td>&nbsp;<\/td><td>22 a 24<\/td><td>Semana Jur\u00eddica<\/td><\/tr><tr><td>&nbsp;<\/td><td>24<\/td><td>A\u00e7\u00e3o de Gra\u00e7as \u2013 Culto Ecum\u00eanico<\/td><\/tr><tr><td>&nbsp;<\/td><td>25<\/td><td>Reparos Construtivos &#8211; Centro de Atendimento a Crian\u00e7a\/Arax\u00e1<\/td><\/tr><tr><td>&nbsp;<\/td><td>29<\/td><td>IV Mostra de Extens\u00e3o<\/td><\/tr><tr><td>&nbsp;<\/td><td>30<\/td><td>UNIARAX\u00c1 TAKLS\/POD + UNIARAX\u00c1<\/td><\/tr><\/tbody><\/table><\/figure>\n\n\n\n<p><strong>DEZEMBRO<\/strong><\/p>\n\n\n\n<figure class=\"wp-block-table\"><table><tbody><tr><td><strong>n.<\/strong><\/td><td><strong>Dia<\/strong><\/td><td><strong>Atividade<\/strong><\/td><\/tr><tr><td>&nbsp;<\/td><td>01<\/td><td>Galeria dos Ex- Diretores, Reitores e Presidentes da FCA<\/td><\/tr><tr><td>&nbsp;<\/td><td>05<\/td><td>Entrega de Honrarias \u2013 50 anos UNIARAX\u00c1<\/td><\/tr><tr><td>&nbsp;<\/td><td>05<\/td><td>Plantio de \u00c1rvores<\/td><\/tr><tr><td>&nbsp;<\/td><td>06<\/td><td>COMENDA UNIARAX\u00c1<\/td><\/tr><tr><td>&nbsp;<\/td><td>10<\/td><td>Responsabilidade Social em Arax\u00e1 \/ C\u00e2mara Municipal<\/td><\/tr><\/tbody><\/table><\/figure>\n\n\n\n<p><strong>DURANTE O SEMESTRE \u2013 PRESTA\u00c7\u00c3O DE SERVI\u00c7O<\/strong><\/p>\n\n\n\n<figure class=\"wp-block-table\"><table><tbody><tr><td>&nbsp;<\/td><td>&nbsp;<\/td><td>Cl\u00ednica de Fisioterapia<\/td><\/tr><tr><td>&nbsp;<\/td><td>&nbsp;<\/td><td>Cl\u00ednica de Psicologia<\/td><\/tr><tr><td>&nbsp;<\/td><td>&nbsp;<\/td><td>N\u00facleo de Apoio Cont\u00e1bil e Fiscal (NAF)<\/td><\/tr><tr><td>&nbsp;<\/td><td>&nbsp;<\/td><td>N\u00facleo de Pr\u00e1tica Jur\u00eddica (NPJ)<\/td><\/tr><tr><td>&nbsp;<\/td><td>&nbsp;<\/td><td>Escrit\u00f3rio Modelo da Arquitetura<\/td><\/tr><\/tbody><\/table><\/figure>\n","protected":false},"excerpt":{"rendered":"<p>Ser\u00e3o 27 atividades de responsabilidade social contemplando Arax\u00e1 e regi\u00e3o &nbsp;mais 23 atividades de car\u00e1ter educativo cient\u00edfico e cultural, totalizando<\/p>\n","protected":false},"author":2,"featured_media":3456,"comment_status":"open","ping_status":"open","sticky":false,"template":"","format":"standard","meta":{"footnotes":""},"categories":[9,11,13],"tags":[],"class_list":["post-3455","post","type-post","status-publish","format-standard","has-post-thumbnail","hentry","category-araxa","category-destaques","category-educacao"],"_links":{"self":[{"href":"http:\/\/blogdoarmindomaia.com.br\/index.php?rest_route=\/wp\/v2\/posts\/3455","targetHints":{"allow":["GET"]}}],"collection":[{"href":"http:\/\/blogdoarmindomaia.com.br\/index.php?rest_route=\/wp\/v2\/posts"}],"about":[{"href":"http:\/\/blogdoarmindomaia.com.br\/index.php?rest_route=\/wp\/v2\/types\/post"}],"author":[{"embeddable":true,"href":"http:\/\/blogdoarmindomaia.com.br\/index.php?rest_route=\/wp\/v2\/users\/2"}],"replies":[{"embeddable":true,"href":"http:\/\/blogdoarmindomaia.com.br\/index.php?rest_route=%2Fwp%2Fv2%2Fcomments&post=3455"}],"version-history":[{"count":1,"href":"http:\/\/blogdoarmindomaia.com.br\/index.php?rest_route=\/wp\/v2\/posts\/3455\/revisions"}],"predecessor-version":[{"id":3457,"href":"http:\/\/blogdoarmindomaia.com.br\/index.php?rest_route=\/wp\/v2\/posts\/3455\/revisions\/3457"}],"wp:featuredmedia":[{"embeddable":true,"href":"http:\/\/blogdoarmindomaia.com.br\/index.php?rest_route=\/wp\/v2\/media\/3456"}],"wp:attachment":[{"href":"http:\/\/blogdoarmindomaia.com.br\/index.php?rest_route=%2Fwp%2Fv2%2Fmedia&parent=3455"}],"wp:term":[{"taxonomy":"category","embeddable":true,"href":"http:\/\/blogdoarmindomaia.com.br\/index.php?rest_route=%2Fwp%2Fv2%2Fcategories&post=3455"},{"taxonomy":"post_tag","embeddable":true,"href":"http:\/\/blogdoarmindomaia.com.br\/index.php?rest_route=%2Fwp%2Fv2%2Ftags&post=3455"}],"curies":[{"name":"wp","href":"https:\/\/api.w.org\/{rel}","templated":true}]}}