{"id":3458,"date":"2022-11-23T11:59:37","date_gmt":"2022-11-23T14:59:37","guid":{"rendered":"http:\/\/blogdoarmindomaia.com.br\/?p=3458"},"modified":"2022-11-23T11:59:39","modified_gmt":"2022-11-23T14:59:39","slug":"a-8a-edicao-do-prefeitura-no-bairro-acontece-no-buracana-neste-sabado","status":"publish","type":"post","link":"http:\/\/blogdoarmindomaia.com.br\/?p=3458","title":{"rendered":"A 8\u00aa edi\u00e7\u00e3o do Prefeitura no Bairro acontece no Buracan\u00e3, neste s\u00e1bado"},"content":{"rendered":"\n<figure class=\"wp-block-image size-full is-style-default\"><img loading=\"lazy\" decoding=\"async\" width=\"1024\" height=\"683\" src=\"http:\/\/blogdoarmindomaia.com.br\/wp-content\/uploads\/2022\/11\/A-8a-edicao-do-Prefeitura-no-Bairro-acontece-no-Buracana-neste-sabado-pag-8.jpeg\" alt=\"\" class=\"wp-image-3459\" srcset=\"http:\/\/blogdoarmindomaia.com.br\/wp-content\/uploads\/2022\/11\/A-8a-edicao-do-Prefeitura-no-Bairro-acontece-no-Buracana-neste-sabado-pag-8.jpeg 1024w, http:\/\/blogdoarmindomaia.com.br\/wp-content\/uploads\/2022\/11\/A-8a-edicao-do-Prefeitura-no-Bairro-acontece-no-Buracana-neste-sabado-pag-8-300x200.jpeg 300w, http:\/\/blogdoarmindomaia.com.br\/wp-content\/uploads\/2022\/11\/A-8a-edicao-do-Prefeitura-no-Bairro-acontece-no-Buracana-neste-sabado-pag-8-768x512.jpeg 768w\" sizes=\"auto, (max-width: 1024px) 100vw, 1024px\" \/><\/figure>\n\n\n\n<p>Os moradores dos bairros Fertiza, Jo\u00e3o Ribeiro e adjac\u00eancias v\u00e3o ter a oportunidade de apresentar suas demandas diretamente \u00e0 Prefeitura de Arax\u00e1, al\u00e9m de ter acesso a mais de 40 servi\u00e7os gratuitos. A 8\u00aa edi\u00e7\u00e3o do projeto Prefeitura no Bairro acontece no pr\u00f3ximo s\u00e1bado (26), no Complexo Esportivo Nadyr Barcellos (Buracan\u00e3), das 8h \u00e0s 12h.<br><br>O evento ofertar\u00e1 vacina\u00e7\u00e3o adulta e infantil, assist\u00eancia e acesso a programas sociais e abertura de empresas, conta\u00e7\u00e3o de hist\u00f3rias infantis, recolhimento de eletroeletr\u00f4nicos, solicita\u00e7\u00e3o por servi\u00e7os urbanos, cadastro de produtores rurais e artistas culturais, orienta\u00e7\u00e3o sobre IPTU e o agendamento da 1\u00aa via da Carteira de Identidade.<br><br>O projeto contar\u00e1 ainda com atendimentos nas \u00e1reas de A\u00e7\u00e3o Social, Sa\u00fade, Direitos Humanos, Acolhimento \u00e0 Mulher, Habita\u00e7\u00e3o, Trabalho e Emprego, Meio Ambiente, Educa\u00e7\u00e3o, Cidadania, Infraestrutura, Agricultura e Pecu\u00e1ria, Esporte, Lazer, Cultura e Seguran\u00e7a. O Gabinete do Prefeito e a Secretaria de Governo tamb\u00e9m estar\u00e3o \u00e0 disposi\u00e7\u00e3o para receber as demandas da popula\u00e7\u00e3o.<\/p>\n","protected":false},"excerpt":{"rendered":"<p>Os moradores dos bairros Fertiza, Jo\u00e3o Ribeiro e adjac\u00eancias v\u00e3o ter a oportunidade de apresentar suas demandas diretamente \u00e0 Prefeitura<\/p>\n","protected":false},"author":2,"featured_media":3459,"comment_status":"open","ping_status":"open","sticky":false,"template":"","format":"standard","meta":{"footnotes":""},"categories":[9,11],"tags":[],"class_list":["post-3458","post","type-post","status-publish","format-standard","has-post-thumbnail","hentry","category-araxa","category-destaques"],"_links":{"self":[{"href":"http:\/\/blogdoarmindomaia.com.br\/index.php?rest_route=\/wp\/v2\/posts\/3458","targetHints":{"allow":["GET"]}}],"collection":[{"href":"http:\/\/blogdoarmindomaia.com.br\/index.php?rest_route=\/wp\/v2\/posts"}],"about":[{"href":"http:\/\/blogdoarmindomaia.com.br\/index.php?rest_route=\/wp\/v2\/types\/post"}],"author":[{"embeddable":true,"href":"http:\/\/blogdoarmindomaia.com.br\/index.php?rest_route=\/wp\/v2\/users\/2"}],"replies":[{"embeddable":true,"href":"http:\/\/blogdoarmindomaia.com.br\/index.php?rest_route=%2Fwp%2Fv2%2Fcomments&post=3458"}],"version-history":[{"count":1,"href":"http:\/\/blogdoarmindomaia.com.br\/index.php?rest_route=\/wp\/v2\/posts\/3458\/revisions"}],"predecessor-version":[{"id":3460,"href":"http:\/\/blogdoarmindomaia.com.br\/index.php?rest_route=\/wp\/v2\/posts\/3458\/revisions\/3460"}],"wp:featuredmedia":[{"embeddable":true,"href":"http:\/\/blogdoarmindomaia.com.br\/index.php?rest_route=\/wp\/v2\/media\/3459"}],"wp:attachment":[{"href":"http:\/\/blogdoarmindomaia.com.br\/index.php?rest_route=%2Fwp%2Fv2%2Fmedia&parent=3458"}],"wp:term":[{"taxonomy":"category","embeddable":true,"href":"http:\/\/blogdoarmindomaia.com.br\/index.php?rest_route=%2Fwp%2Fv2%2Fcategories&post=3458"},{"taxonomy":"post_tag","embeddable":true,"href":"http:\/\/blogdoarmindomaia.com.br\/index.php?rest_route=%2Fwp%2Fv2%2Ftags&post=3458"}],"curies":[{"name":"wp","href":"https:\/\/api.w.org\/{rel}","templated":true}]}}