{"id":3461,"date":"2022-11-23T12:01:37","date_gmt":"2022-11-23T15:01:37","guid":{"rendered":"http:\/\/blogdoarmindomaia.com.br\/?p=3461"},"modified":"2022-11-23T12:01:39","modified_gmt":"2022-11-23T15:01:39","slug":"centro-de-referencia-da-cultura-negra-e-reinaugurado-com-memorial","status":"publish","type":"post","link":"http:\/\/blogdoarmindomaia.com.br\/?p=3461","title":{"rendered":"<strong>Centro de Refer\u00eancia da Cultura Negra \u00e9 reinaugurado com Memorial<\/strong>"},"content":{"rendered":"\n<figure class=\"wp-block-image size-full is-style-default\"><img loading=\"lazy\" decoding=\"async\" width=\"1024\" height=\"680\" src=\"http:\/\/blogdoarmindomaia.com.br\/wp-content\/uploads\/2022\/11\/Centro-de-Referencia-da-Cultura-Negra-e-reinaugurado-com-Memorial-pag-09.jpeg\" alt=\"\" class=\"wp-image-3462\" srcset=\"http:\/\/blogdoarmindomaia.com.br\/wp-content\/uploads\/2022\/11\/Centro-de-Referencia-da-Cultura-Negra-e-reinaugurado-com-Memorial-pag-09.jpeg 1024w, http:\/\/blogdoarmindomaia.com.br\/wp-content\/uploads\/2022\/11\/Centro-de-Referencia-da-Cultura-Negra-e-reinaugurado-com-Memorial-pag-09-300x199.jpeg 300w, http:\/\/blogdoarmindomaia.com.br\/wp-content\/uploads\/2022\/11\/Centro-de-Referencia-da-Cultura-Negra-e-reinaugurado-com-Memorial-pag-09-768x510.jpeg 768w\" sizes=\"auto, (max-width: 1024px) 100vw, 1024px\" \/><\/figure>\n\n\n\n<p>Um espa\u00e7o de valoriza\u00e7\u00e3o e promo\u00e7\u00e3o da hist\u00f3ria de pessoas que se confundem com a hist\u00f3ria de Arax\u00e1. Na manh\u00e3 do \u00faltimo domingo, 20 de novembro, a Funda\u00e7\u00e3o Cultural Calmon Barreto (FCCB), reinaugurou o Centro de Refer\u00eancia da Cultura Negra, com uma novidade: o Memorial da Cultura Negra, que traz a trajet\u00f3ria de 20 personalidades negras que deixaram legados importantes para o munic\u00edpio, nas mais diferentes \u00e1reas.<br><br>As fam\u00edlias dos homenageados foram convidadas a participar do evento de inaugura\u00e7\u00e3o. Olhares atentos e carregados de emo\u00e7\u00e3o aos expositores do memorial, traziam um sentimento de orgulho pela marca deixada pelo familiar. S\u00e3o profiss\u00f5es como professor, pedreiro, ferrovi\u00e1rio, bordadeira, entre tantas outras.<br>A t\u00e9cnica em Seguran\u00e7a do Trabalho, Marinalva Marques Bas\u00edlio, filha do carnavalesco Clomar Ant\u00f4nio Bas\u00edlio, o \u2018seu Piruca\u2019, figura destaque nos desfiles da Escola de Samba Cinderela, do bairro Alvorada, relatou o sentimento em ver a foto do pai no memorial, com um objeto que foi seu companheiro em boa parte da vida. O antigo r\u00e1dio, que Clomar ligava todas as manh\u00e3s, est\u00e1 l\u00e1, junto \u00e0 sua fotografia.<\/p>\n\n\n\n<p>&nbsp;<br>\u201cMeu pai era uma pessoa muito ativa. Ele participou de muitas coisas importantes. Uma pessoa inesquec\u00edvel n\u00e3o s\u00f3 para a fam\u00edlia, mas para a cidade. Esse espa\u00e7o \u00e9 tudo o que a gente precisa, pois re\u00fane tudo o que de melhor foi feito por essas pessoas aqui em Arax\u00e1\u201d, avalia.<\/p>\n\n\n\n<p><br>A presidente da FCCB, Cynthia Ver\u00e7osa, ressalta que a partir de agora o Centro de Refer\u00eancia da Cultura Negra volta a fazer parte do circuito de museus da cidade. \u201c\u00c9 um espa\u00e7o de valoriza\u00e7\u00e3o e mem\u00f3ria. S\u00e3o 20 fam\u00edlias homenageadas, por meio de pessoas que tiveram pap\u00e9is importantes na hist\u00f3ria de Arax\u00e1. O Centro de Refer\u00eancia tamb\u00e9m ser\u00e1 palco de diversas oficinas e palestras voltadas \u00e0 cultura negra. Um local de conviv\u00eancia, aberto a todos os araxaenses\u201d, destaca.<\/p>\n\n\n\n<p><br>Afrodescendente, a vereadora professora Leni Nobre parabenizou a cria\u00e7\u00e3o do memorial. \u201cEu me senti representada. O Centro de Refer\u00eancia serve para reflitamos sobre a presen\u00e7a dos negros no Brasil e a heran\u00e7a deixada. \u00c9 uma forma de valorizar e preservar essa cultura. Eu vejo isso como o reconhecimento de Arax\u00e1 por essa popula\u00e7\u00e3o que construiu a cidade. Essas 20 pessoas representam muitas outras pessoas. Elas representam fam\u00edlias inteiras e heran\u00e7as consangu\u00edneas. Isso \u00e9 muito simb\u00f3lico\u201d, pondera.<\/p>\n\n\n\n<p><br><strong>Sobre o Centro de Refer\u00eancia<\/strong><\/p>\n\n\n\n<p><strong><br><\/strong>Inaugurado em maio de 2004, o Centro de Refer\u00eancia da Cultura Negra significou a culmin\u00e2ncia de um espa\u00e7o apropriado para reunir todos os movimentos negros, como a Associa\u00e7\u00e3o de Congo e Mo\u00e7ambique, Associa\u00e7\u00e3o de Hip-Hop, Associa\u00e7\u00e3o de Capoeira, Associa\u00e7\u00e3o Carnavalesca e Associa\u00e7\u00e3o de Religi\u00f5es de Matrizes Africanas.<\/p>\n\n\n\n<p>&nbsp;<br>Oportunizou tamb\u00e9m a divulga\u00e7\u00e3o da cultura afro, com a realiza\u00e7\u00e3o de atividades e eventos, al\u00e9m da realiza\u00e7\u00e3o de cursos profissionalizantes.<\/p>\n\n\n\n<p><br>O Centro de Refer\u00eancia est\u00e1 localizado na Rua da Banheira, n\u00b0 173, no Bairro Santa Rita. O memorial est\u00e1 aberto para visita\u00e7\u00e3o gratuita de ter\u00e7a a sexta-feira, das 8h \u00e0s 18h; aos s\u00e1bados, das 9h \u00e0s 15h; e domingos e feriados, das 8h \u00e0s 12h.<br><\/p>\n","protected":false},"excerpt":{"rendered":"<p>Um espa\u00e7o de valoriza\u00e7\u00e3o e promo\u00e7\u00e3o da hist\u00f3ria de pessoas que se confundem com a hist\u00f3ria de Arax\u00e1. Na manh\u00e3<\/p>\n","protected":false},"author":2,"featured_media":3462,"comment_status":"open","ping_status":"open","sticky":false,"template":"","format":"standard","meta":{"footnotes":""},"categories":[9,5,11],"tags":[],"class_list":["post-3461","post","type-post","status-publish","format-standard","has-post-thumbnail","hentry","category-araxa","category-arte-e-cultura","category-destaques"],"_links":{"self":[{"href":"http:\/\/blogdoarmindomaia.com.br\/index.php?rest_route=\/wp\/v2\/posts\/3461","targetHints":{"allow":["GET"]}}],"collection":[{"href":"http:\/\/blogdoarmindomaia.com.br\/index.php?rest_route=\/wp\/v2\/posts"}],"about":[{"href":"http:\/\/blogdoarmindomaia.com.br\/index.php?rest_route=\/wp\/v2\/types\/post"}],"author":[{"embeddable":true,"href":"http:\/\/blogdoarmindomaia.com.br\/index.php?rest_route=\/wp\/v2\/users\/2"}],"replies":[{"embeddable":true,"href":"http:\/\/blogdoarmindomaia.com.br\/index.php?rest_route=%2Fwp%2Fv2%2Fcomments&post=3461"}],"version-history":[{"count":1,"href":"http:\/\/blogdoarmindomaia.com.br\/index.php?rest_route=\/wp\/v2\/posts\/3461\/revisions"}],"predecessor-version":[{"id":3463,"href":"http:\/\/blogdoarmindomaia.com.br\/index.php?rest_route=\/wp\/v2\/posts\/3461\/revisions\/3463"}],"wp:featuredmedia":[{"embeddable":true,"href":"http:\/\/blogdoarmindomaia.com.br\/index.php?rest_route=\/wp\/v2\/media\/3462"}],"wp:attachment":[{"href":"http:\/\/blogdoarmindomaia.com.br\/index.php?rest_route=%2Fwp%2Fv2%2Fmedia&parent=3461"}],"wp:term":[{"taxonomy":"category","embeddable":true,"href":"http:\/\/blogdoarmindomaia.com.br\/index.php?rest_route=%2Fwp%2Fv2%2Fcategories&post=3461"},{"taxonomy":"post_tag","embeddable":true,"href":"http:\/\/blogdoarmindomaia.com.br\/index.php?rest_route=%2Fwp%2Fv2%2Ftags&post=3461"}],"curies":[{"name":"wp","href":"https:\/\/api.w.org\/{rel}","templated":true}]}}