{"id":3465,"date":"2022-11-24T10:57:06","date_gmt":"2022-11-24T13:57:06","guid":{"rendered":"http:\/\/blogdoarmindomaia.com.br\/?p=3465"},"modified":"2022-11-24T10:57:08","modified_gmt":"2022-11-24T13:57:08","slug":"1-encontro-de-congado-de-araxa-e-regiao","status":"publish","type":"post","link":"http:\/\/blogdoarmindomaia.com.br\/?p=3465","title":{"rendered":"1\u00b0 Encontro de Congado de Arax\u00e1 e Regi\u00e3o"},"content":{"rendered":"\n<p>De 1\u00b0 a 4 de dezembro.<\/p>\n\n\n\n<figure class=\"wp-block-image size-large is-style-default\"><img loading=\"lazy\" decoding=\"async\" width=\"819\" height=\"1024\" src=\"http:\/\/blogdoarmindomaia.com.br\/wp-content\/uploads\/2022\/11\/Cogando-2-819x1024.jpeg\" alt=\"\" class=\"wp-image-3466\" srcset=\"http:\/\/blogdoarmindomaia.com.br\/wp-content\/uploads\/2022\/11\/Cogando-2-819x1024.jpeg 819w, http:\/\/blogdoarmindomaia.com.br\/wp-content\/uploads\/2022\/11\/Cogando-2-240x300.jpeg 240w, http:\/\/blogdoarmindomaia.com.br\/wp-content\/uploads\/2022\/11\/Cogando-2-768x960.jpeg 768w, http:\/\/blogdoarmindomaia.com.br\/wp-content\/uploads\/2022\/11\/Cogando-2.jpeg 1024w\" sizes=\"auto, (max-width: 819px) 100vw, 819px\" \/><\/figure>\n\n\n\n<figure class=\"wp-block-image size-full is-style-default\"><img loading=\"lazy\" decoding=\"async\" width=\"701\" height=\"1024\" src=\"http:\/\/blogdoarmindomaia.com.br\/wp-content\/uploads\/2022\/11\/Congado-01.jpeg\" alt=\"\" class=\"wp-image-3467\" srcset=\"http:\/\/blogdoarmindomaia.com.br\/wp-content\/uploads\/2022\/11\/Congado-01.jpeg 701w, http:\/\/blogdoarmindomaia.com.br\/wp-content\/uploads\/2022\/11\/Congado-01-205x300.jpeg 205w\" sizes=\"auto, (max-width: 701px) 100vw, 701px\" \/><\/figure>\n\n\n\n<p>A Associa\u00e7\u00e3o da Capela M\u00e1rtir Filomena, fundada em 1990 no munic\u00edpio de Arax\u00e1, \u00e9 uma associa\u00e7\u00e3o civil sem fins lucrativos e pol\u00edticos, por\u00e9m com finalidades religiosas, constitu\u00edda pelo n\u00famero ilimitado de membros, sempre trabalhando em prol da popula\u00e7\u00e3o na \u00e1rea sociossistencial e no fortalecimento cultural. A Associa\u00e7\u00e3o se mostra preocupada com a promo\u00e7\u00e3o da cultura na sociedade e afirma seu papel como segmento importante no local em que atua, promovendo neste ano de 2022 o 1\u00b0 Encontro de Congado de Arax\u00e1 e Regi\u00e3o. Congado a f\u00e9 que canta e dan\u00e7a. &nbsp;Os eventos culturais revelam em seus acontecimentos criatividade, costumes, tradi\u00e7\u00f5es, valores j\u00e1 vividos antigamente, express\u00f5es populares art\u00edsticas e culturais. Deste modo, agregam \u00e0 popula\u00e7\u00e3o conhecimento, lazer e identifica\u00e7\u00e3o pessoal, contribuindo para a forma\u00e7\u00e3o intelectual e humana. &nbsp;Neste local onde h\u00e1 mais de 50 anos foi o primeiro local em Arax\u00e1 que acolheu a cultura dos negros, hoje se realiza o 1\u00b0 Encontro de Congadeiros, momento que deve sempre ser, por nos lembrado de uma triste \u00e9poca do passado, de um Brasil enlameado por uma vergonha que acontecia no nosso torr\u00e3o amado aonde nossos irm\u00e3os negros, eram pelos brancos escravizados triste fato hist\u00f3rico, que felizmente teve para sempre seu final, e que apesar de passados tantos anos, ainda nos entristece, e nos agonia o sofrimento, e a humilha\u00e7\u00e3o que esta valente ra\u00e7a negra tanto sofria com feitores que aplicavam&nbsp; castigos aos negros com&nbsp; tanta covardia. Felizmente uma princesa corajosa cumpriu o seu verdadeiro papel e decretou a Lei Aurea, libertando os escravizados, banindo este mal, portanto esta gratid\u00e3o os negros tem no cora\u00e7\u00e3o por ti Princesa Isabel, que mostrou que os negros s\u00e3o dignos de respeito, e n\u00e3o&#8230; escravos ou animal que o dia 13 de Maio, seja lembrado por todos n\u00f3s, rezemos pedindo a Deus perd\u00e3o por um dia termos tido a infelicidade de em nosso pa\u00eds termos tido a escravid\u00e3o. \u00c1 voc\u00eas da ra\u00e7a negra, quero dizer que me orgulho de ser considerado como irm\u00e3o, desta gente maravilhosa, a quem pe\u00e7o o perd\u00e3o, e juro que carrego esta ra\u00e7a com amor no cora\u00e7\u00e3o. <strong>Realiza\u00e7\u00e3o:<\/strong> A Associa\u00e7\u00e3o da Capela M\u00e1rtir Filomena. <strong>Apoiadores:<\/strong> Associa\u00e7\u00e3o de Congadeiros de Arax\u00e1 e Prefeitura Municipal de Arax\u00e1.<\/p>\n","protected":false},"excerpt":{"rendered":"<p>De 1\u00b0 a 4 de dezembro. A Associa\u00e7\u00e3o da Capela M\u00e1rtir Filomena, fundada em 1990 no munic\u00edpio de Arax\u00e1, \u00e9<\/p>\n","protected":false},"author":2,"featured_media":3466,"comment_status":"open","ping_status":"open","sticky":false,"template":"","format":"standard","meta":{"footnotes":""},"categories":[9,5],"tags":[],"class_list":["post-3465","post","type-post","status-publish","format-standard","has-post-thumbnail","hentry","category-araxa","category-arte-e-cultura"],"_links":{"self":[{"href":"http:\/\/blogdoarmindomaia.com.br\/index.php?rest_route=\/wp\/v2\/posts\/3465","targetHints":{"allow":["GET"]}}],"collection":[{"href":"http:\/\/blogdoarmindomaia.com.br\/index.php?rest_route=\/wp\/v2\/posts"}],"about":[{"href":"http:\/\/blogdoarmindomaia.com.br\/index.php?rest_route=\/wp\/v2\/types\/post"}],"author":[{"embeddable":true,"href":"http:\/\/blogdoarmindomaia.com.br\/index.php?rest_route=\/wp\/v2\/users\/2"}],"replies":[{"embeddable":true,"href":"http:\/\/blogdoarmindomaia.com.br\/index.php?rest_route=%2Fwp%2Fv2%2Fcomments&post=3465"}],"version-history":[{"count":1,"href":"http:\/\/blogdoarmindomaia.com.br\/index.php?rest_route=\/wp\/v2\/posts\/3465\/revisions"}],"predecessor-version":[{"id":3468,"href":"http:\/\/blogdoarmindomaia.com.br\/index.php?rest_route=\/wp\/v2\/posts\/3465\/revisions\/3468"}],"wp:featuredmedia":[{"embeddable":true,"href":"http:\/\/blogdoarmindomaia.com.br\/index.php?rest_route=\/wp\/v2\/media\/3466"}],"wp:attachment":[{"href":"http:\/\/blogdoarmindomaia.com.br\/index.php?rest_route=%2Fwp%2Fv2%2Fmedia&parent=3465"}],"wp:term":[{"taxonomy":"category","embeddable":true,"href":"http:\/\/blogdoarmindomaia.com.br\/index.php?rest_route=%2Fwp%2Fv2%2Fcategories&post=3465"},{"taxonomy":"post_tag","embeddable":true,"href":"http:\/\/blogdoarmindomaia.com.br\/index.php?rest_route=%2Fwp%2Fv2%2Ftags&post=3465"}],"curies":[{"name":"wp","href":"https:\/\/api.w.org\/{rel}","templated":true}]}}