{"id":3469,"date":"2022-11-24T11:05:30","date_gmt":"2022-11-24T14:05:30","guid":{"rendered":"http:\/\/blogdoarmindomaia.com.br\/?p=3469"},"modified":"2022-11-24T11:05:32","modified_gmt":"2022-11-24T14:05:32","slug":"dia-d-de-coleta-de-psa-no-prefeitura-no-bairro-neste-sabado","status":"publish","type":"post","link":"http:\/\/blogdoarmindomaia.com.br\/?p=3469","title":{"rendered":"<strong>Dia D de coleta de PSA no Prefeitura no Bairro, neste s\u00e1bado<\/strong>"},"content":{"rendered":"\n<p><\/p>\n\n\n\n<figure class=\"wp-block-image size-full is-style-default\"><img loading=\"lazy\" decoding=\"async\" width=\"1024\" height=\"683\" src=\"http:\/\/blogdoarmindomaia.com.br\/wp-content\/uploads\/2022\/11\/Dia-D-de-coleta-de-PSA-no-Prefeitura-no-Bairro-neste-sabado-pag-03.png\" alt=\"\" class=\"wp-image-3470\" srcset=\"http:\/\/blogdoarmindomaia.com.br\/wp-content\/uploads\/2022\/11\/Dia-D-de-coleta-de-PSA-no-Prefeitura-no-Bairro-neste-sabado-pag-03.png 1024w, http:\/\/blogdoarmindomaia.com.br\/wp-content\/uploads\/2022\/11\/Dia-D-de-coleta-de-PSA-no-Prefeitura-no-Bairro-neste-sabado-pag-03-300x200.png 300w, http:\/\/blogdoarmindomaia.com.br\/wp-content\/uploads\/2022\/11\/Dia-D-de-coleta-de-PSA-no-Prefeitura-no-Bairro-neste-sabado-pag-03-768x512.png 768w\" sizes=\"auto, (max-width: 1024px) 100vw, 1024px\" \/><\/figure>\n\n\n\n<p>O Dia D de coleta do exame de PSA (Ant\u00edgeno Prost\u00e1tico Espec\u00edfico) vai ser realizado durante o evento Prefeitura no Bairro neste s\u00e1bado (26), das 8h \u00e0s 10h, no Centro Esportivo Nadyr Barcellos, o popular Buracan\u00e3. O exame ser\u00e1 ofertado de forma gratuita para homens a partir de 45 anos.<br><br>A a\u00e7\u00e3o faz parte da campanha Novembro Azul que incentiva anualmente os cuidados com a sa\u00fade do homem, onde, neste per\u00edodo, trabalha-se a import\u00e2ncia da preven\u00e7\u00e3o e do diagn\u00f3stico precoce de casos de c\u00e2ncer de pr\u00f3stata.<br><br>O PSA serve para averiguar a exist\u00eancia do c\u00e2ncer de pr\u00f3stata e, tamb\u00e9m, em casos de a doen\u00e7a j\u00e1 ter sido diagnosticada ele consegue avaliar a sua evolu\u00e7\u00e3o. Al\u00e9m do mais, o exame tamb\u00e9m ajuda a identificar outros tipos de doen\u00e7as na pr\u00f3stata, como les\u00f5es e a prostatite.<br><br>O exame \u00e9 feito por meio de uma amostra de sangue. Embora simples, o p\u00fablico masculino deve tomar alguns cuidados para n\u00e3o ocorrer altera\u00e7\u00f5es no resultado.<br><br>&#8211; N\u00e3o ter feito exame de colonoscopia 15 dias antes do PSA;<br><br>&#8211; &nbsp;Sete dias antes da coleta \u00e9 necess\u00e1rio evitar o ultrassom transretal;<br><br>&#8211; Inclusive, o exame que possibilita visualizar o interior da uretra e bexiga, conhecido como cistoscopia, tamb\u00e9m n\u00e3o pode ser feito cinco dias antes do PSA.<br><br>Nos tr\u00eas dias que antecedem a coleta do exame \u00e9 preciso evitar, tamb\u00e9m, o uso de suposit\u00f3rio e a realiza\u00e7\u00e3o do toque retal. Por fim, nas 72 horas que antecedem o PSA, o homem n\u00e3o pode ejacular, andar de bicicleta, moto ou cavalo.<br><br>Para realiza\u00e7\u00e3o do exame \u00e9 necess\u00e1rio apresentar documento pessoal com foto e o Cart\u00e3o do SUS (sem o cart\u00e3o o laborat\u00f3rio n\u00e3o coleta o exame). Cada paciente ser\u00e1 orientado quanto ao resultado do exame e a marca\u00e7\u00e3o da consulta com o m\u00e9dico uro-oncologista.<\/p>\n","protected":false},"excerpt":{"rendered":"<p>O Dia D de coleta do exame de PSA (Ant\u00edgeno Prost\u00e1tico Espec\u00edfico) vai ser realizado durante o evento Prefeitura no<\/p>\n","protected":false},"author":2,"featured_media":3470,"comment_status":"open","ping_status":"open","sticky":false,"template":"","format":"standard","meta":{"footnotes":""},"categories":[9,29],"tags":[],"class_list":["post-3469","post","type-post","status-publish","format-standard","has-post-thumbnail","hentry","category-araxa","category-saude"],"_links":{"self":[{"href":"http:\/\/blogdoarmindomaia.com.br\/index.php?rest_route=\/wp\/v2\/posts\/3469","targetHints":{"allow":["GET"]}}],"collection":[{"href":"http:\/\/blogdoarmindomaia.com.br\/index.php?rest_route=\/wp\/v2\/posts"}],"about":[{"href":"http:\/\/blogdoarmindomaia.com.br\/index.php?rest_route=\/wp\/v2\/types\/post"}],"author":[{"embeddable":true,"href":"http:\/\/blogdoarmindomaia.com.br\/index.php?rest_route=\/wp\/v2\/users\/2"}],"replies":[{"embeddable":true,"href":"http:\/\/blogdoarmindomaia.com.br\/index.php?rest_route=%2Fwp%2Fv2%2Fcomments&post=3469"}],"version-history":[{"count":1,"href":"http:\/\/blogdoarmindomaia.com.br\/index.php?rest_route=\/wp\/v2\/posts\/3469\/revisions"}],"predecessor-version":[{"id":3471,"href":"http:\/\/blogdoarmindomaia.com.br\/index.php?rest_route=\/wp\/v2\/posts\/3469\/revisions\/3471"}],"wp:featuredmedia":[{"embeddable":true,"href":"http:\/\/blogdoarmindomaia.com.br\/index.php?rest_route=\/wp\/v2\/media\/3470"}],"wp:attachment":[{"href":"http:\/\/blogdoarmindomaia.com.br\/index.php?rest_route=%2Fwp%2Fv2%2Fmedia&parent=3469"}],"wp:term":[{"taxonomy":"category","embeddable":true,"href":"http:\/\/blogdoarmindomaia.com.br\/index.php?rest_route=%2Fwp%2Fv2%2Fcategories&post=3469"},{"taxonomy":"post_tag","embeddable":true,"href":"http:\/\/blogdoarmindomaia.com.br\/index.php?rest_route=%2Fwp%2Fv2%2Ftags&post=3469"}],"curies":[{"name":"wp","href":"https:\/\/api.w.org\/{rel}","templated":true}]}}