{"id":3498,"date":"2022-11-25T16:05:57","date_gmt":"2022-11-25T19:05:57","guid":{"rendered":"http:\/\/blogdoarmindomaia.com.br\/?p=3498"},"modified":"2022-11-25T16:05:59","modified_gmt":"2022-11-25T19:05:59","slug":"a-8a-edicao-do-prefeitura-no-bairro-acontece-no-buracana-neste-sabado-2","status":"publish","type":"post","link":"http:\/\/blogdoarmindomaia.com.br\/?p=3498","title":{"rendered":"<strong>A 8\u00aa edi\u00e7\u00e3o do Prefeitura no Bairro acontece no Buracan\u00e3 neste s\u00e1bado<\/strong>"},"content":{"rendered":"\n<p><\/p>\n\n\n\n<figure class=\"wp-block-image size-full is-style-default\"><img loading=\"lazy\" decoding=\"async\" width=\"1024\" height=\"683\" src=\"http:\/\/blogdoarmindomaia.com.br\/wp-content\/uploads\/2022\/11\/prefeitura-no-bairro.jpg\" alt=\"\" class=\"wp-image-3499\" srcset=\"http:\/\/blogdoarmindomaia.com.br\/wp-content\/uploads\/2022\/11\/prefeitura-no-bairro.jpg 1024w, http:\/\/blogdoarmindomaia.com.br\/wp-content\/uploads\/2022\/11\/prefeitura-no-bairro-300x200.jpg 300w, http:\/\/blogdoarmindomaia.com.br\/wp-content\/uploads\/2022\/11\/prefeitura-no-bairro-768x512.jpg 768w\" sizes=\"auto, (max-width: 1024px) 100vw, 1024px\" \/><\/figure>\n\n\n\n<p>O projeto Prefeitura no Bairro chega a sua 8\u00aa edi\u00e7\u00e3o com mais de 40 servi\u00e7os para a popula\u00e7\u00e3o. O encontro com toda a estrutura administrativa acontece neste s\u00e1bado (26), no Complexo Esportivo Nadyr Barcellos (Buracan\u00e3), das 8h \u00e0s 12h. Os moradores da regi\u00e3o poder\u00e3o tirar d\u00favidas, sugerir e reivindicar a\u00e7\u00f5es para sua regi\u00e3o.<\/p>\n\n\n\n<p>A grande novidade desta edi\u00e7\u00e3o \u00e9 a realiza\u00e7\u00e3o do Dia D de coleta do exame de PSA (Ant\u00edgeno Prost\u00e1tico Espec\u00edfico) que acontecer\u00e1 das 8h \u00e0s 10h. O exame ser\u00e1 ofertado de forma gratuita para homens a partir de 45 anos. A a\u00e7\u00e3o faz parte da campanha Novembro Azul que incentiva anualmente os cuidados com a sa\u00fade do homem. Durante a campanha trabalha-se a import\u00e2ncia da preven\u00e7\u00e3o e do diagn\u00f3stico precoce de casos de c\u00e2ncer de pr\u00f3stata.<\/p>\n\n\n\n<p>O evento ofertar\u00e1 vacina\u00e7\u00e3o adulta e infantil, assist\u00eancia e acesso a programas sociais e abertura de empresas, conta\u00e7\u00e3o de hist\u00f3rias infantis, recolhimento de eletroeletr\u00f4nicos, solicita\u00e7\u00e3o por servi\u00e7os urbanos, cadastro de produtores rurais e artistas culturais, orienta\u00e7\u00e3o sobre IPTU e o agendamento da 1\u00aa via da Carteira de Identidade.<\/p>\n\n\n\n<p>O projeto contar\u00e1 ainda com atendimentos nas \u00e1reas de A\u00e7\u00e3o Social, Sa\u00fade, Direitos Humanos, Acolhimento \u00e0 Mulher, Habita\u00e7\u00e3o, Trabalho e Emprego, Meio Ambiente, Educa\u00e7\u00e3o, Cidadania, Infraestrutura, Agricultura e Pecu\u00e1ria, Esporte, Lazer, Cultura e Seguran\u00e7a. O Gabinete do Prefeito e a Secretaria de Governo tamb\u00e9m estar\u00e3o \u00e0 disposi\u00e7\u00e3o para receber as demandas da popula\u00e7\u00e3o.<\/p>\n\n\n\n<p><strong>Prefeitura no Bairro &#8211; Buracan\u00e3<br><\/strong><br>&#8211;&nbsp;<strong>Local<\/strong>: Complexo Esportivo Nadyr Barcellos (Buracan\u00e3)<\/p>\n\n\n\n<p>&#8211;&nbsp;<strong>Data<\/strong>: 26 de novembro (s\u00e1bado)<\/p>\n\n\n\n<p>&#8211;&nbsp;<strong>Hor\u00e1rio<\/strong>: 8h \u00e0s 12h<\/p>\n\n\n\n<p><strong>Principais servi\u00e7os que ser\u00e3o oferecidos \u00e0 popula\u00e7\u00e3o:<br><\/strong><br>GABINETE DO PREFEITO E SECRETARIA DE GOVERNO<br>\u2022 Atendimento<\/p>\n\n\n\n<p>SA\u00daDE<br>\u2022 Coleta do exame de PSA (Ant\u00edgeno Prost\u00e1tico Espec\u00edfico)<br>\u2022 Vacina\u00e7\u00e3o contra a Covid-19;<br>\u2022 Vacina\u00e7\u00e3o de rotina &#8211; Influenza, Triviral, Febre Amarela, Hepatite B, T\u00e9tano, HPV (meninas e meninos a partir de 9 anos), Meningoc\u00f3cica ACWY (meninas e meninos de 11 a 14 anos);<br>\u2022 Dia D Municipal com vacina\u00e7\u00e3o contra a Poliomielite e Multivacina\u00e7\u00e3o;<br>\u2022 Orienta\u00e7\u00e3o Nutricional;<br>\u2022 Atualiza\u00e7\u00e3o do Cart\u00e3o do SUS;<br>\u2022 Orienta\u00e7\u00f5es sobre Sa\u00fade da Mulher;<br>\u2022 Aferi\u00e7\u00e3o de press\u00e3o arterial;<br>\u2022 Orienta\u00e7\u00e3o Postural.<\/p>\n\n\n\n<p>SOCIAL<br>\u2022 Informa\u00e7\u00f5es e Cadastro de Programa M\u00e3os \u00e0 Obra;<br>\u2022 Cadastro do Programa Planta Popular (Habitacional);<br>\u2022 Atualiza\u00e7\u00e3o do Cadastro \u00danico;<br>\u2022 Cadastro do Programa Renda B\u00e1sica;<br>\u2022 Orienta\u00e7\u00e3o do ID Jovem;<br>\u2022 Atendimento e Acolhimento \u00e0 Mulher;<br>\u2022 Doa\u00e7\u00e3o de Mudas (Pequeno Jardineiro);<br>\u2022 Cadastro Acessuas e Confec\u00e7\u00e3o de Curr\u00edculos;<\/p>\n\n\n\n<p>PROCON<br>\u2022 Atendimento ao p\u00fablico para reclama\u00e7\u00f5es relativas ao consumo, finan\u00e7as, telefonia e outras.<\/p>\n\n\n\n<p>SINE<br>\u2022 Atendimento sobre vagas de emprego e cadastro de trabalhadores;<br>\u2022 Orienta\u00e7\u00e3o de carreira com a presen\u00e7a de psic\u00f3logo.<\/p>\n\n\n\n<p>DESENVOLVIMENTO ECON\u00d4MICO<br>\u2022 Sala do Empreendedor: como abrir sua pr\u00f3pria empresa;<br>\u2022 Orienta\u00e7\u00e3o sobre o Projeto Arax\u00e1 Empreendedora;<br>\u2022 Inscri\u00e7\u00f5es para cursos de qualifica\u00e7\u00e3o e capacita\u00e7\u00e3o.<\/p>\n\n\n\n<p>TURISMO<br>\u2022 Apresenta\u00e7\u00e3o do Plano Municipal do Turismo;<br>\u2022 Amostra dos Pontos Tur\u00edsticos da cidade;<br>\u2022 Amostra de Produtos.<\/p>\n\n\n\n<p>IPDSA &#8211; MEIO AMBIENTE<br>\u2022 Recolhimento de eletroeletr\u00f4nicos (pilhas, baterias, celulares, etc);<br>\u2022 Requerimento de poda de \u00e1rvores em cal\u00e7ada;<br>\u2022 Coleta de material recicl\u00e1vel.<\/p>\n\n\n\n<p>EDUCA\u00c7\u00c3O<br>\u2022 Orienta\u00e7\u00e3o para educa\u00e7\u00e3o dos filhos;<br>\u2022 Busca ativa de crian\u00e7as de 0 a 5 anos que est\u00e3o fora da escola;<br>\u2022 Busca Ativa de Jovens e Adultos que n\u00e3o completaram o ensino fundamental;<br>\u2022 Biblioteca M\u00f3vel e Conta\u00e7\u00e3o de Hist\u00f3rias.<\/p>\n\n\n\n<p>OBRAS P\u00daBLICAS E MOBILIDADE URBANA<br>\u2022 Apresenta\u00e7\u00e3o de Projetos das Obras da Prefeitura;<br>\u2022 Requerimento de Tapa-Buracos;<br>\u2022 Requerimento de Limpeza Urbana;<br>\u2022 Requerimento de Ilumina\u00e7\u00e3o P\u00fablica.<\/p>\n\n\n\n<p>AGRICULTURA E PECU\u00c1RIA<br>\u2022 Cadastro de Produtores;<br>\u2022 Como obter o SIM (Selo de Inspe\u00e7\u00e3o Municipal);<br>\u2022 Inscri\u00e7\u00f5es de Programas.<\/p>\n\n\n\n<p>ESPORTES<br>\u2022 Recrea\u00e7\u00e3o;<br>\u2022 Gin\u00e1stica para Terceira Idade;<br>\u2022 Projeto Viva a Vida;<br>\u2022 Aula Funcional.<\/p>\n\n\n\n<p>FAZENDA, PLANEJAMENTO E GEST\u00c3O<br>\u2022 Rec\u00e1lculo de parcelas atrasadas de IPTU e D\u00edvida Ativa;<br>\u2022 Emiss\u00e3o de guias de IPTU;<br>\u2022 Isen\u00e7\u00e3o de IPTU para aposentados e pensionistas;<br>\u2022 Orienta\u00e7\u00f5es tribut\u00e1rias;<br>\u2022 Orienta\u00e7\u00f5es e preenchimentos de requerimentos de isen\u00e7\u00f5es e outros.<\/p>\n\n\n\n<p>SEGURAN\u00c7A P\u00daBLICA<br>\u2022 Agendamento para emiss\u00e3o de 1\u00aa via de Identidade;<br>\u2022 Emiss\u00e3o de Cart\u00e3o de Estacionamento para Idoso;<br>\u2022 Emiss\u00e3o de Estacionamento para Deficiente.<\/p>\n\n\n\n<p>CULTURA<br>\u2022 Cadastro de Artistas;<br>\u2022 Apresenta\u00e7\u00e3o Musical;<br>\u2022 Oficinas Culturais.<\/p>\n\n\n\n<p>IPREMA<br>\u2022 Orienta\u00e7\u00e3o Previdenci\u00e1ria (Regime Geral e Iprema).<\/p>\n\n\n\n<p>VIGIL\u00c2NCIA EM SA\u00daDE<br>\u2022 Atendimentos Cerest;<br>\u2022 Exames CTA;<br>\u2022 Atendimento veterin\u00e1rio;<br>\u2022 Ado\u00e7\u00e3o de C\u00e3es;<br>\u2022 Orienta\u00e7\u00e3o Dengue e Animais Pe\u00e7onhentos.<\/p>\n\n\n\n<p><\/p>\n","protected":false},"excerpt":{"rendered":"<p>O projeto Prefeitura no Bairro chega a sua 8\u00aa edi\u00e7\u00e3o com mais de 40 servi\u00e7os para a popula\u00e7\u00e3o. O encontro<\/p>\n","protected":false},"author":2,"featured_media":3499,"comment_status":"open","ping_status":"open","sticky":false,"template":"","format":"standard","meta":{"footnotes":""},"categories":[9,11],"tags":[],"class_list":["post-3498","post","type-post","status-publish","format-standard","has-post-thumbnail","hentry","category-araxa","category-destaques"],"_links":{"self":[{"href":"http:\/\/blogdoarmindomaia.com.br\/index.php?rest_route=\/wp\/v2\/posts\/3498","targetHints":{"allow":["GET"]}}],"collection":[{"href":"http:\/\/blogdoarmindomaia.com.br\/index.php?rest_route=\/wp\/v2\/posts"}],"about":[{"href":"http:\/\/blogdoarmindomaia.com.br\/index.php?rest_route=\/wp\/v2\/types\/post"}],"author":[{"embeddable":true,"href":"http:\/\/blogdoarmindomaia.com.br\/index.php?rest_route=\/wp\/v2\/users\/2"}],"replies":[{"embeddable":true,"href":"http:\/\/blogdoarmindomaia.com.br\/index.php?rest_route=%2Fwp%2Fv2%2Fcomments&post=3498"}],"version-history":[{"count":1,"href":"http:\/\/blogdoarmindomaia.com.br\/index.php?rest_route=\/wp\/v2\/posts\/3498\/revisions"}],"predecessor-version":[{"id":3500,"href":"http:\/\/blogdoarmindomaia.com.br\/index.php?rest_route=\/wp\/v2\/posts\/3498\/revisions\/3500"}],"wp:featuredmedia":[{"embeddable":true,"href":"http:\/\/blogdoarmindomaia.com.br\/index.php?rest_route=\/wp\/v2\/media\/3499"}],"wp:attachment":[{"href":"http:\/\/blogdoarmindomaia.com.br\/index.php?rest_route=%2Fwp%2Fv2%2Fmedia&parent=3498"}],"wp:term":[{"taxonomy":"category","embeddable":true,"href":"http:\/\/blogdoarmindomaia.com.br\/index.php?rest_route=%2Fwp%2Fv2%2Fcategories&post=3498"},{"taxonomy":"post_tag","embeddable":true,"href":"http:\/\/blogdoarmindomaia.com.br\/index.php?rest_route=%2Fwp%2Fv2%2Ftags&post=3498"}],"curies":[{"name":"wp","href":"https:\/\/api.w.org\/{rel}","templated":true}]}}