{"id":351,"date":"2022-04-15T23:05:37","date_gmt":"2022-04-16T02:05:37","guid":{"rendered":"http:\/\/blogdoarmindomaia.com.br\/?p=351"},"modified":"2022-04-16T03:26:49","modified_gmt":"2022-04-16T06:26:49","slug":"categorias-sub-15-e-sub-17-do-dinamo-estreiam-no-campeonato-mineiro-contra-o-cruzeiro-neste-sabado","status":"publish","type":"post","link":"http:\/\/blogdoarmindomaia.com.br\/?p=351","title":{"rendered":"Categorias sub-15 e sub-17 do D\u00ednamo estreiam no Campeonato Mineiro contra o Cruzeiro neste s\u00e1bado"},"content":{"rendered":"\n<figure class=\"wp-block-image size-large is-style-default\"><img loading=\"lazy\" decoding=\"async\" width=\"1024\" height=\"685\" src=\"http:\/\/blogdoarmindomaia.com.br\/wp-content\/uploads\/2022\/04\/Dinamo-sub-15-1024x685.jpg\" alt=\"\" class=\"wp-image-352\" srcset=\"http:\/\/blogdoarmindomaia.com.br\/wp-content\/uploads\/2022\/04\/Dinamo-sub-15-1024x685.jpg 1024w, http:\/\/blogdoarmindomaia.com.br\/wp-content\/uploads\/2022\/04\/Dinamo-sub-15-300x201.jpg 300w, http:\/\/blogdoarmindomaia.com.br\/wp-content\/uploads\/2022\/04\/Dinamo-sub-15-768x513.jpg 768w, http:\/\/blogdoarmindomaia.com.br\/wp-content\/uploads\/2022\/04\/Dinamo-sub-15.jpg 1080w\" sizes=\"auto, (max-width: 1024px) 100vw, 1024px\" \/><\/figure>\n\n\n\n<p>A Associa\u00e7\u00e3o Esportiva D\u00ednamo Esporte Clube estreia neste s\u00e1bado (16\/4) no Campeonato Mineiro nas categorias sub-15 e sub-17 contra o Cruzeiro, na Arena Gregor\u00e3o, em Contagem. A categoria sub-15 entra em campo \u00e0s 9h, enquanto a sub-17 enfrenta a Raposa \u00e0s 11h da manh\u00e3.<\/p>\n\n\n\n<p>Os dois campeonatos ter\u00e3o a participa\u00e7\u00e3o de 15 equipes: D\u00ednamo; Am\u00e9rica Futebol Clube; Athletic Club Esportes; Atl\u00e9tico Clube Tr\u00eas Cora\u00e7\u00f5es; Betim Futebol; Boston City; Clube Atl\u00e9tico Mineiro; Cruzeiro Esporte Clube; Esporte Clube Futgol; Funorte Esporte Clube; Internacional de Minas; Inter S\u00e3o Gotardo; Minas Boca; Santarritense e Varginha.<\/p>\n\n\n\n<p>Na primeira fase, o regulamento prev\u00ea confronto de todos contra todos, em turno \u00fanico.<\/p>\n\n\n\n<p>Os oito melhores colocados avan\u00e7am para as quartas de final, depois quatro para as semifinais e, por fim, \u00e0s finais. Nas fases de mata-mata, os jogos ser\u00e3o no sistema de ida e volta.<\/p>\n\n\n\n<p>Em 2021, a categoria sub-17 do Azul\u00e3o terminou o campeonato entre as oito melhores campanhas da edi\u00e7\u00e3o. Para este ano, a expectativa \u00e9 alta para que as duas categorias alcancem coloca\u00e7\u00f5es ainda melhores.<\/p>\n\n\n\n<p>\u201cEste ano estamos tendo o retorno da categoria sub-15 na disputa do estadual. Estamos com dois bons elencos, por isso, a expectativa \u00e9 das melhores. Nosso objetivo \u00e9 de conseguir bons resultados para trazermos o t\u00edtulo do interior para o D\u00ednamo, que ainda nos falta. A participa\u00e7\u00e3o no Campeonato demonstra o quanto o nosso trabalho est\u00e1 indo no caminho certo\u201d, destaca o supervisor das categorias de base, Ronaldo Alves.<\/p>\n","protected":false},"excerpt":{"rendered":"<p>A Associa\u00e7\u00e3o Esportiva D\u00ednamo Esporte Clube estreia neste s\u00e1bado (16\/4) no Campeonato Mineiro nas categorias sub-15 e sub-17 contra o<\/p>\n","protected":false},"author":2,"featured_media":352,"comment_status":"open","ping_status":"open","sticky":false,"template":"","format":"standard","meta":{"footnotes":""},"categories":[15],"tags":[],"class_list":["post-351","post","type-post","status-publish","format-standard","has-post-thumbnail","hentry","category-esportes"],"_links":{"self":[{"href":"http:\/\/blogdoarmindomaia.com.br\/index.php?rest_route=\/wp\/v2\/posts\/351","targetHints":{"allow":["GET"]}}],"collection":[{"href":"http:\/\/blogdoarmindomaia.com.br\/index.php?rest_route=\/wp\/v2\/posts"}],"about":[{"href":"http:\/\/blogdoarmindomaia.com.br\/index.php?rest_route=\/wp\/v2\/types\/post"}],"author":[{"embeddable":true,"href":"http:\/\/blogdoarmindomaia.com.br\/index.php?rest_route=\/wp\/v2\/users\/2"}],"replies":[{"embeddable":true,"href":"http:\/\/blogdoarmindomaia.com.br\/index.php?rest_route=%2Fwp%2Fv2%2Fcomments&post=351"}],"version-history":[{"count":1,"href":"http:\/\/blogdoarmindomaia.com.br\/index.php?rest_route=\/wp\/v2\/posts\/351\/revisions"}],"predecessor-version":[{"id":353,"href":"http:\/\/blogdoarmindomaia.com.br\/index.php?rest_route=\/wp\/v2\/posts\/351\/revisions\/353"}],"wp:featuredmedia":[{"embeddable":true,"href":"http:\/\/blogdoarmindomaia.com.br\/index.php?rest_route=\/wp\/v2\/media\/352"}],"wp:attachment":[{"href":"http:\/\/blogdoarmindomaia.com.br\/index.php?rest_route=%2Fwp%2Fv2%2Fmedia&parent=351"}],"wp:term":[{"taxonomy":"category","embeddable":true,"href":"http:\/\/blogdoarmindomaia.com.br\/index.php?rest_route=%2Fwp%2Fv2%2Fcategories&post=351"},{"taxonomy":"post_tag","embeddable":true,"href":"http:\/\/blogdoarmindomaia.com.br\/index.php?rest_route=%2Fwp%2Fv2%2Ftags&post=351"}],"curies":[{"name":"wp","href":"https:\/\/api.w.org\/{rel}","templated":true}]}}