{"id":3510,"date":"2022-11-28T10:57:31","date_gmt":"2022-11-28T13:57:31","guid":{"rendered":"http:\/\/blogdoarmindomaia.com.br\/?p=3510"},"modified":"2022-11-28T10:57:33","modified_gmt":"2022-11-28T13:57:33","slug":"recital-de-musica-brasileira-em-araxa","status":"publish","type":"post","link":"http:\/\/blogdoarmindomaia.com.br\/?p=3510","title":{"rendered":"Recital de M\u00fasica Brasileira em Arax\u00e1"},"content":{"rendered":"\n<figure class=\"wp-block-image size-large is-style-default\"><img loading=\"lazy\" decoding=\"async\" width=\"1024\" height=\"1024\" src=\"http:\/\/blogdoarmindomaia.com.br\/wp-content\/uploads\/2022\/11\/Recital-de-Musica-1-1024x1024.jpeg\" alt=\"\" class=\"wp-image-3511\" srcset=\"http:\/\/blogdoarmindomaia.com.br\/wp-content\/uploads\/2022\/11\/Recital-de-Musica-1-1024x1024.jpeg 1024w, http:\/\/blogdoarmindomaia.com.br\/wp-content\/uploads\/2022\/11\/Recital-de-Musica-1-300x300.jpeg 300w, http:\/\/blogdoarmindomaia.com.br\/wp-content\/uploads\/2022\/11\/Recital-de-Musica-1-150x150.jpeg 150w, http:\/\/blogdoarmindomaia.com.br\/wp-content\/uploads\/2022\/11\/Recital-de-Musica-1-768x768.jpeg 768w, http:\/\/blogdoarmindomaia.com.br\/wp-content\/uploads\/2022\/11\/Recital-de-Musica-1.jpeg 1080w\" sizes=\"auto, (max-width: 1024px) 100vw, 1024px\" \/><\/figure>\n\n\n\n<p>Uma noite de apresenta\u00e7\u00e3o que unir\u00e1 voz e piano, trazendo o melhor da m\u00fasica erudita brasileira. Nesta ter\u00e7a-feira (29), \u00e0s 20h, a Funda\u00e7\u00e3o Cultural Calmon Barreto promove, no Teatro Municipal Maximiliano Rocha, o concerto gratuito \u2018Recital de M\u00fasica Brasileira\u2019, com os professores da Escola Municipal de M\u00fasica Maestro Elias Porf\u00edrio de Azevedo, Henrique Natal e Eleny Abreu, e com o pianista amazonense convidado, Marcos Leite.<br><br>De acordo com Henrique Natal, o objetivo da apresenta\u00e7\u00e3o \u00e9 trazer a mais pessoas a cultura da m\u00fasica erudita. \u201cA m\u00fasica instrumental, tanto o piano quanto a m\u00fasica de canto, possuem escritas maravilhosas. O Brasil \u00e9 muito rico nisso. Por isso, decidimos uni-las e traz\u00ea-las ao p\u00fablico em uma s\u00f3 apresenta\u00e7\u00e3o\u201d, ressalta.<br><br>O repert\u00f3rio de canto contar\u00e1 com compositores como Babi de Oliveira e Raquel Tavares. J\u00e1 no piano, grandes composi\u00e7\u00f5es de artistas de renome internacional ser\u00e3o apresentadas, conforme destaca o pianista Marcos Leite.<br><br>\u201cNo piano, vou executar quatro das 12 Valsas de Esquina, escritas por Francisco Mignoni, que s\u00e3o bel\u00edssimas, de cunho rom\u00e2ntico. Depois, do mesmo autor, teremos a Lenda Sertaneja n\u00famero 2, que tem uma cita\u00e7\u00e3o do tema Luar do Sert\u00e3o, de Jo\u00e3o Pernambuco. Outro m\u00fasico presente no concerto \u00e9 o Oscar Louren\u00e7o Fernandes, e dele irei executar tr\u00eas su\u00edtes brasileiras, em movimentos sucintos\u201d, acrescenta Marcos.<br><br>O recital ser\u00e1 dividido em tr\u00eas momentos: o primeiro com Eleny Abreu no piano e Henrique Natal no canto; o segundo com a apresenta\u00e7\u00e3o solo de Marcos Leite no piano; e, por fim, a performance em dupla de Henrique Natal e Marcos Leite. A entrada est\u00e1 sujeita \u00e0 lota\u00e7\u00e3o do espa\u00e7o.<br><\/p>\n","protected":false},"excerpt":{"rendered":"<p>Uma noite de apresenta\u00e7\u00e3o que unir\u00e1 voz e piano, trazendo o melhor da m\u00fasica erudita brasileira. Nesta ter\u00e7a-feira (29), \u00e0s<\/p>\n","protected":false},"author":2,"featured_media":3511,"comment_status":"open","ping_status":"open","sticky":false,"template":"","format":"standard","meta":{"footnotes":""},"categories":[9,5],"tags":[],"class_list":["post-3510","post","type-post","status-publish","format-standard","has-post-thumbnail","hentry","category-araxa","category-arte-e-cultura"],"_links":{"self":[{"href":"http:\/\/blogdoarmindomaia.com.br\/index.php?rest_route=\/wp\/v2\/posts\/3510","targetHints":{"allow":["GET"]}}],"collection":[{"href":"http:\/\/blogdoarmindomaia.com.br\/index.php?rest_route=\/wp\/v2\/posts"}],"about":[{"href":"http:\/\/blogdoarmindomaia.com.br\/index.php?rest_route=\/wp\/v2\/types\/post"}],"author":[{"embeddable":true,"href":"http:\/\/blogdoarmindomaia.com.br\/index.php?rest_route=\/wp\/v2\/users\/2"}],"replies":[{"embeddable":true,"href":"http:\/\/blogdoarmindomaia.com.br\/index.php?rest_route=%2Fwp%2Fv2%2Fcomments&post=3510"}],"version-history":[{"count":1,"href":"http:\/\/blogdoarmindomaia.com.br\/index.php?rest_route=\/wp\/v2\/posts\/3510\/revisions"}],"predecessor-version":[{"id":3512,"href":"http:\/\/blogdoarmindomaia.com.br\/index.php?rest_route=\/wp\/v2\/posts\/3510\/revisions\/3512"}],"wp:featuredmedia":[{"embeddable":true,"href":"http:\/\/blogdoarmindomaia.com.br\/index.php?rest_route=\/wp\/v2\/media\/3511"}],"wp:attachment":[{"href":"http:\/\/blogdoarmindomaia.com.br\/index.php?rest_route=%2Fwp%2Fv2%2Fmedia&parent=3510"}],"wp:term":[{"taxonomy":"category","embeddable":true,"href":"http:\/\/blogdoarmindomaia.com.br\/index.php?rest_route=%2Fwp%2Fv2%2Fcategories&post=3510"},{"taxonomy":"post_tag","embeddable":true,"href":"http:\/\/blogdoarmindomaia.com.br\/index.php?rest_route=%2Fwp%2Fv2%2Ftags&post=3510"}],"curies":[{"name":"wp","href":"https:\/\/api.w.org\/{rel}","templated":true}]}}