{"id":3519,"date":"2022-11-28T11:13:00","date_gmt":"2022-11-28T14:13:00","guid":{"rendered":"http:\/\/blogdoarmindomaia.com.br\/?p=3519"},"modified":"2022-11-28T11:13:02","modified_gmt":"2022-11-28T14:13:02","slug":"araxa-alerta-para-o-aumento-do-numero-de-casos-de-covid-19","status":"publish","type":"post","link":"http:\/\/blogdoarmindomaia.com.br\/?p=3519","title":{"rendered":"<strong>&nbsp;Arax\u00e1 alerta para o aumento do n\u00famero de casos de Covid-19<\/strong>"},"content":{"rendered":"\n<figure class=\"wp-block-image size-full is-style-default\"><img loading=\"lazy\" decoding=\"async\" width=\"800\" height=\"389\" src=\"http:\/\/blogdoarmindomaia.com.br\/wp-content\/uploads\/2022\/11\/Araxa-alerta-para-o-aumento-do-numero-de-casos-de-Covid-19-pag-03.jpeg\" alt=\"\" class=\"wp-image-3520\" srcset=\"http:\/\/blogdoarmindomaia.com.br\/wp-content\/uploads\/2022\/11\/Araxa-alerta-para-o-aumento-do-numero-de-casos-de-Covid-19-pag-03.jpeg 800w, http:\/\/blogdoarmindomaia.com.br\/wp-content\/uploads\/2022\/11\/Araxa-alerta-para-o-aumento-do-numero-de-casos-de-Covid-19-pag-03-300x146.jpeg 300w, http:\/\/blogdoarmindomaia.com.br\/wp-content\/uploads\/2022\/11\/Araxa-alerta-para-o-aumento-do-numero-de-casos-de-Covid-19-pag-03-768x373.jpeg 768w\" sizes=\"auto, (max-width: 800px) 100vw, 800px\" \/><\/figure>\n\n\n\n<p>O Minist\u00e9rio da Sa\u00fade divulgou uma nota t\u00e9cnica alertando Estados e munic\u00edpios sobre o aumento do n\u00famero de casos de Covid-19 e a circula\u00e7\u00e3o de novas linhagens da variante de preocupa\u00e7\u00e3o (VOC) Omicron. Diante o alerta, a Prefeitura de Arax\u00e1 esclarece que segue acompanhando a situa\u00e7\u00e3o na cidade e elaborando medidas que possam conter a prolifera\u00e7\u00e3o do v\u00edrus.<br><br>A Secretaria de Estado de Sa\u00fade (SES\/MG) por meio do Centro de Informa\u00e7\u00f5es Estrat\u00e9gicas em Vigil\u00e2ncia em Sa\u00fade (CIEVS Minas) faz as seguintes considera\u00e7\u00f5es e recomenda\u00e7\u00f5es:<br>&nbsp; &nbsp; &nbsp; &nbsp; &nbsp; &nbsp;<br>\u2022 \u00c9 necess\u00e1ria a complementa\u00e7\u00e3o do esquema vacinal com todas as doses de refor\u00e7o, de acordo com os grupos de risco e faixas et\u00e1rias;<br><br>\u2022 Os dados epidemiol\u00f3gicos no Brasil indicam um aumento no n\u00famero de casos de COVID-19 nas \u00faltimas semanas;<br><br>\u2022 No \u00e2mbito da vigil\u00e2ncia gen\u00f4mica foram identificadas em outras unidades da federa\u00e7\u00e3o a sublinhagem BQ.1 da variante Omicron;<br><br>\u2022 Segundo a Organiza\u00e7\u00e3o Mundial de Sa\u00fade, a BQ.1 \u00e9 uma sublinhagem da BA.5, ambas descendentes da Omicron, e que carregam muta\u00e7\u00f5es na prote\u00edna Spike;<br><br>\u2022 De acordo com a nota t\u00e9cnica do Minist\u00e9rio da Sa\u00fade, at\u00e9 o presente momento n\u00e3o existem dados epidemiol\u00f3gicos que sugerem um aumento na gravidade da doen\u00e7a por esta nova sublinhagem.<br><br>O uso de m\u00e1scara \u00e9 recomendado nas seguintes situa\u00e7\u00f5es:<br><br>\u2022 Indiv\u00edduos com fatores de risco para complica\u00e7\u00f5es da COVID-19 (imunossuprimidos, gestantes, idosos, pessoas com comorbidades);<br><br>\u2022 Pessoas com sintomas gripais;<br><br>\u2022 Contatos pr\u00f3ximos de caso suspeito ou confirmado de Covid-19;<br><br>\u2022 Em locais fechados, mal ventilados ou com aglomera\u00e7\u00f5es;<br><br>\u2022 &nbsp;Em todos os servi\u00e7os de sa\u00fade.<br><br>A secret\u00e1ria municipal de Sa\u00fade, Cristiane Gon\u00e7alves Pereira, pede que a popula\u00e7\u00e3o continue respeitando as medidas restritivas e os protocolos higi\u00eanicos no combate ao v\u00edrus. \u201cInfelizmente, estamos enfrentando um crescente n\u00famero de casos da doen\u00e7a no pa\u00eds. \u00c9 preciso que a popula\u00e7\u00e3o se conscientize sobre as medidas de preven\u00e7\u00e3o acerca da doen\u00e7a\u201d, explica.<br>&nbsp;<br>A nota t\u00e9cnica do Minist\u00e9rio da Sa\u00fade est\u00e1 dispon\u00edvel no link (&nbsp;<a href=\"https:\/\/www.gov.br\/saude\/pt-br\/coronavirus\/notas-tecnicas\/2022\/nota-tecnica-no-16-2022-cggripe-deidt-svs-ms\/view\" target=\"_blank\" rel=\"noreferrer noopener\">https:\/\/www.gov.br\/saude\/pt-br\/coronavirus\/notas-tecnicas\/2022\/nota-tecnica-no-16-2022-cggripe-deidt-svs-ms\/view<\/a>&nbsp;) .<br><\/p>\n","protected":false},"excerpt":{"rendered":"<p>O Minist\u00e9rio da Sa\u00fade divulgou uma nota t\u00e9cnica alertando Estados e munic\u00edpios sobre o aumento do n\u00famero de casos de<\/p>\n","protected":false},"author":2,"featured_media":3520,"comment_status":"open","ping_status":"open","sticky":false,"template":"","format":"standard","meta":{"footnotes":""},"categories":[9,29],"tags":[],"class_list":["post-3519","post","type-post","status-publish","format-standard","has-post-thumbnail","hentry","category-araxa","category-saude"],"_links":{"self":[{"href":"http:\/\/blogdoarmindomaia.com.br\/index.php?rest_route=\/wp\/v2\/posts\/3519","targetHints":{"allow":["GET"]}}],"collection":[{"href":"http:\/\/blogdoarmindomaia.com.br\/index.php?rest_route=\/wp\/v2\/posts"}],"about":[{"href":"http:\/\/blogdoarmindomaia.com.br\/index.php?rest_route=\/wp\/v2\/types\/post"}],"author":[{"embeddable":true,"href":"http:\/\/blogdoarmindomaia.com.br\/index.php?rest_route=\/wp\/v2\/users\/2"}],"replies":[{"embeddable":true,"href":"http:\/\/blogdoarmindomaia.com.br\/index.php?rest_route=%2Fwp%2Fv2%2Fcomments&post=3519"}],"version-history":[{"count":1,"href":"http:\/\/blogdoarmindomaia.com.br\/index.php?rest_route=\/wp\/v2\/posts\/3519\/revisions"}],"predecessor-version":[{"id":3521,"href":"http:\/\/blogdoarmindomaia.com.br\/index.php?rest_route=\/wp\/v2\/posts\/3519\/revisions\/3521"}],"wp:featuredmedia":[{"embeddable":true,"href":"http:\/\/blogdoarmindomaia.com.br\/index.php?rest_route=\/wp\/v2\/media\/3520"}],"wp:attachment":[{"href":"http:\/\/blogdoarmindomaia.com.br\/index.php?rest_route=%2Fwp%2Fv2%2Fmedia&parent=3519"}],"wp:term":[{"taxonomy":"category","embeddable":true,"href":"http:\/\/blogdoarmindomaia.com.br\/index.php?rest_route=%2Fwp%2Fv2%2Fcategories&post=3519"},{"taxonomy":"post_tag","embeddable":true,"href":"http:\/\/blogdoarmindomaia.com.br\/index.php?rest_route=%2Fwp%2Fv2%2Ftags&post=3519"}],"curies":[{"name":"wp","href":"https:\/\/api.w.org\/{rel}","templated":true}]}}