{"id":3522,"date":"2022-11-28T11:24:32","date_gmt":"2022-11-28T14:24:32","guid":{"rendered":"http:\/\/blogdoarmindomaia.com.br\/?p=3522"},"modified":"2022-11-28T11:24:34","modified_gmt":"2022-11-28T14:24:34","slug":"camara-realiza-reuniao-solene-para-entrega-das-medalhas-dom-jose-gaspar-geraldo-porfirio-botelho-e-titulo-de-cidadania-honoraria","status":"publish","type":"post","link":"http:\/\/blogdoarmindomaia.com.br\/?p=3522","title":{"rendered":"<strong>C\u00e2mara realiza Reuni\u00e3o Solene para entrega das Medalhas Dom Jos\u00e9 Gaspar, Geraldo Porf\u00edrio Botelho e T\u00edtulo de Cidadania Honor\u00e1ria<\/strong>"},"content":{"rendered":"\n<figure class=\"wp-block-image size-large is-style-default\"><img loading=\"lazy\" decoding=\"async\" width=\"1024\" height=\"683\" src=\"http:\/\/blogdoarmindomaia.com.br\/wp-content\/uploads\/2022\/11\/MG_0786-1024x683.jpg\" alt=\"\" class=\"wp-image-3523\" srcset=\"http:\/\/blogdoarmindomaia.com.br\/wp-content\/uploads\/2022\/11\/MG_0786-1024x683.jpg 1024w, http:\/\/blogdoarmindomaia.com.br\/wp-content\/uploads\/2022\/11\/MG_0786-300x200.jpg 300w, http:\/\/blogdoarmindomaia.com.br\/wp-content\/uploads\/2022\/11\/MG_0786-768x512.jpg 768w, http:\/\/blogdoarmindomaia.com.br\/wp-content\/uploads\/2022\/11\/MG_0786.jpg 1500w\" sizes=\"auto, (max-width: 1024px) 100vw, 1024px\" \/><\/figure>\n\n\n\n<figure class=\"wp-block-image size-large is-style-default\"><img loading=\"lazy\" decoding=\"async\" width=\"1024\" height=\"683\" src=\"http:\/\/blogdoarmindomaia.com.br\/wp-content\/uploads\/2022\/11\/Camara-realiza-Reuniao-Solene-para-entrega-das-Medalhas-pag-09-1024x683.jpg\" alt=\"\" class=\"wp-image-3524\" srcset=\"http:\/\/blogdoarmindomaia.com.br\/wp-content\/uploads\/2022\/11\/Camara-realiza-Reuniao-Solene-para-entrega-das-Medalhas-pag-09-1024x683.jpg 1024w, http:\/\/blogdoarmindomaia.com.br\/wp-content\/uploads\/2022\/11\/Camara-realiza-Reuniao-Solene-para-entrega-das-Medalhas-pag-09-300x200.jpg 300w, http:\/\/blogdoarmindomaia.com.br\/wp-content\/uploads\/2022\/11\/Camara-realiza-Reuniao-Solene-para-entrega-das-Medalhas-pag-09-768x512.jpg 768w, http:\/\/blogdoarmindomaia.com.br\/wp-content\/uploads\/2022\/11\/Camara-realiza-Reuniao-Solene-para-entrega-das-Medalhas-pag-09.jpg 1500w\" sizes=\"auto, (max-width: 1024px) 100vw, 1024px\" \/><\/figure>\n\n\n\n<figure class=\"wp-block-image size-large is-style-default\"><img loading=\"lazy\" decoding=\"async\" width=\"1024\" height=\"507\" src=\"http:\/\/blogdoarmindomaia.com.br\/wp-content\/uploads\/2022\/11\/DSC_5229-1024x507.jpg\" alt=\"\" class=\"wp-image-3525\" srcset=\"http:\/\/blogdoarmindomaia.com.br\/wp-content\/uploads\/2022\/11\/DSC_5229-1024x507.jpg 1024w, http:\/\/blogdoarmindomaia.com.br\/wp-content\/uploads\/2022\/11\/DSC_5229-300x149.jpg 300w, http:\/\/blogdoarmindomaia.com.br\/wp-content\/uploads\/2022\/11\/DSC_5229-768x380.jpg 768w, http:\/\/blogdoarmindomaia.com.br\/wp-content\/uploads\/2022\/11\/DSC_5229.jpg 1500w\" sizes=\"auto, (max-width: 1024px) 100vw, 1024px\" \/><\/figure>\n\n\n\n<p>A C\u00e2mara Municipal de Arax\u00e1 realizou a Solenidade de Outorga da Medalha Dom Jos\u00e9 Gaspar e T\u00edtulo de Cidadania Honor\u00e1ria, na sexta-feira (25), no Teatro Municipal de Arax\u00e1. A Associa\u00e7\u00e3o da Imprensa Araxaense (AIA) tamb\u00e9m fez a entrega da Medalha Geraldo Porf\u00edrio Botelho durante a cerim\u00f4nia que reuniu vereadores, autoridades, homenageados, familiares e comunidade.<\/p>\n\n\n\n<p>A primeira honraria entregue na noite foi a Medalha Geraldo Porf\u00edrio Botelho. A homenagem foi criada no ano de 2012, para reconhecer o trabalho dos representantes da \u00e1rea da comunica\u00e7\u00e3o social, que escreveram e escrevem seus nomes nas p\u00e1ginas da imprensa virtual, escrita, falada e televisionada. O homenageado \u00e9 uma indica\u00e7\u00e3o da AIA (Associa\u00e7\u00e3o da Imprensa Araxaense). O agraciado do ano de 2022 foi o radialista, comunicador, digital influencer e empres\u00e1rio no ramo de publicidade, Walter Ferreira de Jesus J\u00fanior.<\/p>\n\n\n\n<p>Em seguida, os parlamentares entregaram a Medalha Dom Jos\u00e9 Gaspar que \u00e9 uma honraria que confere tributo ao m\u00e9rito de pessoas f\u00edsicas notoriamente destacadas de seus contempor\u00e2neos, por sua atividade profissional, pela conduta de vida positiva e exemplar, ou por seu desempenho social e filantr\u00f3pico.<\/p>\n\n\n\n<p>Os homenageados da noite foram: Alexandre Scalon Neto, Edivalde Jos\u00e9 Pimenta, F\u00e1bio C\u00e9sar Rios, Giovanni Alves Ferreira, Giovanni Andrade Garcia, Padre Jonathan Alex da Costa, Jos\u00e9 Augusto Espelho de Aquino, Manfredo Marques Machado, Maria Aparecida da Silva Vaz, Maria Cristina Prado de Resende, Mirthes Mirian Pereira, Major PM Reginaldo Corr\u00eaa Silva, Senezomar de Aquino J\u00fanior, Valdeci Fernandes Pereira e Vicente Donizetti da Silva.<\/p>\n\n\n\n<p>A \u00faltima honraria entregue na solenidade foi o T\u00edtulo de Cidadania Honor\u00e1ria, que foi institu\u00eddo com o objetivo de reconhecer o m\u00e9rito de cidad\u00e3os que tenham prestado relevantes servi\u00e7os \u00e0 comunidade de Arax\u00e1, sem aqui terem nascido.<\/p>\n\n\n\n<p>Os homenageados com o T\u00edtulo foram: Alan Mustaf\u00e1 Ahmar, Alcineia Suely de Sales, Ant\u00f4nio Fernando Silva Dias, Diogo de Brito Sousa, Eur\u00edpedes Jos\u00e9 dos Anjos, Jos\u00e9 Humberto Gon\u00e7alves, Keyla Barbosa Machado, Luciano Marcos Curi, Manoel Br\u00e1s Filho, Marcelo Menezes de Brito Xavier, Maria Abadia Leopoldino S\u00e1 Caetano, Mariana Rios Luz, Maricell Barros Hussein, Petr\u00f4nio Moreira Vargas e Reginaldo Cangirana dos Santos.<\/p>\n\n\n\n<p>Ao final da cerim\u00f4nia o presidente da C\u00e2mara Municipal de Arax\u00e1, vereador Raphael Rios, fez um agradecimento especial \u00e0s servidoras do Legislativo que organizam os eventos com empenho e dedica\u00e7\u00e3o. Ele tamb\u00e9m lembrou que as honrarias s\u00e3o uma forma de o Pode Legislativo reconhecer e agradecer os homenageados pelos relevantes servi\u00e7os prestados para a cidade de Arax\u00e1.<\/p>\n","protected":false},"excerpt":{"rendered":"<p>A C\u00e2mara Municipal de Arax\u00e1 realizou a Solenidade de Outorga da Medalha Dom Jos\u00e9 Gaspar e T\u00edtulo de Cidadania Honor\u00e1ria,<\/p>\n","protected":false},"author":2,"featured_media":3524,"comment_status":"open","ping_status":"open","sticky":false,"template":"","format":"standard","meta":{"footnotes":""},"categories":[9,11],"tags":[],"class_list":["post-3522","post","type-post","status-publish","format-standard","has-post-thumbnail","hentry","category-araxa","category-destaques"],"_links":{"self":[{"href":"http:\/\/blogdoarmindomaia.com.br\/index.php?rest_route=\/wp\/v2\/posts\/3522","targetHints":{"allow":["GET"]}}],"collection":[{"href":"http:\/\/blogdoarmindomaia.com.br\/index.php?rest_route=\/wp\/v2\/posts"}],"about":[{"href":"http:\/\/blogdoarmindomaia.com.br\/index.php?rest_route=\/wp\/v2\/types\/post"}],"author":[{"embeddable":true,"href":"http:\/\/blogdoarmindomaia.com.br\/index.php?rest_route=\/wp\/v2\/users\/2"}],"replies":[{"embeddable":true,"href":"http:\/\/blogdoarmindomaia.com.br\/index.php?rest_route=%2Fwp%2Fv2%2Fcomments&post=3522"}],"version-history":[{"count":1,"href":"http:\/\/blogdoarmindomaia.com.br\/index.php?rest_route=\/wp\/v2\/posts\/3522\/revisions"}],"predecessor-version":[{"id":3526,"href":"http:\/\/blogdoarmindomaia.com.br\/index.php?rest_route=\/wp\/v2\/posts\/3522\/revisions\/3526"}],"wp:featuredmedia":[{"embeddable":true,"href":"http:\/\/blogdoarmindomaia.com.br\/index.php?rest_route=\/wp\/v2\/media\/3524"}],"wp:attachment":[{"href":"http:\/\/blogdoarmindomaia.com.br\/index.php?rest_route=%2Fwp%2Fv2%2Fmedia&parent=3522"}],"wp:term":[{"taxonomy":"category","embeddable":true,"href":"http:\/\/blogdoarmindomaia.com.br\/index.php?rest_route=%2Fwp%2Fv2%2Fcategories&post=3522"},{"taxonomy":"post_tag","embeddable":true,"href":"http:\/\/blogdoarmindomaia.com.br\/index.php?rest_route=%2Fwp%2Fv2%2Ftags&post=3522"}],"curies":[{"name":"wp","href":"https:\/\/api.w.org\/{rel}","templated":true}]}}