{"id":3527,"date":"2022-11-28T11:35:22","date_gmt":"2022-11-28T14:35:22","guid":{"rendered":"http:\/\/blogdoarmindomaia.com.br\/?p=3527"},"modified":"2022-11-28T11:35:25","modified_gmt":"2022-11-28T14:35:25","slug":"escola-municipal-de-araxa-recebe-horta-sensorial-acessivel-para-estudantes-com-deficiencia","status":"publish","type":"post","link":"http:\/\/blogdoarmindomaia.com.br\/?p=3527","title":{"rendered":"<strong>Escola municipal de Arax\u00e1 recebe horta sensorial acess\u00edvel para estudantes com defici\u00eancia<\/strong>"},"content":{"rendered":"\n<figure class=\"wp-block-image size-full is-style-default\"><img loading=\"lazy\" decoding=\"async\" width=\"589\" height=\"392\" src=\"http:\/\/blogdoarmindomaia.com.br\/wp-content\/uploads\/2022\/11\/Escola-municipal-de-Araxa-recebe-horta-sensorial-acessivel-para-pag-04.jpg\" alt=\"\" class=\"wp-image-3528\" srcset=\"http:\/\/blogdoarmindomaia.com.br\/wp-content\/uploads\/2022\/11\/Escola-municipal-de-Araxa-recebe-horta-sensorial-acessivel-para-pag-04.jpg 589w, http:\/\/blogdoarmindomaia.com.br\/wp-content\/uploads\/2022\/11\/Escola-municipal-de-Araxa-recebe-horta-sensorial-acessivel-para-pag-04-300x200.jpg 300w\" sizes=\"auto, (max-width: 589px) 100vw, 589px\" \/><\/figure>\n\n\n\n<p>Abarcando um total de 487 alunos, a Escola Municipal Padre Jo\u00e3o Botelho agora conta com uma horta sensorial acess\u00edvel que contribui para a inclus\u00e3o de estudantes com defici\u00eancia no processo de aprendizagem e sensibilizam as crian\u00e7as sobre a import\u00e2ncia da alimenta\u00e7\u00e3o saud\u00e1vel.<\/p>\n\n\n\n<p>A estrutura foi entregue pelo Instituto Mosaic, respons\u00e1vel pelas a\u00e7\u00f5es sociais da Mosaic Fertilizantes. Essa \u00e9 a primeira horta sensorial e acess\u00edvel da cidade. \u201cQuando desenvolvemos nossas a\u00e7\u00f5es, sempre trabalhamos ao lado da comunidade para pensar nas inciativas que podem gerar o maior impacto positivo. Em Arax\u00e1, selecionamos a Escola Jo\u00e3o Botelho por seu plano educacional voltado para crian\u00e7as com defici\u00eancia e porque est\u00e1 localizada em uma comunidade socialmente vulner\u00e1vel, justamente para que a estrutura signifique um instrumento de aprendizagem\u201d,&nbsp;explica Paulo Eduardo Batista, diretor-executivo do Instituto Mosaic.<\/p>\n\n\n\n<p>A horta tem canteiros com ervas medicinais e hortali\u00e7as, \u00e1rvores frut\u00edferas, um pequeno viveiro de mudas, espa\u00e7o para composteira, bancos e lousa compondo um espa\u00e7o uma sala de aula ao ar livre. Al\u00e9m disso, oferece recursos para experi\u00eancias sensoriais &#8211; est\u00edmulos gustativo, olfativo, t\u00e1til, visual e auditivo -, al\u00e9m de infraestrutura adaptada e acess\u00edvel, com canteiros de diferentes alturas, espa\u00e7o de circula\u00e7\u00e3o para manobra das cadeiras de rodas, corrim\u00e3o e rampa.<\/p>\n\n\n\n<p>O projeto, desenvolvido em parceria t\u00e9cnica com o Instituto Movere, contempla ainda recursos de comunica\u00e7\u00e3o acess\u00edvel como piso t\u00e1til, placas de tipografia adequada, fonte ampliada, acesso a plataforma de tradu\u00e7\u00e3o autom\u00e1tica de Libras (L\u00edngua Brasileira de Sinais), conte\u00fados em Braile e audiodescri\u00e7\u00e3o.<\/p>\n\n\n\n<p>&#8220;A horta sensorial \u00e9 muito importante para escola. Primeiro, porque vamos trabalhar quest\u00f5es pedag\u00f3gicas com as crian\u00e7as, no manejo, plantar, lidar com a terra, observando ativamente o desenvolvimento da semente em germina\u00e7\u00e3o, o que podemos chamar de m\u00e9todo cient\u00edfico. Depois, temos o olhar cuidadoso \u00e0s necessidades das plantas, como seres vivos que s\u00e3o&#8221;, diz Cacilda de F\u00e1tima Cearence, diretora da Escola Municipal Padre Jo\u00e3o Botelho. \u201cSer sensorial atende um p\u00fablico importante. A gente fala tanto em acessibilidade e, agora, poderemos envolver crian\u00e7as de baixa vis\u00e3o ou nenhuma, cadeirantes, autistas e as com S\u00edndrome de Down, por exemplo. E vamos receber crian\u00e7as de outras unidades escolares, o que amplia muito nossos ganhos, em termos de aprendizagem\u201d, acrescenta a professora.<\/p>\n\n\n\n<p><strong>Programa AlimentA\u00e7\u00e3o<\/strong><\/p>\n\n\n\n<p>A nova horta faz parte do Programa AlimentA\u00e7\u00e3o, que prop\u00f5e uma experi\u00eancia educativa e nutricional de valoriza\u00e7\u00e3o da alimenta\u00e7\u00e3o saud\u00e1vel e sustent\u00e1vel. Para isso, alia informa\u00e7\u00e3o, capacita\u00e7\u00e3o e iniciativas de acesso a alimentos produzidos localmente, ora nas hortas escolares, ora apoiada pela Agricultura Familiar da regi\u00e3o, revertendo em ganhos para todos.<\/p>\n\n\n\n<p>Desde 2019, 32 hortas foram implantadas em escolas p\u00fablicas e institui\u00e7\u00f5es de Sergipe, Minas Gerais e Goi\u00e1s. O projeto, que impacta mais de 35 mil pessoas, inclui forma\u00e7\u00e3o do corpo docente para que se tornem multiplicadores de informa\u00e7\u00f5es sobre a import\u00e2ncia de uma alimenta\u00e7\u00e3o equilibrada e saud\u00e1vel.<\/p>\n","protected":false},"excerpt":{"rendered":"<p>Abarcando um total de 487 alunos, a Escola Municipal Padre Jo\u00e3o Botelho agora conta com uma horta sensorial acess\u00edvel que<\/p>\n","protected":false},"author":2,"featured_media":3528,"comment_status":"open","ping_status":"open","sticky":false,"template":"","format":"standard","meta":{"footnotes":""},"categories":[9,13],"tags":[],"class_list":["post-3527","post","type-post","status-publish","format-standard","has-post-thumbnail","hentry","category-araxa","category-educacao"],"_links":{"self":[{"href":"http:\/\/blogdoarmindomaia.com.br\/index.php?rest_route=\/wp\/v2\/posts\/3527","targetHints":{"allow":["GET"]}}],"collection":[{"href":"http:\/\/blogdoarmindomaia.com.br\/index.php?rest_route=\/wp\/v2\/posts"}],"about":[{"href":"http:\/\/blogdoarmindomaia.com.br\/index.php?rest_route=\/wp\/v2\/types\/post"}],"author":[{"embeddable":true,"href":"http:\/\/blogdoarmindomaia.com.br\/index.php?rest_route=\/wp\/v2\/users\/2"}],"replies":[{"embeddable":true,"href":"http:\/\/blogdoarmindomaia.com.br\/index.php?rest_route=%2Fwp%2Fv2%2Fcomments&post=3527"}],"version-history":[{"count":1,"href":"http:\/\/blogdoarmindomaia.com.br\/index.php?rest_route=\/wp\/v2\/posts\/3527\/revisions"}],"predecessor-version":[{"id":3529,"href":"http:\/\/blogdoarmindomaia.com.br\/index.php?rest_route=\/wp\/v2\/posts\/3527\/revisions\/3529"}],"wp:featuredmedia":[{"embeddable":true,"href":"http:\/\/blogdoarmindomaia.com.br\/index.php?rest_route=\/wp\/v2\/media\/3528"}],"wp:attachment":[{"href":"http:\/\/blogdoarmindomaia.com.br\/index.php?rest_route=%2Fwp%2Fv2%2Fmedia&parent=3527"}],"wp:term":[{"taxonomy":"category","embeddable":true,"href":"http:\/\/blogdoarmindomaia.com.br\/index.php?rest_route=%2Fwp%2Fv2%2Fcategories&post=3527"},{"taxonomy":"post_tag","embeddable":true,"href":"http:\/\/blogdoarmindomaia.com.br\/index.php?rest_route=%2Fwp%2Fv2%2Ftags&post=3527"}],"curies":[{"name":"wp","href":"https:\/\/api.w.org\/{rel}","templated":true}]}}