{"id":3539,"date":"2022-11-29T11:35:47","date_gmt":"2022-11-29T14:35:47","guid":{"rendered":"http:\/\/blogdoarmindomaia.com.br\/?p=3539"},"modified":"2022-11-29T11:35:50","modified_gmt":"2022-11-29T14:35:50","slug":"premio-futebol-araxa-acontece-nesta-sexta-e-homenageia-alcino-de-freitas","status":"publish","type":"post","link":"http:\/\/blogdoarmindomaia.com.br\/?p=3539","title":{"rendered":"<strong>Pr\u00eamio Futebol Arax\u00e1 acontece nesta sexta e homenageia Alcino de Freitas<\/strong>\u00a0"},"content":{"rendered":"\n<figure class=\"wp-block-image size-large is-style-default\"><img loading=\"lazy\" decoding=\"async\" width=\"1024\" height=\"683\" src=\"http:\/\/blogdoarmindomaia.com.br\/wp-content\/uploads\/2022\/11\/Premio-Futebol-Araxa-acontece-nesta-sexta-e-homenageia-Alcino-pag-06-1024x683.jpg\" alt=\"\" class=\"wp-image-3540\" srcset=\"http:\/\/blogdoarmindomaia.com.br\/wp-content\/uploads\/2022\/11\/Premio-Futebol-Araxa-acontece-nesta-sexta-e-homenageia-Alcino-pag-06-1024x683.jpg 1024w, http:\/\/blogdoarmindomaia.com.br\/wp-content\/uploads\/2022\/11\/Premio-Futebol-Araxa-acontece-nesta-sexta-e-homenageia-Alcino-pag-06-300x200.jpg 300w, http:\/\/blogdoarmindomaia.com.br\/wp-content\/uploads\/2022\/11\/Premio-Futebol-Araxa-acontece-nesta-sexta-e-homenageia-Alcino-pag-06-768x512.jpg 768w, http:\/\/blogdoarmindomaia.com.br\/wp-content\/uploads\/2022\/11\/Premio-Futebol-Araxa-acontece-nesta-sexta-e-homenageia-Alcino-pag-06.jpg 1126w\" sizes=\"auto, (max-width: 1024px) 100vw, 1024px\" \/><\/figure>\n\n\n\n<figure class=\"wp-block-image size-large is-style-default\"><img loading=\"lazy\" decoding=\"async\" width=\"1024\" height=\"768\" src=\"http:\/\/blogdoarmindomaia.com.br\/wp-content\/uploads\/2022\/11\/trofeu-1024x768.jpeg\" alt=\"\" class=\"wp-image-3541\" srcset=\"http:\/\/blogdoarmindomaia.com.br\/wp-content\/uploads\/2022\/11\/trofeu-1024x768.jpeg 1024w, http:\/\/blogdoarmindomaia.com.br\/wp-content\/uploads\/2022\/11\/trofeu-300x225.jpeg 300w, http:\/\/blogdoarmindomaia.com.br\/wp-content\/uploads\/2022\/11\/trofeu-768x576.jpeg 768w, http:\/\/blogdoarmindomaia.com.br\/wp-content\/uploads\/2022\/11\/trofeu-1536x1152.jpeg 1536w, http:\/\/blogdoarmindomaia.com.br\/wp-content\/uploads\/2022\/11\/trofeu.jpeg 1600w\" sizes=\"auto, (max-width: 1024px) 100vw, 1024px\" \/><\/figure>\n\n\n\n<p>A temporada esportiva&nbsp;araxaense&nbsp;ter\u00e1 o seu grande momento na pr\u00f3xima sexta-feira, 02, \u00e0s 20&nbsp;horas com a realiza\u00e7\u00e3o do grande evento esportivo araxense: Pr\u00eamio Futebol Arax\u00e1. A premia\u00e7\u00e3o, que foi criada pelo Futebol Arax\u00e1 e \u00e9 organizada e executada com v\u00e1rias parcerias privadas, ter\u00e1 nesta edi\u00e7\u00e3o como grande homenageado o saudoso cronista esportivo, Alcino de Freitas. Todos os grandes destaques do esporte ir\u00e3o levar para casa o Trof\u00e9u Alcino de Freitas \u201cDestaques Esportivos\u201d. E ser\u00e1 uma noite ainda mais especial por se tratar da primeira edi\u00e7\u00e3o da premia\u00e7\u00e3o ap\u00f3s o momento mais cr\u00edtico da pandemia do Covid-19.&nbsp;<\/p>\n\n\n\n<p><br>Depois de ter tido uma edi\u00e7\u00e3o virtual em 2021, por conta da pandemia, o evento volta a ser presencial nesta 6\u00aa edi\u00e7\u00e3o. O&nbsp;evento ter\u00e1 transmiss\u00e3o ao vivo pelo&nbsp;<a href=\"http:\/\/futebolaraxa.com\/\" target=\"_blank\" rel=\"noreferrer noopener\">futebolaraxa.com<\/a>.br, para que todos possam acompanhar&nbsp;este&nbsp;grande momento esportivo.&nbsp;<\/p>\n\n\n\n<p><br>Como n\u00e3o tivemos campeonatos oficiais, como o Amador\u00e3o em 2021, esta edi\u00e7\u00e3o ter\u00e1 um evento misto trazendo destaques de 2021 e tamb\u00e9m alguns destaques de 2022. Como tradicionalmente a Sele\u00e7\u00e3o do Amador\u00e3o \u00e9 premiada sempre no ano seguinte a sua realiza\u00e7\u00e3o, este ano teremos uma sele\u00e7\u00e3o do futebol amador muito especial: a Sele\u00e7\u00e3o de 13 anos de cobertura esportiva do Futebol Arax\u00e1 (de 2009 at\u00e9 2021).&nbsp;&nbsp;<\/p>\n\n\n\n<p><br>A sele\u00e7\u00e3o foi escolhida atrav\u00e9s de uma vota\u00e7\u00e3o entre jornalistas esportivos que trabalharam ao longo destes 13 anos de Futebol Arax\u00e1. Al\u00e9m de ter tido tamb\u00e9m uma vota\u00e7\u00e3o junto aos internautas do site.&nbsp;&nbsp;<\/p>\n\n\n\n<p><strong><br>Alcino de Freitas<\/strong>&nbsp;<\/p>\n\n\n\n<p><br>Alcino de Freitas. Torcedor apaixonado do Santos Futebol Clube, ao qual n\u00e3o conseguia assistir uma partida sem gritar e ficar nervoso. Declarado amante de um bom futebol que tinha em seu cora\u00e7\u00e3o tamb\u00e9m o Arax\u00e1 Esporte Clube e ainda um lugar especial para a Uni\u00e3o de Futebol Arax\u00e1, a qual ele comp\u00f4s o hino oficial do clube. Filho de Edith Fran\u00e7a e Nicanor de Freitas, Alcino era natural de Arax\u00e1 e nasceu em 24 de mar\u00e7o de 1942.&nbsp;&nbsp;<\/p>\n\n\n\n<p>Na imprensa esportiva ele atuou em diversos ve\u00edculos de comunica\u00e7\u00e3o, dentre eles R\u00e1dio&nbsp;Imbiara, Jornal Correio de Arax\u00e1 e Jornal Integra\u00e7\u00e3o. E tamb\u00e9m fez parte do pr\u00f3prio Futebol Arax\u00e1, tendo narrados as transmiss\u00f5es ao vivo do Arax\u00e1 Esporte na vitoriosa campanha de 2012 no M\u00f3dulo II. Ele ainda reuniu suas cr\u00f4nicas em um livro que foi publicado ap\u00f3s seu falecimento.&nbsp;<\/p>\n\n\n\n<p><br>Alcino, que j\u00e1 foi homenageado pelo Futebol Arax\u00e1 recebendo (em vida) um Pr\u00eamio Futebol Arax\u00e1 em 2017. Recebeu tamb\u00e9m um trof\u00e9u de 2020 em uma outra homenagem, agora p\u00f3stuma. Ele foi casado com Nilda Terezinha Zanini de Freitas, com quem teve duas filhas: Thais Zanini e Renata Zanini.&nbsp;<\/p>\n\n\n\n<p>Alcino faleceu em 09 de agosto de 2019, aos 77 anos de idade, na cidade de Uberl\u00e2ndia onde se encontrava internado por 21 dias em tratamento.&nbsp;<\/p>\n\n\n\n<p><strong><br>Homenageados:<\/strong>&nbsp;<\/p>\n\n\n\n<p><br>Ser\u00e3o 44 homenageados nesta edi\u00e7\u00e3o. Confira:&nbsp;<\/p>\n\n\n\n<p><strong><br>Trof\u00e9u Alcino de Freitas \u2013 Destaques Esportivos 2021:<\/strong>&nbsp;<\/p>\n\n\n\n<p><strong><br>Sele\u00e7\u00e3o dos 13 anos do Amador\u00e3o (2009 at\u00e9 2021)<\/strong>&nbsp;<\/p>\n\n\n\n<ul class=\"wp-block-list\">\n<li>&nbsp;Goleiro: T\u00falio&nbsp;<\/li>\n\n\n\n<li>Lateral Direito: Val&nbsp;<\/li>\n\n\n\n<li>Zagueiros:&nbsp;Ig\u00e3o&nbsp;e Ded\u00e9&nbsp;<\/li>\n\n\n\n<li>Lateral Esquerdo: Kelvin&nbsp;<\/li>\n\n\n\n<li>Volantes: Cafu e Caio Xaropinho&nbsp;<\/li>\n\n\n\n<li>Meias: Thiago Humberto e Malaia&nbsp;<\/li>\n\n\n\n<li>Atacantes: Bebeto e Victor&nbsp;<\/li>\n\n\n\n<li>Treinador: Fernandinho&nbsp;<\/li>\n<\/ul>\n\n\n\n<p>&nbsp;<strong>Destaques Especializado 2009 at\u00e9 2021<\/strong>&nbsp;<\/p>\n\n\n\n<ul class=\"wp-block-list\">\n<li>Evandro Carlos&nbsp;<\/li>\n\n\n\n<li>Jane Porf\u00edrio&nbsp;<\/li>\n<\/ul>\n\n\n\n<p><strong>Trio de \u00c1rbitros de 2009 at\u00e9 2021<\/strong>&nbsp;<\/p>\n\n\n\n<ul class=\"wp-block-list\">\n<li>\u00c1rbitro: Wesley Elias&nbsp;<\/li>\n\n\n\n<li>Auxiliares: Noel Pereira e Fabr\u00edcio Borges&nbsp;<\/li>\n<\/ul>\n\n\n\n<p><strong>Homenagens Individuais<\/strong>&nbsp;<\/p>\n\n\n\n<ul class=\"wp-block-list\">\n<li>Homenagem Especial Futebol Amador: Danilo Alves&nbsp;<\/li>\n\n\n\n<li>Homenagem P\u00f3stuma: Alcino de Freitas&nbsp;<\/li>\n\n\n\n<li>Campe\u00e3o do Game-Show: Alessandro Barcelos&nbsp;<\/li>\n<\/ul>\n\n\n\n<p><strong>Equipe Campe\u00e3 de 2021:<\/strong>&nbsp;<\/p>\n\n\n\n<ul class=\"wp-block-list\">\n<li>Campe\u00e3o da Copa Leste: Cai\u00e7ara&nbsp;<\/li>\n<\/ul>\n\n\n\n<p><strong>Trof\u00e9u Alcino de Freitas \u2013 Destaques Esportivos 2022:<\/strong>&nbsp;<\/p>\n\n\n\n<p><strong><br>Sele\u00e7\u00e3o Rural\u00e3o 2022<\/strong>&nbsp;<\/p>\n\n\n\n<ul class=\"wp-block-list\">\n<li>Goleiro: Jap\u00e3o do Dona Ad\u00e9lia&nbsp;<\/li>\n\n\n\n<li>Lateral Direito: Coelho do Dona Ad\u00e9lia&nbsp;<\/li>\n\n\n\n<li>Zagueiros: Luciano Tapira do Curva de Rio e \u00cdndio do Dona Ad\u00e9lia&nbsp;<\/li>\n\n\n\n<li>Lateral Esquerdo:&nbsp;Kamu&nbsp;do Curva de Rio&nbsp;<\/li>\n\n\n\n<li>Volantes: Monstrinho do Tr\u00eas Colinas e Thiago do Curva de Rio&nbsp;<\/li>\n\n\n\n<li>Meias:&nbsp;Caveir\u00e3o&nbsp;do&nbsp;Ajesp&nbsp;e Er\u00ea do Dona Ad\u00e9lia&nbsp;<\/li>\n\n\n\n<li>Atacantes: Roberto do Dona Ad\u00e9lia e Alan Paulista do Dona Ad\u00e9lia&nbsp;<\/li>\n\n\n\n<li>Treinador: Fellipe do&nbsp;Ajesp&nbsp;<\/li>\n<\/ul>\n\n\n\n<p><strong>Homenagens Individuais<\/strong>&nbsp;<\/p>\n\n\n\n<ul class=\"wp-block-list\">\n<li>Melhor Diretor do Futebol Amador 2022: Zeca Urubu do Cai\u00e7ara&nbsp;<\/li>\n\n\n\n<li>Melhor Representante da LAD no Amador\u00e3o:&nbsp;Abgail&nbsp;Villar&nbsp;<\/li>\n<\/ul>\n\n\n\n<p><strong>Equipes Campe\u00e3s:<\/strong>&nbsp;<\/p>\n\n\n\n<ul class=\"wp-block-list\">\n<li>Campe\u00e3o&nbsp;da Copa Norte 2022:&nbsp;Ajesp&nbsp;<\/li>\n\n\n\n<li>Campe\u00e3o do Torneio Ronan Ferreira 2022:&nbsp;Arach\u00e1s&nbsp;<\/li>\n\n\n\n<li>Campe\u00e3o da Copa AEF de Society 2022:&nbsp;Olympik&nbsp;da Tapira&nbsp;<\/li>\n\n\n\n<li>Campe\u00e3o da Copa Arax\u00e1 2022: D\u00ednamo&nbsp;<\/li>\n\n\n\n<li>Campe\u00e3o da Ta\u00e7a Cidade 2022: Malvinas&nbsp;<\/li>\n\n\n\n<li>Campe\u00e3 do Rural\u00e3o 2022: Ch\u00e1cara Dona Ad\u00e9lia&nbsp;<\/li>\n<\/ul>\n\n\n\n<p><strong>Trio de \u00c1rbitros do Amador\u00e3o:<\/strong>&nbsp;<\/p>\n\n\n\n<ul class=\"wp-block-list\">\n<li>\u00c1rbitro: Marcilio Adriano&nbsp;<\/li>\n\n\n\n<li>Assistentes: Richard&nbsp;Navarro&nbsp;e Marco Ant\u00f4nio In\u00e1cio&nbsp;<\/li>\n<\/ul>\n\n\n\n<p>A pr\u00f3xima edi\u00e7\u00e3o da premia\u00e7\u00e3o, que tinha como data original para acontecer em&nbsp;28&nbsp;de janeiro de 2022, ,&nbsp;ser\u00e1 em 02&nbsp;de dezembro de 2022, no Sal\u00e3o de Festas do Clube AEF, e assim prosseguindo sempre com a realiza\u00e7\u00e3o da premia\u00e7\u00e3o em todos os anos. A contagem regressiva j\u00e1 est\u00e1 em andamento.&nbsp;<\/p>\n\n\n\n<p><br>Criado n\u00e3o para competir com outros eventos e apenas para somar ainda mais com o nosso esporte&nbsp;araxaense, o pr\u00eamio veio para fortalecer os la\u00e7os e estreitar a dist\u00e2ncia imprensa\/atleta fazendo com que os premiados se orgulhem ainda mais dentro do esporte. Um evento diferente e totalmente inovador em seu formato.&nbsp;<\/p>\n\n\n\n<p><br>Nossos agradecimentos mais do que especiais aos parceiros de 2022:&nbsp;M\u00e1rcio Menezes do<strong>&nbsp;M\u00e1rcio Buffet,<\/strong>&nbsp;a todos os membros da diretoria da<strong>&nbsp;AEF&nbsp;<\/strong>(em especial ao&nbsp;Edmur&nbsp;Oliveira Silva \u2013 Diretor Presidente, Gilberto Eur\u00edpedes Duarte-Diretor Administrativo,&nbsp;Ant\u00f4nio Ribeiro da Silva \u201cKapucho&nbsp;\u201d-Diretor Social e Marcio Rog\u00e9rio de Menezes \u2013 Gerente), ao&nbsp;Leonardo da&nbsp;<strong>Oficina da Imagem<\/strong>&nbsp;que realizar\u00e1 as fotografias e filmagem do evento, ao&nbsp;Pedro Moura da&nbsp;<strong>Plenna&nbsp;Engenharia<\/strong>&nbsp;e ao&nbsp;Jos\u00e9 Eduardo&nbsp;da&nbsp;<strong>Banca do Dudu e Dudu Presentes<\/strong>.&nbsp;Sem eles n\u00e3o seria poss\u00edvel a realiza\u00e7\u00e3o de mais este sonho dentro do nosso trabalho esportivo.&nbsp;<\/p>\n","protected":false},"excerpt":{"rendered":"<p>A temporada esportiva&nbsp;araxaense&nbsp;ter\u00e1 o seu grande momento na pr\u00f3xima sexta-feira, 02, \u00e0s 20&nbsp;horas com a realiza\u00e7\u00e3o do grande evento esportivo<\/p>\n","protected":false},"author":2,"featured_media":3540,"comment_status":"open","ping_status":"open","sticky":false,"template":"","format":"standard","meta":{"footnotes":""},"categories":[9,11,15],"tags":[],"class_list":["post-3539","post","type-post","status-publish","format-standard","has-post-thumbnail","hentry","category-araxa","category-destaques","category-esportes"],"_links":{"self":[{"href":"http:\/\/blogdoarmindomaia.com.br\/index.php?rest_route=\/wp\/v2\/posts\/3539","targetHints":{"allow":["GET"]}}],"collection":[{"href":"http:\/\/blogdoarmindomaia.com.br\/index.php?rest_route=\/wp\/v2\/posts"}],"about":[{"href":"http:\/\/blogdoarmindomaia.com.br\/index.php?rest_route=\/wp\/v2\/types\/post"}],"author":[{"embeddable":true,"href":"http:\/\/blogdoarmindomaia.com.br\/index.php?rest_route=\/wp\/v2\/users\/2"}],"replies":[{"embeddable":true,"href":"http:\/\/blogdoarmindomaia.com.br\/index.php?rest_route=%2Fwp%2Fv2%2Fcomments&post=3539"}],"version-history":[{"count":1,"href":"http:\/\/blogdoarmindomaia.com.br\/index.php?rest_route=\/wp\/v2\/posts\/3539\/revisions"}],"predecessor-version":[{"id":3542,"href":"http:\/\/blogdoarmindomaia.com.br\/index.php?rest_route=\/wp\/v2\/posts\/3539\/revisions\/3542"}],"wp:featuredmedia":[{"embeddable":true,"href":"http:\/\/blogdoarmindomaia.com.br\/index.php?rest_route=\/wp\/v2\/media\/3540"}],"wp:attachment":[{"href":"http:\/\/blogdoarmindomaia.com.br\/index.php?rest_route=%2Fwp%2Fv2%2Fmedia&parent=3539"}],"wp:term":[{"taxonomy":"category","embeddable":true,"href":"http:\/\/blogdoarmindomaia.com.br\/index.php?rest_route=%2Fwp%2Fv2%2Fcategories&post=3539"},{"taxonomy":"post_tag","embeddable":true,"href":"http:\/\/blogdoarmindomaia.com.br\/index.php?rest_route=%2Fwp%2Fv2%2Ftags&post=3539"}],"curies":[{"name":"wp","href":"https:\/\/api.w.org\/{rel}","templated":true}]}}