{"id":3543,"date":"2022-11-29T11:46:26","date_gmt":"2022-11-29T14:46:26","guid":{"rendered":"http:\/\/blogdoarmindomaia.com.br\/?p=3543"},"modified":"2022-11-29T11:46:28","modified_gmt":"2022-11-29T14:46:28","slug":"abertas-as-inscricoes-para-o-concurso-musical-de-novos-talentos-do-festnatal-araxa","status":"publish","type":"post","link":"http:\/\/blogdoarmindomaia.com.br\/?p=3543","title":{"rendered":"<strong>Abertas as inscri\u00e7\u00f5es para o Concurso Musical de Novos Talentos do FestNatal Arax\u00e1<\/strong>"},"content":{"rendered":"\n<p><\/p>\n\n\n\n<figure class=\"wp-block-image size-large is-style-default\"><img loading=\"lazy\" decoding=\"async\" width=\"1024\" height=\"683\" src=\"http:\/\/blogdoarmindomaia.com.br\/wp-content\/uploads\/2022\/11\/Imagem_Novos_Talentos-1024x683.jpg\" alt=\"\" class=\"wp-image-3544\" srcset=\"http:\/\/blogdoarmindomaia.com.br\/wp-content\/uploads\/2022\/11\/Imagem_Novos_Talentos-1024x683.jpg 1024w, http:\/\/blogdoarmindomaia.com.br\/wp-content\/uploads\/2022\/11\/Imagem_Novos_Talentos-300x200.jpg 300w, http:\/\/blogdoarmindomaia.com.br\/wp-content\/uploads\/2022\/11\/Imagem_Novos_Talentos-768x512.jpg 768w, http:\/\/blogdoarmindomaia.com.br\/wp-content\/uploads\/2022\/11\/Imagem_Novos_Talentos-1536x1024.jpg 1536w, http:\/\/blogdoarmindomaia.com.br\/wp-content\/uploads\/2022\/11\/Imagem_Novos_Talentos.jpg 1773w\" sizes=\"auto, (max-width: 1024px) 100vw, 1024px\" \/><\/figure>\n\n\n\n<p><em>Artistas locais e da regi\u00e3o t\u00eam at\u00e9 o dia 15 de dezembro para enviar v\u00eddeo e formul\u00e1rio que validam participa\u00e7\u00e3o na competi\u00e7\u00e3o<\/em><\/p>\n\n\n\n<p>&nbsp;&nbsp;&nbsp;&nbsp;&nbsp;&nbsp;&nbsp;&nbsp;&nbsp;&nbsp;&nbsp;&nbsp;&nbsp;&nbsp;&nbsp;&nbsp;&nbsp;&nbsp;&nbsp;&nbsp;&nbsp;&nbsp;&nbsp;&nbsp;&nbsp;&nbsp;&nbsp;&nbsp;&nbsp;&nbsp;&nbsp;&nbsp;&nbsp;&nbsp;&nbsp;&nbsp;&nbsp;&nbsp;&nbsp;&nbsp;&nbsp;&nbsp;&nbsp;&nbsp;&nbsp;&nbsp;&nbsp;&nbsp;&nbsp;&nbsp;&nbsp;&nbsp;&nbsp;&nbsp;&nbsp;&nbsp;&nbsp;&nbsp;&nbsp;&nbsp;&nbsp;&nbsp; &nbsp;&nbsp;&nbsp;&nbsp;&nbsp;&nbsp;&nbsp;&nbsp;&nbsp;&nbsp;&nbsp;&nbsp;&nbsp;&nbsp;&nbsp; Est\u00e3o abertas as inscri\u00e7\u00f5es para o Concurso Musical de Novos Talentos. Uma iniciativa do Rotary Club de Arax\u00e1 Sul com realiza\u00e7\u00e3o da Funda\u00e7\u00e3o Cultural ACIA (Facia) atrav\u00e9s do Projeto FestNatal Arax\u00e1, a competi\u00e7\u00e3o chega a sua d\u00e9cima segunda edi\u00e7\u00e3o premiando e dando a oportunidade para que artistas ainda desconhecidos do grande p\u00fablico possam se apresentar no palco de um dos maiores festivais natalinos do pa\u00eds. \u201cHistoricamente o FestNatal Arax\u00e1 revela talentos e este concurso \u00e9 uma das principais portas de entrada para que nossos artistas possam viver conosco a emo\u00e7\u00e3o deste grande momento e dividir espa\u00e7o com m\u00fasicos renomados. \u00c9 sempre uma experi\u00eancia incr\u00edvel para todos, por isso temos muito orgulho deste projeto\u201d, ressalta Elisa Bai\u00e3o Mac\u00eado, presidente da Funda\u00e7\u00e3o Cultural Acia (Facia).<\/p>\n\n\n\n<p>As inscri\u00e7\u00f5es e toda a primeira fase do processo seletivo ocorrer\u00e3o de forma <em>online<\/em>. Os interessados em participar devem preencher um formul\u00e1rio e enviar um v\u00eddeo na plataforma do concurso (<em>link<\/em> nas redes sociais &#8211; @festnatalaraxa). \u201cCada participante poder\u00e1 inscrever um projeto nas modalidades vocal, dupla ou instrumental solo. Eles devem ainda selecionar no ato da inscri\u00e7\u00e3o a sua categoria: infanto-juvenil (9 a 15 anos) ou jovem\/adulto (a partir de 16 anos). A inscri\u00e7\u00e3o \u00e9 gratuita\u201d, explica o presidente do Rotary Club de Arax\u00e1 Sul, Paulo Henrique Martins.<\/p>\n\n\n\n<p>Os v\u00eddeos enviados ser\u00e3o analisados por um j\u00fari t\u00e9cnico que vai selecionar 12 trabalhos, tr\u00eas de cada categoria. Os selecionados se apresentar\u00e3o no dia 21 de dezembro no Expominas, palco FestNatal Arax\u00e1 2022, durante a semifinal do concurso. A grande final ocorrer\u00e1 no dia 22, quando ser\u00e3o anunciados e premiados os quatro artistas ganhadores escolhidos por vota\u00e7\u00e3o popular nas redes sociais do evento.<\/p>\n\n\n\n<p><strong>FestNatal Arax\u00e1<\/strong><\/p>\n\n\n\n<p>O FestNatal Arax\u00e1 \u00e9 o maior festival natalino de Minas Gerais. Neste ano o evento ocorre entre os dias 9 e 23 de dezembro no Expominas Arax\u00e1 com entrada gratuita e atra\u00e7\u00f5es de m\u00fasica, teatro, dan\u00e7a e muito mais. A programa\u00e7\u00e3o completa ser\u00e1 divulgada em breve.<\/p>\n\n\n\n<p>O FestNatal Arax\u00e1 tem a apresenta\u00e7\u00e3o do Minist\u00e9rio do Turismo e da CBMM. \u00c9 realizado pela Lei Federal de Incentivo \u00e0 Cultura com o patroc\u00ednio Master da CBMM. Tem o patroc\u00ednio da Bem Brasil, Mart Minas, Zema, Codemig e Governo do Estado de Minas Gerais, com o apoio da ACIA Arax\u00e1 e Prefeitura Municipal de Arax\u00e1. Uma realiza\u00e7\u00e3o da Funda\u00e7\u00e3o Cultural Acia, Secretaria Especial da Cultura do Minist\u00e9rio do Turismo e Governo Federal.<\/p>\n\n\n\n<p><strong>Servi\u00e7o<\/strong><\/p>\n\n\n\n<p><strong><em>Concurso Musical de Novos Talentos<\/em><\/strong><\/p>\n\n\n\n<p><em>Inscri\u00e7\u00f5es gratuitas: <\/em>at\u00e9 15\/12<\/p>\n\n\n\n<p><em>Formul\u00e1rio e regulamento: <\/em>link nas redes sociais @festnatalaraxa e tamb\u00e9m no site www.festnatalaraxa.com.br<\/p>\n\n\n\n<p><strong>FestNatal Arax\u00e1<\/strong><\/p>\n\n\n\n<p><em>Data:<\/em> de 9 a 23\/12<\/p>\n\n\n\n<p><em>Local:<\/em> Expominas Arax\u00e1<\/p>\n\n\n\n<p><em>Entrada gratuita<\/em><\/p>\n\n\n\n<p><a><\/a><em>Outras informa\u00e7\u00f5es<\/em>: @festnatalaraxa \/ www.festnatalaraxa.com.br<\/p>\n","protected":false},"excerpt":{"rendered":"<p>Artistas locais e da regi\u00e3o t\u00eam at\u00e9 o dia 15 de dezembro para enviar v\u00eddeo e formul\u00e1rio que validam participa\u00e7\u00e3o<\/p>\n","protected":false},"author":2,"featured_media":3544,"comment_status":"open","ping_status":"open","sticky":false,"template":"","format":"standard","meta":{"footnotes":""},"categories":[9,5],"tags":[],"class_list":["post-3543","post","type-post","status-publish","format-standard","has-post-thumbnail","hentry","category-araxa","category-arte-e-cultura"],"_links":{"self":[{"href":"http:\/\/blogdoarmindomaia.com.br\/index.php?rest_route=\/wp\/v2\/posts\/3543","targetHints":{"allow":["GET"]}}],"collection":[{"href":"http:\/\/blogdoarmindomaia.com.br\/index.php?rest_route=\/wp\/v2\/posts"}],"about":[{"href":"http:\/\/blogdoarmindomaia.com.br\/index.php?rest_route=\/wp\/v2\/types\/post"}],"author":[{"embeddable":true,"href":"http:\/\/blogdoarmindomaia.com.br\/index.php?rest_route=\/wp\/v2\/users\/2"}],"replies":[{"embeddable":true,"href":"http:\/\/blogdoarmindomaia.com.br\/index.php?rest_route=%2Fwp%2Fv2%2Fcomments&post=3543"}],"version-history":[{"count":1,"href":"http:\/\/blogdoarmindomaia.com.br\/index.php?rest_route=\/wp\/v2\/posts\/3543\/revisions"}],"predecessor-version":[{"id":3545,"href":"http:\/\/blogdoarmindomaia.com.br\/index.php?rest_route=\/wp\/v2\/posts\/3543\/revisions\/3545"}],"wp:featuredmedia":[{"embeddable":true,"href":"http:\/\/blogdoarmindomaia.com.br\/index.php?rest_route=\/wp\/v2\/media\/3544"}],"wp:attachment":[{"href":"http:\/\/blogdoarmindomaia.com.br\/index.php?rest_route=%2Fwp%2Fv2%2Fmedia&parent=3543"}],"wp:term":[{"taxonomy":"category","embeddable":true,"href":"http:\/\/blogdoarmindomaia.com.br\/index.php?rest_route=%2Fwp%2Fv2%2Fcategories&post=3543"},{"taxonomy":"post_tag","embeddable":true,"href":"http:\/\/blogdoarmindomaia.com.br\/index.php?rest_route=%2Fwp%2Fv2%2Ftags&post=3543"}],"curies":[{"name":"wp","href":"https:\/\/api.w.org\/{rel}","templated":true}]}}