{"id":3546,"date":"2022-11-29T11:55:21","date_gmt":"2022-11-29T14:55:21","guid":{"rendered":"http:\/\/blogdoarmindomaia.com.br\/?p=3546"},"modified":"2022-11-29T11:55:23","modified_gmt":"2022-11-29T14:55:23","slug":"projeto-de-reforma-do-buracana-e-apresentado-a-comunidade-na-8a-edicao-do-prefeitura-no-bairro","status":"publish","type":"post","link":"http:\/\/blogdoarmindomaia.com.br\/?p=3546","title":{"rendered":"Projeto de reforma do Buracan\u00e3 \u00e9 apresentado \u00e0 comunidade na 8\u00aa edi\u00e7\u00e3o do Prefeitura no Bairro"},"content":{"rendered":"\n<figure class=\"wp-block-image size-full is-style-default\"><img loading=\"lazy\" decoding=\"async\" width=\"1024\" height=\"683\" src=\"http:\/\/blogdoarmindomaia.com.br\/wp-content\/uploads\/2022\/11\/Projeto-de-reforma-do-Buracana-e-apresentado-a-comunidade-pag-07.jpeg\" alt=\"\" class=\"wp-image-3547\" srcset=\"http:\/\/blogdoarmindomaia.com.br\/wp-content\/uploads\/2022\/11\/Projeto-de-reforma-do-Buracana-e-apresentado-a-comunidade-pag-07.jpeg 1024w, http:\/\/blogdoarmindomaia.com.br\/wp-content\/uploads\/2022\/11\/Projeto-de-reforma-do-Buracana-e-apresentado-a-comunidade-pag-07-300x200.jpeg 300w, http:\/\/blogdoarmindomaia.com.br\/wp-content\/uploads\/2022\/11\/Projeto-de-reforma-do-Buracana-e-apresentado-a-comunidade-pag-07-768x512.jpeg 768w\" sizes=\"auto, (max-width: 1024px) 100vw, 1024px\" \/><\/figure>\n\n\n\n<figure class=\"wp-block-image size-full is-style-default\"><img loading=\"lazy\" decoding=\"async\" width=\"1024\" height=\"683\" src=\"http:\/\/blogdoarmindomaia.com.br\/wp-content\/uploads\/2022\/11\/Buracana-9.jpeg\" alt=\"\" class=\"wp-image-3548\" srcset=\"http:\/\/blogdoarmindomaia.com.br\/wp-content\/uploads\/2022\/11\/Buracana-9.jpeg 1024w, http:\/\/blogdoarmindomaia.com.br\/wp-content\/uploads\/2022\/11\/Buracana-9-300x200.jpeg 300w, http:\/\/blogdoarmindomaia.com.br\/wp-content\/uploads\/2022\/11\/Buracana-9-768x512.jpeg 768w\" sizes=\"auto, (max-width: 1024px) 100vw, 1024px\" \/><\/figure>\n\n\n\n<figure class=\"wp-block-image size-full is-style-default\"><img loading=\"lazy\" decoding=\"async\" width=\"1024\" height=\"683\" src=\"http:\/\/blogdoarmindomaia.com.br\/wp-content\/uploads\/2022\/11\/Buracana-3.jpeg\" alt=\"\" class=\"wp-image-3549\" srcset=\"http:\/\/blogdoarmindomaia.com.br\/wp-content\/uploads\/2022\/11\/Buracana-3.jpeg 1024w, http:\/\/blogdoarmindomaia.com.br\/wp-content\/uploads\/2022\/11\/Buracana-3-300x200.jpeg 300w, http:\/\/blogdoarmindomaia.com.br\/wp-content\/uploads\/2022\/11\/Buracana-3-768x512.jpeg 768w\" sizes=\"auto, (max-width: 1024px) 100vw, 1024px\" \/><\/figure>\n\n\n\n<p>Mais acesso ao esporte! A 8\u00aa edi\u00e7\u00e3o do Prefeitura no Bairro, realizado no \u00faltimo s\u00e1bado (26), destacou futuras melhorias para os bairros Fertiza, Jo\u00e3o Ribeiro e toda o Setor Sul da cidade. O prefeito Robson Magela anunciou o projeto de reforma para o Complexo Esportivo Nadyr Barcelos, conhecido como Buracan\u00e3.<br><br>\u201cO principal objetivo desta Administra\u00e7\u00e3o \u00e9 levar os servi\u00e7os p\u00fablicos at\u00e9 a popula\u00e7\u00e3o, o que j\u00e1 \u00e9 direito do cidad\u00e3o araxaense. O projeto Prefeitura no Bairro \u00e9 a grande oportunidade de ouvir demandas de quem vive diariamente a realidade da cidade e de propor a\u00e7\u00f5es que ir\u00e3o melhorar ainda mais os locais. Anunciamos e apresentamos aos moradores um projeto esportivo para o Buracan\u00e3. O processo de licita\u00e7\u00e3o da obra ficar\u00e1 para o planejamento de 2023 e vai trazer mais esporte, lazer e seguran\u00e7a para todas as faixas et\u00e1rias\u201d, destaca o prefeito.<br><br>Esta foi a 8\u00aa edi\u00e7\u00e3o do projeto itinerante que percorre os bairros de Arax\u00e1 mensalmente, com o objetivo de aproximar toda a estrutura da Prefeitura de Arax\u00e1 da popula\u00e7\u00e3o. Moradora do bairro Fertiza h\u00e1 27 anos, J\u00falia Graciele Ferreira de Oliveira demonstra enorme alegria ao receber a not\u00edcia da reforma do Buracan\u00e3.<br><br>\u201cMeu pai era servidor p\u00fablico neste local, tamb\u00e9m jogava futebol no Buracan\u00e3 e eu sempre o acompanhava. Hoje tenho quatro filhos, com idades entre 4 e 10 anos, que tamb\u00e9m cresceram na regi\u00e3o. Ent\u00e3o, o Buracan\u00e3 faz parte da minha vida. E para n\u00f3s \u00e9 uma grande alegria ver que a prefeitura est\u00e1 abra\u00e7ando o esporte e o lazer depois de ver o espa\u00e7o abandonado por tantos anos, onde as pessoas, infelizmente usavam o espa\u00e7o para a\u00e7\u00f5es indevidas. Eu fico muito satisfeita porque acho que vai ser um projeto que vai ajudar muito no crescimento de meus filhos e tamb\u00e9m de outras crian\u00e7as da regi\u00e3o. Sem ajuda da prefeitura, com certeza nada disso seria poss\u00edvel, pois \u00e9 um projeto grande que n\u00f3s, moradores, aguardamos h\u00e1 anos\u201d, comemora.<br><br>O secret\u00e1rio municipal de Esportes, Jos\u00e9 Antunes Soares J\u00fanior (Ded\u00e9), fala sobre a import\u00e2ncia do esporte na vida das crian\u00e7as, jovens e tamb\u00e9m dos idosos, que merecem um projeto como o futuro Buracan\u00e3.<br><br>\u201cEsse projeto ir\u00e1 contemplar de seis a oito atividades diretas como pista de caminhada, academia ao ar livre, atividades de v\u00f4lei, basquete e futsal e o Skate Park para que possa realmente atender a popula\u00e7\u00e3o e os adeptos a todas as modalidades esportivas. Al\u00e9m disso, toda a sede ser\u00e1 revitalizada. Haver\u00e1 manuten\u00e7\u00e3o da quadra e campo society, reforma e adequa\u00e7\u00e3o de banheiros, c\u00e2meras de videomonitoramento e seguran\u00e7as durante o dia e a noite no local. O esporte traz in\u00fameros benef\u00edcios para a popula\u00e7\u00e3o e atrav\u00e9s de um projeto como este que foi apresentado, esperamos que as atividades dispon\u00edveis sejam extremamente \u00fateis para os moradores\u201d, relata.<br><\/p>\n","protected":false},"excerpt":{"rendered":"<p>Mais acesso ao esporte! A 8\u00aa edi\u00e7\u00e3o do Prefeitura no Bairro, realizado no \u00faltimo s\u00e1bado (26), destacou futuras melhorias para<\/p>\n","protected":false},"author":2,"featured_media":3547,"comment_status":"open","ping_status":"open","sticky":false,"template":"","format":"standard","meta":{"footnotes":""},"categories":[9,11],"tags":[],"class_list":["post-3546","post","type-post","status-publish","format-standard","has-post-thumbnail","hentry","category-araxa","category-destaques"],"_links":{"self":[{"href":"http:\/\/blogdoarmindomaia.com.br\/index.php?rest_route=\/wp\/v2\/posts\/3546","targetHints":{"allow":["GET"]}}],"collection":[{"href":"http:\/\/blogdoarmindomaia.com.br\/index.php?rest_route=\/wp\/v2\/posts"}],"about":[{"href":"http:\/\/blogdoarmindomaia.com.br\/index.php?rest_route=\/wp\/v2\/types\/post"}],"author":[{"embeddable":true,"href":"http:\/\/blogdoarmindomaia.com.br\/index.php?rest_route=\/wp\/v2\/users\/2"}],"replies":[{"embeddable":true,"href":"http:\/\/blogdoarmindomaia.com.br\/index.php?rest_route=%2Fwp%2Fv2%2Fcomments&post=3546"}],"version-history":[{"count":1,"href":"http:\/\/blogdoarmindomaia.com.br\/index.php?rest_route=\/wp\/v2\/posts\/3546\/revisions"}],"predecessor-version":[{"id":3550,"href":"http:\/\/blogdoarmindomaia.com.br\/index.php?rest_route=\/wp\/v2\/posts\/3546\/revisions\/3550"}],"wp:featuredmedia":[{"embeddable":true,"href":"http:\/\/blogdoarmindomaia.com.br\/index.php?rest_route=\/wp\/v2\/media\/3547"}],"wp:attachment":[{"href":"http:\/\/blogdoarmindomaia.com.br\/index.php?rest_route=%2Fwp%2Fv2%2Fmedia&parent=3546"}],"wp:term":[{"taxonomy":"category","embeddable":true,"href":"http:\/\/blogdoarmindomaia.com.br\/index.php?rest_route=%2Fwp%2Fv2%2Fcategories&post=3546"},{"taxonomy":"post_tag","embeddable":true,"href":"http:\/\/blogdoarmindomaia.com.br\/index.php?rest_route=%2Fwp%2Fv2%2Ftags&post=3546"}],"curies":[{"name":"wp","href":"https:\/\/api.w.org\/{rel}","templated":true}]}}