{"id":3551,"date":"2022-11-30T10:49:14","date_gmt":"2022-11-30T13:49:14","guid":{"rendered":"http:\/\/blogdoarmindomaia.com.br\/?p=3551"},"modified":"2022-11-30T10:49:16","modified_gmt":"2022-11-30T13:49:16","slug":"divulgado-o-resultado-do-cadastramento-escolar-para-educacao-infantil-de-araxa","status":"publish","type":"post","link":"http:\/\/blogdoarmindomaia.com.br\/?p=3551","title":{"rendered":"D<strong>ivulgado o resultado do cadastramento escolar para Educa\u00e7\u00e3o Infantil de Arax\u00e1<\/strong>"},"content":{"rendered":"\n<figure class=\"wp-block-image size-full is-style-default\"><img loading=\"lazy\" decoding=\"async\" width=\"800\" height=\"389\" src=\"http:\/\/blogdoarmindomaia.com.br\/wp-content\/uploads\/2022\/11\/Divulgado-o-resultado-do-cadastramento-escolar-para-Educacao-Infantil-pag-04.jpg\" alt=\"\" class=\"wp-image-3552\" srcset=\"http:\/\/blogdoarmindomaia.com.br\/wp-content\/uploads\/2022\/11\/Divulgado-o-resultado-do-cadastramento-escolar-para-Educacao-Infantil-pag-04.jpg 800w, http:\/\/blogdoarmindomaia.com.br\/wp-content\/uploads\/2022\/11\/Divulgado-o-resultado-do-cadastramento-escolar-para-Educacao-Infantil-pag-04-300x146.jpg 300w, http:\/\/blogdoarmindomaia.com.br\/wp-content\/uploads\/2022\/11\/Divulgado-o-resultado-do-cadastramento-escolar-para-Educacao-Infantil-pag-04-768x373.jpg 768w\" sizes=\"auto, (max-width: 800px) 100vw, 800px\" \/><\/figure>\n\n\n\n<p>A Secretaria Municipal de Educa\u00e7\u00e3o divulgou o resultado do cadastramento escolar para crian\u00e7as da Educa\u00e7\u00e3o Infantil. O resultado pode ser conferido na escola pretendida e os pais t\u00eam de 5 a 16 de dezembro para realizar a matr\u00edcula da crian\u00e7a.<br><br>O cadastro contemplou crian\u00e7as novatas a partir de 4 meses at\u00e9 5 anos de idade que ainda n\u00e3o estavam inseridas na educa\u00e7\u00e3o e que buscavam por vagas nos Centros e das Escolas Municipais de Educa\u00e7\u00e3o Infantil (Cemei\/Emei), nas Escolas de Ensino Fundamental e nas Escolas Conveniadas que oferecem a mesma modalidade de ensino. Lembrando que para quem completa 4 anos at\u00e9 o dia 31 de mar\u00e7o de 2023, o ingresso na escola \u00e9 obrigat\u00f3rio.<br><br>De acordo com a Secretaria Municipal de Educa\u00e7\u00e3o, o cadastro n\u00e3o \u00e9 garantia da vaga e n\u00e3o tem validade como matr\u00edcula, mas, sim, como um levantamento da Educa\u00e7\u00e3o Infantil para que o Munic\u00edpio possa ter um par\u00e2metro da atual demanda da cidade.<br><br>A coordenadora do Cadastro Escolar, Jaqueline Guimar\u00e3es, explica que no m\u00eas de janeiro a equipe da secretaria far\u00e1 uma nova an\u00e1lise para identificar as vagas remanescentes e convocar, a partir do dia 24 de janeiro, outras crian\u00e7as da lista de espera.<br><br>O cadastramento escolar para o preenchimento de vagas no ensino fundamental, m\u00e9dio e da educa\u00e7\u00e3o profissional segue at\u00e9 o dia 30 de novembro. Este cadastro ser\u00e1 feito atrav\u00e9s do sistema do Governo do Estado, o Sucem (Sistema \u00danico de Cadastro e Encaminhamento para a Matr\u00edcula), atrav\u00e9s do endere\u00e7o eletr\u00f4nico: (<a href=\"http:\/\/www.cadastroescolar.educacao.mg.gov.br\/\" target=\"_blank\" rel=\"noreferrer noopener\">www.cadastroescolar.educacao.mg.gov.br<\/a>).<br><br>Devem se cadastrar, alunos que desejam vaga na rede p\u00fablica de ensino, oriundos da rede particular, de outros Estados ou Munic\u00edpios, que n\u00e3o renovaram a matr\u00edcula na escola onde estudam, ou que perderam o prazo para renovar sua matr\u00edcula.<br><br>O resultado da aloca\u00e7\u00e3o dos alunos ser\u00e1 divulgado no dia 12 de dezembro e, entre os dias 03 e 13 de janeiro, acontecem as matr\u00edculas dos alunos selecionados para as escolas municipais (nas escolas estaduais, a matr\u00edcula \u00e9 entre os dias 20 de dezembro e 13 de janeiro). J\u00e1 as vagas remanescentes ser\u00e3o encaminhadas a partir de 24 de janeiro.<\/p>\n","protected":false},"excerpt":{"rendered":"<p>A Secretaria Municipal de Educa\u00e7\u00e3o divulgou o resultado do cadastramento escolar para crian\u00e7as da Educa\u00e7\u00e3o Infantil. O resultado pode ser<\/p>\n","protected":false},"author":2,"featured_media":3552,"comment_status":"open","ping_status":"open","sticky":false,"template":"","format":"standard","meta":{"footnotes":""},"categories":[9,11,13],"tags":[],"class_list":["post-3551","post","type-post","status-publish","format-standard","has-post-thumbnail","hentry","category-araxa","category-destaques","category-educacao"],"_links":{"self":[{"href":"http:\/\/blogdoarmindomaia.com.br\/index.php?rest_route=\/wp\/v2\/posts\/3551","targetHints":{"allow":["GET"]}}],"collection":[{"href":"http:\/\/blogdoarmindomaia.com.br\/index.php?rest_route=\/wp\/v2\/posts"}],"about":[{"href":"http:\/\/blogdoarmindomaia.com.br\/index.php?rest_route=\/wp\/v2\/types\/post"}],"author":[{"embeddable":true,"href":"http:\/\/blogdoarmindomaia.com.br\/index.php?rest_route=\/wp\/v2\/users\/2"}],"replies":[{"embeddable":true,"href":"http:\/\/blogdoarmindomaia.com.br\/index.php?rest_route=%2Fwp%2Fv2%2Fcomments&post=3551"}],"version-history":[{"count":1,"href":"http:\/\/blogdoarmindomaia.com.br\/index.php?rest_route=\/wp\/v2\/posts\/3551\/revisions"}],"predecessor-version":[{"id":3553,"href":"http:\/\/blogdoarmindomaia.com.br\/index.php?rest_route=\/wp\/v2\/posts\/3551\/revisions\/3553"}],"wp:featuredmedia":[{"embeddable":true,"href":"http:\/\/blogdoarmindomaia.com.br\/index.php?rest_route=\/wp\/v2\/media\/3552"}],"wp:attachment":[{"href":"http:\/\/blogdoarmindomaia.com.br\/index.php?rest_route=%2Fwp%2Fv2%2Fmedia&parent=3551"}],"wp:term":[{"taxonomy":"category","embeddable":true,"href":"http:\/\/blogdoarmindomaia.com.br\/index.php?rest_route=%2Fwp%2Fv2%2Fcategories&post=3551"},{"taxonomy":"post_tag","embeddable":true,"href":"http:\/\/blogdoarmindomaia.com.br\/index.php?rest_route=%2Fwp%2Fv2%2Ftags&post=3551"}],"curies":[{"name":"wp","href":"https:\/\/api.w.org\/{rel}","templated":true}]}}