{"id":3554,"date":"2022-12-01T11:41:01","date_gmt":"2022-12-01T14:41:01","guid":{"rendered":"http:\/\/blogdoarmindomaia.com.br\/?p=3554"},"modified":"2022-12-01T11:41:03","modified_gmt":"2022-12-01T14:41:03","slug":"zema-vai-pagar-o-decimo-terceiro-dos-servidores-mineiros-em-parcela-unica","status":"publish","type":"post","link":"http:\/\/blogdoarmindomaia.com.br\/?p=3554","title":{"rendered":"Zema vai pagar o d\u00e9cimo terceiro dos servidores mineiros em parcela \u00fanica"},"content":{"rendered":"\n<figure class=\"wp-block-image size-full is-style-default\"><img loading=\"lazy\" decoding=\"async\" width=\"800\" height=\"531\" src=\"http:\/\/blogdoarmindomaia.com.br\/wp-content\/uploads\/2022\/12\/Zema-vai-pagar-o-decimo-terceiro-dos-servidores-mineiros-em-parcela-unica-pag-07.jpg\" alt=\"\" class=\"wp-image-3555\" srcset=\"http:\/\/blogdoarmindomaia.com.br\/wp-content\/uploads\/2022\/12\/Zema-vai-pagar-o-decimo-terceiro-dos-servidores-mineiros-em-parcela-unica-pag-07.jpg 800w, http:\/\/blogdoarmindomaia.com.br\/wp-content\/uploads\/2022\/12\/Zema-vai-pagar-o-decimo-terceiro-dos-servidores-mineiros-em-parcela-unica-pag-07-300x199.jpg 300w, http:\/\/blogdoarmindomaia.com.br\/wp-content\/uploads\/2022\/12\/Zema-vai-pagar-o-decimo-terceiro-dos-servidores-mineiros-em-parcela-unica-pag-07-768x510.jpg 768w\" sizes=\"auto, (max-width: 800px) 100vw, 800px\" \/><\/figure>\n\n\n\n<p>O governador de Minas Gerais, Romeu Zema (Novo), anunciou na manh\u00e3 da \u00faltima segunda-feira (28) que os servidores p\u00fablicos do Estado v\u00e3o receber o 13\u00ba sal\u00e1rio em uma \u00fanica parcela. O pagamento ser\u00e1 feito no dia 14 de dezembro.<\/p>\n\n\n\n<p>S\u00e3o mais de 627 mil servidores e 52,5 mil pensionistas que receber\u00e3o a gratifica\u00e7\u00e3o natalina. O valor total da folha de pagamento do Estado chega a R$ 3,5 bilh\u00f5es, sem encargos patronais, com base nos dados de outubro de 2022.<\/p>\n\n\n\n<p>Nas redes sociais, o governador disse que &#8220;este \u00e9 o segundo ano consecutivo com pagamento integral, ap\u00f3s 6 anos de atrasos e parcelamentos&#8221;. &#8220;Com trabalho e gest\u00e3o de verdade sigo cumprindo a obriga\u00e7\u00e3o, que outros n\u00e3o fizeram&#8221;, publicou. Em v\u00eddeo divulgado pelo governo, Zema&nbsp;disse que esse pagamento s\u00f3 \u00e9 poss\u00edvel devido ao resultado de in\u00fameros esfor\u00e7os feitos nos quatro anos de mandato para equilibrar as contas do Estado. &#8220;\u00c9 importante ressaltar que uma gest\u00e3o respons\u00e1vel valoriza o funcionalismo p\u00fablico e garante a melhoria permanente da presta\u00e7\u00e3o dos servi\u00e7os p\u00fablicos aos 21 milh\u00f5es de mineiros e mineiras\u201d, ressaltou.&nbsp;<\/p>\n","protected":false},"excerpt":{"rendered":"<p>O governador de Minas Gerais, Romeu Zema (Novo), anunciou na manh\u00e3 da \u00faltima segunda-feira (28) que os servidores p\u00fablicos do<\/p>\n","protected":false},"author":2,"featured_media":3555,"comment_status":"open","ping_status":"open","sticky":false,"template":"","format":"standard","meta":{"footnotes":""},"categories":[9,11],"tags":[],"class_list":["post-3554","post","type-post","status-publish","format-standard","has-post-thumbnail","hentry","category-araxa","category-destaques"],"_links":{"self":[{"href":"http:\/\/blogdoarmindomaia.com.br\/index.php?rest_route=\/wp\/v2\/posts\/3554","targetHints":{"allow":["GET"]}}],"collection":[{"href":"http:\/\/blogdoarmindomaia.com.br\/index.php?rest_route=\/wp\/v2\/posts"}],"about":[{"href":"http:\/\/blogdoarmindomaia.com.br\/index.php?rest_route=\/wp\/v2\/types\/post"}],"author":[{"embeddable":true,"href":"http:\/\/blogdoarmindomaia.com.br\/index.php?rest_route=\/wp\/v2\/users\/2"}],"replies":[{"embeddable":true,"href":"http:\/\/blogdoarmindomaia.com.br\/index.php?rest_route=%2Fwp%2Fv2%2Fcomments&post=3554"}],"version-history":[{"count":1,"href":"http:\/\/blogdoarmindomaia.com.br\/index.php?rest_route=\/wp\/v2\/posts\/3554\/revisions"}],"predecessor-version":[{"id":3556,"href":"http:\/\/blogdoarmindomaia.com.br\/index.php?rest_route=\/wp\/v2\/posts\/3554\/revisions\/3556"}],"wp:featuredmedia":[{"embeddable":true,"href":"http:\/\/blogdoarmindomaia.com.br\/index.php?rest_route=\/wp\/v2\/media\/3555"}],"wp:attachment":[{"href":"http:\/\/blogdoarmindomaia.com.br\/index.php?rest_route=%2Fwp%2Fv2%2Fmedia&parent=3554"}],"wp:term":[{"taxonomy":"category","embeddable":true,"href":"http:\/\/blogdoarmindomaia.com.br\/index.php?rest_route=%2Fwp%2Fv2%2Fcategories&post=3554"},{"taxonomy":"post_tag","embeddable":true,"href":"http:\/\/blogdoarmindomaia.com.br\/index.php?rest_route=%2Fwp%2Fv2%2Ftags&post=3554"}],"curies":[{"name":"wp","href":"https:\/\/api.w.org\/{rel}","templated":true}]}}