{"id":3557,"date":"2022-12-01T14:24:05","date_gmt":"2022-12-01T17:24:05","guid":{"rendered":"http:\/\/blogdoarmindomaia.com.br\/?p=3557"},"modified":"2022-12-01T14:24:06","modified_gmt":"2022-12-01T17:24:06","slug":"procon-araxa-esta-em-novo-endereco-perto-do-ponto-de-onibus-central","status":"publish","type":"post","link":"http:\/\/blogdoarmindomaia.com.br\/?p=3557","title":{"rendered":"Procon Arax\u00e1 est\u00e1 em novo endere\u00e7o perto do ponto de \u00f4nibus central"},"content":{"rendered":"\n<figure class=\"wp-block-image size-full is-style-default\"><img loading=\"lazy\" decoding=\"async\" width=\"1024\" height=\"683\" src=\"http:\/\/blogdoarmindomaia.com.br\/wp-content\/uploads\/2022\/12\/Procon-Araxa-esta-em-novo-endereco-perto-do-ponto-de-onibus-central-pag-04.jpeg\" alt=\"\" class=\"wp-image-3558\" srcset=\"http:\/\/blogdoarmindomaia.com.br\/wp-content\/uploads\/2022\/12\/Procon-Araxa-esta-em-novo-endereco-perto-do-ponto-de-onibus-central-pag-04.jpeg 1024w, http:\/\/blogdoarmindomaia.com.br\/wp-content\/uploads\/2022\/12\/Procon-Araxa-esta-em-novo-endereco-perto-do-ponto-de-onibus-central-pag-04-300x200.jpeg 300w, http:\/\/blogdoarmindomaia.com.br\/wp-content\/uploads\/2022\/12\/Procon-Araxa-esta-em-novo-endereco-perto-do-ponto-de-onibus-central-pag-04-768x512.jpeg 768w\" sizes=\"auto, (max-width: 1024px) 100vw, 1024px\" \/><\/figure>\n\n\n\n<figure class=\"wp-block-image size-full is-style-default\"><img loading=\"lazy\" decoding=\"async\" width=\"1024\" height=\"768\" src=\"http:\/\/blogdoarmindomaia.com.br\/wp-content\/uploads\/2022\/12\/Procon.jpeg\" alt=\"\" class=\"wp-image-3559\" srcset=\"http:\/\/blogdoarmindomaia.com.br\/wp-content\/uploads\/2022\/12\/Procon.jpeg 1024w, http:\/\/blogdoarmindomaia.com.br\/wp-content\/uploads\/2022\/12\/Procon-300x225.jpeg 300w, http:\/\/blogdoarmindomaia.com.br\/wp-content\/uploads\/2022\/12\/Procon-768x576.jpeg 768w\" sizes=\"auto, (max-width: 1024px) 100vw, 1024px\" \/><\/figure>\n\n\n\n<p>Para facilitar o acesso da popula\u00e7\u00e3o, o Programa Municipal de Prote\u00e7\u00e3o e Defesa do Consumidor (Procon) de Arax\u00e1 est\u00e1 em novo endere\u00e7o. Situado estrategicamente pr\u00f3ximo ao ponto de \u00f4nibus central na avenida Ant\u00f4nio Carlos, o \u00f3rg\u00e3o foi transferido para a Pra\u00e7a Coronel Adolfo, n\u00ba 28, no pr\u00e9dio onde funcionava o anexo da antiga C\u00e2mara Municipal de Arax\u00e1.<br><br>O prefeito Robson Magela visitou o local&nbsp; para conhecer as novas instala\u00e7\u00f5es e o funcionamento da unidade. Na oportunidade ele destacou a import\u00e2ncia do \u00f3rg\u00e3o para a popula\u00e7\u00e3o. \u201cO Procon atende todas as classes e, principalmente, aqueles que mais necessitam do Poder P\u00fablico para garantir seus direitos como consumidores. O \u00f3rg\u00e3o aqui em Arax\u00e1 \u00e9 muito bem estruturado e est\u00e1 \u00e0 disposi\u00e7\u00e3o de todos\u201d, refor\u00e7a.<br><br>De acordo com a secret\u00e1ria executiva do Procon Arax\u00e1, Belma Nolli, j\u00e1 houve uma procura significativa para atendimentos no novo endere\u00e7o. \u201cEsse espa\u00e7o central com acessibilidade ficou muito f\u00e1cil para o consumidor, todas as linhas de \u00f4nibus passam na porta, sem contar que tem estacionamento para quem vem buscar o servi\u00e7o. O espa\u00e7o tamb\u00e9m \u00e9 mais arejado, mais amplo, proporcionando mais conforto tanto para o consumidor, quanto para o servidor\u201d, destaca.<br><\/p>\n","protected":false},"excerpt":{"rendered":"<p>Para facilitar o acesso da popula\u00e7\u00e3o, o Programa Municipal de Prote\u00e7\u00e3o e Defesa do Consumidor (Procon) de Arax\u00e1 est\u00e1 em<\/p>\n","protected":false},"author":2,"featured_media":3559,"comment_status":"open","ping_status":"open","sticky":false,"template":"","format":"standard","meta":{"footnotes":""},"categories":[9,11],"tags":[],"class_list":["post-3557","post","type-post","status-publish","format-standard","has-post-thumbnail","hentry","category-araxa","category-destaques"],"_links":{"self":[{"href":"http:\/\/blogdoarmindomaia.com.br\/index.php?rest_route=\/wp\/v2\/posts\/3557","targetHints":{"allow":["GET"]}}],"collection":[{"href":"http:\/\/blogdoarmindomaia.com.br\/index.php?rest_route=\/wp\/v2\/posts"}],"about":[{"href":"http:\/\/blogdoarmindomaia.com.br\/index.php?rest_route=\/wp\/v2\/types\/post"}],"author":[{"embeddable":true,"href":"http:\/\/blogdoarmindomaia.com.br\/index.php?rest_route=\/wp\/v2\/users\/2"}],"replies":[{"embeddable":true,"href":"http:\/\/blogdoarmindomaia.com.br\/index.php?rest_route=%2Fwp%2Fv2%2Fcomments&post=3557"}],"version-history":[{"count":1,"href":"http:\/\/blogdoarmindomaia.com.br\/index.php?rest_route=\/wp\/v2\/posts\/3557\/revisions"}],"predecessor-version":[{"id":3560,"href":"http:\/\/blogdoarmindomaia.com.br\/index.php?rest_route=\/wp\/v2\/posts\/3557\/revisions\/3560"}],"wp:featuredmedia":[{"embeddable":true,"href":"http:\/\/blogdoarmindomaia.com.br\/index.php?rest_route=\/wp\/v2\/media\/3559"}],"wp:attachment":[{"href":"http:\/\/blogdoarmindomaia.com.br\/index.php?rest_route=%2Fwp%2Fv2%2Fmedia&parent=3557"}],"wp:term":[{"taxonomy":"category","embeddable":true,"href":"http:\/\/blogdoarmindomaia.com.br\/index.php?rest_route=%2Fwp%2Fv2%2Fcategories&post=3557"},{"taxonomy":"post_tag","embeddable":true,"href":"http:\/\/blogdoarmindomaia.com.br\/index.php?rest_route=%2Fwp%2Fv2%2Ftags&post=3557"}],"curies":[{"name":"wp","href":"https:\/\/api.w.org\/{rel}","templated":true}]}}