{"id":3561,"date":"2022-12-01T14:25:59","date_gmt":"2022-12-01T17:25:59","guid":{"rendered":"http:\/\/blogdoarmindomaia.com.br\/?p=3561"},"modified":"2022-12-01T14:26:01","modified_gmt":"2022-12-01T17:26:01","slug":"camara-de-araxa-aprovou-sete-projetos-na-reuniao-desta-semana","status":"publish","type":"post","link":"http:\/\/blogdoarmindomaia.com.br\/?p=3561","title":{"rendered":"<strong>C\u00e2mara de Arax\u00e1 aprovou sete projetos na reuni\u00e3o desta semana<\/strong>"},"content":{"rendered":"\n<figure class=\"wp-block-image size-full is-style-default\"><img loading=\"lazy\" decoding=\"async\" width=\"1000\" height=\"684\" src=\"http:\/\/blogdoarmindomaia.com.br\/wp-content\/uploads\/2022\/12\/plenario-3.jpeg\" alt=\"\" class=\"wp-image-3562\" srcset=\"http:\/\/blogdoarmindomaia.com.br\/wp-content\/uploads\/2022\/12\/plenario-3.jpeg 1000w, http:\/\/blogdoarmindomaia.com.br\/wp-content\/uploads\/2022\/12\/plenario-3-300x205.jpeg 300w, http:\/\/blogdoarmindomaia.com.br\/wp-content\/uploads\/2022\/12\/plenario-3-768x525.jpeg 768w, http:\/\/blogdoarmindomaia.com.br\/wp-content\/uploads\/2022\/12\/plenario-3-130x90.jpeg 130w\" sizes=\"auto, (max-width: 1000px) 100vw, 1000px\" \/><\/figure>\n\n\n\n<p>Na reuni\u00e3o da C\u00e2mara Municipal de Arax\u00e1, da \u00faltima ter\u00e7a-feira foram votados e aprovados sete Projetos de Lei. O Projeto de Lei 254\/2022, de autoria do Executivo, prev\u00ea a concess\u00e3o de subs\u00eddio mensal ao transporte p\u00fablico coletivo do Munic\u00edpio, com o objetivo de evitar o aumento da tarifa. A mat\u00e9ria prop\u00f5e tamb\u00e9m nova gratuidade aos idosos com mais de 60 anos e gratuidade integral aos estudantes.<\/p>\n\n\n\n<p>Projeto de Lei 226\/2022 (com emenda): Disp\u00f5e sobre o estabelecimento de cotas raciais para o ingresso de negros, negras ou afrodescendentes no servi\u00e7o p\u00fablico municipal em cargos efetivos, para uma Arax\u00e1 mais humana. Autora: vereadora Leni Nobre;<\/p>\n\n\n\n<p>Projeto de Lei 250\/2022- Disp\u00f5e sobre a implanta\u00e7\u00e3o da pol\u00edtica pr\u00f3-mulher de qualifica\u00e7\u00e3o de m\u00e3o-de-obra feminina no munic\u00edpio de Arax\u00e1\/MG e d\u00e1 outras provid\u00eancias. Autora: vereadora Maristela Dutra;<\/p>\n\n\n\n<p>Projeto de Lei 251\/2022: Altera dispositivos da Lei Municipal n\u00ba 7.488\/2021 e d\u00e1 outras provid\u00eancias. Autor: Executivo;<\/p>\n\n\n\n<p>Projeto de Lei 253\/2022: Cria a carteira de identifica\u00e7\u00e3o da pessoa com S\u00edndrome de Down, no munic\u00edpio de Arax\u00e1. Autor: vereador Wellington da Bit;<\/p>\n\n\n\n<p>Projeto de Lei 254\/2022: Autoriza a concess\u00e3o de subs\u00eddio mensal ao transporte p\u00fablico coletivo do Munic\u00edpio. Autor: Executivo;<\/p>\n\n\n\n<p>Projeto de Lei 265\/2022: Institui o Programa Educativo \u201cPequeno Agricultor\u201d nas escolas da zona rural do munic\u00edpio de Arax\u00e1. Autor: vereador Luiz Carlos Bittencourt;<\/p>\n\n\n\n<p>Projeto de Lei 267\/2022: Altera a al\u00ednea \u2018B\u2019, do inciso II, do artigo 11 da Lei Municipal n\u00ba 7.362\/2019 e d\u00e1 outras provid\u00eancias. Autor: vereador Jo\u00e3o Veras.<\/p>\n","protected":false},"excerpt":{"rendered":"<p>Na reuni\u00e3o da C\u00e2mara Municipal de Arax\u00e1, da \u00faltima ter\u00e7a-feira foram votados e aprovados sete Projetos de Lei. O Projeto<\/p>\n","protected":false},"author":2,"featured_media":3562,"comment_status":"open","ping_status":"open","sticky":false,"template":"","format":"standard","meta":{"footnotes":""},"categories":[9,11],"tags":[],"class_list":["post-3561","post","type-post","status-publish","format-standard","has-post-thumbnail","hentry","category-araxa","category-destaques"],"_links":{"self":[{"href":"http:\/\/blogdoarmindomaia.com.br\/index.php?rest_route=\/wp\/v2\/posts\/3561","targetHints":{"allow":["GET"]}}],"collection":[{"href":"http:\/\/blogdoarmindomaia.com.br\/index.php?rest_route=\/wp\/v2\/posts"}],"about":[{"href":"http:\/\/blogdoarmindomaia.com.br\/index.php?rest_route=\/wp\/v2\/types\/post"}],"author":[{"embeddable":true,"href":"http:\/\/blogdoarmindomaia.com.br\/index.php?rest_route=\/wp\/v2\/users\/2"}],"replies":[{"embeddable":true,"href":"http:\/\/blogdoarmindomaia.com.br\/index.php?rest_route=%2Fwp%2Fv2%2Fcomments&post=3561"}],"version-history":[{"count":1,"href":"http:\/\/blogdoarmindomaia.com.br\/index.php?rest_route=\/wp\/v2\/posts\/3561\/revisions"}],"predecessor-version":[{"id":3563,"href":"http:\/\/blogdoarmindomaia.com.br\/index.php?rest_route=\/wp\/v2\/posts\/3561\/revisions\/3563"}],"wp:featuredmedia":[{"embeddable":true,"href":"http:\/\/blogdoarmindomaia.com.br\/index.php?rest_route=\/wp\/v2\/media\/3562"}],"wp:attachment":[{"href":"http:\/\/blogdoarmindomaia.com.br\/index.php?rest_route=%2Fwp%2Fv2%2Fmedia&parent=3561"}],"wp:term":[{"taxonomy":"category","embeddable":true,"href":"http:\/\/blogdoarmindomaia.com.br\/index.php?rest_route=%2Fwp%2Fv2%2Fcategories&post=3561"},{"taxonomy":"post_tag","embeddable":true,"href":"http:\/\/blogdoarmindomaia.com.br\/index.php?rest_route=%2Fwp%2Fv2%2Ftags&post=3561"}],"curies":[{"name":"wp","href":"https:\/\/api.w.org\/{rel}","templated":true}]}}