{"id":3564,"date":"2022-12-01T16:25:18","date_gmt":"2022-12-01T19:25:18","guid":{"rendered":"http:\/\/blogdoarmindomaia.com.br\/?p=3564"},"modified":"2022-12-01T16:25:20","modified_gmt":"2022-12-01T19:25:20","slug":"araxa-realiza-o-1o-encontro-municipal-de-turismo","status":"publish","type":"post","link":"http:\/\/blogdoarmindomaia.com.br\/?p=3564","title":{"rendered":"Arax\u00e1 realiza o 1\u00ba Encontro Municipal de Turismo"},"content":{"rendered":"\n<figure class=\"wp-block-image size-full is-style-default\"><img loading=\"lazy\" decoding=\"async\" width=\"1024\" height=\"683\" src=\"http:\/\/blogdoarmindomaia.com.br\/wp-content\/uploads\/2022\/12\/1o-Encontro-Municipal-de-Turismo-7-1.jpeg\" alt=\"\" class=\"wp-image-3565\" srcset=\"http:\/\/blogdoarmindomaia.com.br\/wp-content\/uploads\/2022\/12\/1o-Encontro-Municipal-de-Turismo-7-1.jpeg 1024w, http:\/\/blogdoarmindomaia.com.br\/wp-content\/uploads\/2022\/12\/1o-Encontro-Municipal-de-Turismo-7-1-300x200.jpeg 300w, http:\/\/blogdoarmindomaia.com.br\/wp-content\/uploads\/2022\/12\/1o-Encontro-Municipal-de-Turismo-7-1-768x512.jpeg 768w\" sizes=\"auto, (max-width: 1024px) 100vw, 1024px\" \/><\/figure>\n\n\n\n<figure class=\"wp-block-image size-full is-style-default\"><img loading=\"lazy\" decoding=\"async\" width=\"1024\" height=\"683\" src=\"http:\/\/blogdoarmindomaia.com.br\/wp-content\/uploads\/2022\/12\/1o-Encontro-Municipal-de-Turismo-2.jpeg\" alt=\"\" class=\"wp-image-3566\" srcset=\"http:\/\/blogdoarmindomaia.com.br\/wp-content\/uploads\/2022\/12\/1o-Encontro-Municipal-de-Turismo-2.jpeg 1024w, http:\/\/blogdoarmindomaia.com.br\/wp-content\/uploads\/2022\/12\/1o-Encontro-Municipal-de-Turismo-2-300x200.jpeg 300w, http:\/\/blogdoarmindomaia.com.br\/wp-content\/uploads\/2022\/12\/1o-Encontro-Municipal-de-Turismo-2-768x512.jpeg 768w\" sizes=\"auto, (max-width: 1024px) 100vw, 1024px\" \/><\/figure>\n\n\n\n<figure class=\"wp-block-image size-full is-style-default\"><img loading=\"lazy\" decoding=\"async\" width=\"1024\" height=\"683\" src=\"http:\/\/blogdoarmindomaia.com.br\/wp-content\/uploads\/2022\/12\/1o-Encontro-Municipal-de-Turismo-3.jpeg\" alt=\"\" class=\"wp-image-3567\" srcset=\"http:\/\/blogdoarmindomaia.com.br\/wp-content\/uploads\/2022\/12\/1o-Encontro-Municipal-de-Turismo-3.jpeg 1024w, http:\/\/blogdoarmindomaia.com.br\/wp-content\/uploads\/2022\/12\/1o-Encontro-Municipal-de-Turismo-3-300x200.jpeg 300w, http:\/\/blogdoarmindomaia.com.br\/wp-content\/uploads\/2022\/12\/1o-Encontro-Municipal-de-Turismo-3-768x512.jpeg 768w\" sizes=\"auto, (max-width: 1024px) 100vw, 1024px\" \/><\/figure>\n\n\n\n<p>Uma parceria entre a Secretaria Municipal de Desenvolvimento Econ\u00f4mico, Inova\u00e7\u00e3o e Turismo, o Servi\u00e7o Brasileiro de Apoio \u00e0s Micro e Pequenas Empresas (Sebrae) e o Circuito Tur\u00edstico Nascentes das Gerais e Canastra realizou o 1\u00ba Encontro Municipal de Turismo nesta quarta-feira (30). O evento aconteceu no audit\u00f3rio do Virgilius Palace Hotel e abordou temas relevantes do setor para promover melhorias e valoriza\u00e7\u00e3o do turismo local, incluindo os produtos regionais e profissionais da \u00e1rea.<br><br>Estiveram presentes o superintendente de Turismo, Ricardo Ruas, representando o secret\u00e1rio Juliano C\u00e9sar da Silva; o secret\u00e1rio municipal de Governo, Rick Paranhos, representando o prefeito Robson Magela; a presidente do Conselho Municipal de Turismo, Maricell Hussein; o analista do Sebrae, Alessandro Souza; o gestor do Circuito Tur\u00edstico Nascente das Gerais e Canastra, Kleyber Silveira, o vereador Bosco J\u00fanior, representando o Poder Legislativo; o secret\u00e1rio de Turismo de Sacramento, Pierre Pacheco; e representantes do Trade Tur\u00edstico, institui\u00e7\u00f5es financeiras, comunidade e imprensa.<br><br>Um dos palestrantes da noite, o consultor do Sebrae do Rio Grande do Sul, Ismael Viezze, abordou o tema \u201cA import\u00e2ncia da Governan\u00e7a Local e do Trabalho em Rede para o Desenvolvimento do Turismo\u201d, e o gestor Kleyber Silveira, lan\u00e7ou o projeto Rotas do Turismo.<br><br>O circuito foi aderido por Arax\u00e1 no segundo semestre de 2021. Vinte munic\u00edpios j\u00e1 fazem parte dessa proposta e buscam a\u00e7\u00f5es e investimentos para as atividades do setor de cada munic\u00edpio. Foi apresentada a inclus\u00e3o de Arax\u00e1 em tr\u00eas rotas tur\u00edsticas e que reafirmam que o turismo pode se tornar uma importante fonte de desenvolvimento econ\u00f4mico.<br><br>De acordo com Ricardo Ruas, a primeira edi\u00e7\u00e3o do encontro \u00e9 um momento de sensibilizar a popula\u00e7\u00e3o sobre o potencial de Arax\u00e1, que \u00e9 conhecido, mas pouco explorado.<br><br>\u201cA partir de an\u00e1lise do Sebrae, de um regionalismo de Arax\u00e1, Tapira e Sacramento, foi decidido unir essas tr\u00eas for\u00e7as em prol do turismo. De uma forma estrat\u00e9gica, o intuito principal \u00e9 trazer os turistas para visitar a regi\u00e3o como um todo. Um mapeamento nas cidades foi realizado, por meio de reuni\u00f5es entre diversas lideran\u00e7as como representantes da Acia, CDL, secret\u00e1rios, artes\u00e3os e doceiros para buscar a melhor reestrutura\u00e7\u00e3o do turismo local, uma fonte de renda prim\u00e1ria para a maioria das fam\u00edlias daqui. O araxaense sempre foi bairrista, mas ao longo do tempo ele esqueceu esse sentimento de pertencimento e \u00e9 necess\u00e1rio resgat\u00e1-lo, valorizar ainda mais a cidade e nossos produtos\u201d, explica.<br><br>O gerente geral do Grande Hotel Termas de Arax\u00e1, Diogo Villalobos Saavedra, acredita que a parceria ir\u00e1 fortalecer ainda mais o setor. \u201cEsse encontro, primeiramente \u00e9 um alinhamento entre todos os setores e ir\u00e1 deixar claro o papel de cada um deles no desenvolvimento do turismo. \u00c9 o primeiro passo de uma grande parceria\u201d, destaca.<br><br>O analista Alessandro Souza comemora esse \u201cstart\u201d. \u201c\u00c9 um evento muito importante porque se trata, realmente, de um passo inicial das v\u00e1rias a\u00e7\u00f5es e atividades que j\u00e1 vem sendo realizadas ao longo dos anos. Atrav\u00e9s do Plano Municipal de Turismo foi identificada a necessidade de realizar um estudo mais aprofundado sobre a din\u00e2mica do setor em nossa cidade e trazer essa percep\u00e7\u00e3o para a pr\u00e1tica. Estamos acreditando muito nesse processo para que possamos consolidar o turismo em nossa cidade. E cidade boa para o turista \u00e9 cidade boa para o pr\u00f3prio cidad\u00e3o araxaense\u201d, reitera.<\/p>\n","protected":false},"excerpt":{"rendered":"<p>Uma parceria entre a Secretaria Municipal de Desenvolvimento Econ\u00f4mico, Inova\u00e7\u00e3o e Turismo, o Servi\u00e7o Brasileiro de Apoio \u00e0s Micro e<\/p>\n","protected":false},"author":2,"featured_media":3565,"comment_status":"open","ping_status":"open","sticky":false,"template":"","format":"standard","meta":{"footnotes":""},"categories":[9,11,32],"tags":[],"class_list":["post-3564","post","type-post","status-publish","format-standard","has-post-thumbnail","hentry","category-araxa","category-destaques","category-turismo"],"_links":{"self":[{"href":"http:\/\/blogdoarmindomaia.com.br\/index.php?rest_route=\/wp\/v2\/posts\/3564","targetHints":{"allow":["GET"]}}],"collection":[{"href":"http:\/\/blogdoarmindomaia.com.br\/index.php?rest_route=\/wp\/v2\/posts"}],"about":[{"href":"http:\/\/blogdoarmindomaia.com.br\/index.php?rest_route=\/wp\/v2\/types\/post"}],"author":[{"embeddable":true,"href":"http:\/\/blogdoarmindomaia.com.br\/index.php?rest_route=\/wp\/v2\/users\/2"}],"replies":[{"embeddable":true,"href":"http:\/\/blogdoarmindomaia.com.br\/index.php?rest_route=%2Fwp%2Fv2%2Fcomments&post=3564"}],"version-history":[{"count":1,"href":"http:\/\/blogdoarmindomaia.com.br\/index.php?rest_route=\/wp\/v2\/posts\/3564\/revisions"}],"predecessor-version":[{"id":3568,"href":"http:\/\/blogdoarmindomaia.com.br\/index.php?rest_route=\/wp\/v2\/posts\/3564\/revisions\/3568"}],"wp:featuredmedia":[{"embeddable":true,"href":"http:\/\/blogdoarmindomaia.com.br\/index.php?rest_route=\/wp\/v2\/media\/3565"}],"wp:attachment":[{"href":"http:\/\/blogdoarmindomaia.com.br\/index.php?rest_route=%2Fwp%2Fv2%2Fmedia&parent=3564"}],"wp:term":[{"taxonomy":"category","embeddable":true,"href":"http:\/\/blogdoarmindomaia.com.br\/index.php?rest_route=%2Fwp%2Fv2%2Fcategories&post=3564"},{"taxonomy":"post_tag","embeddable":true,"href":"http:\/\/blogdoarmindomaia.com.br\/index.php?rest_route=%2Fwp%2Fv2%2Ftags&post=3564"}],"curies":[{"name":"wp","href":"https:\/\/api.w.org\/{rel}","templated":true}]}}