{"id":3576,"date":"2022-12-02T22:47:49","date_gmt":"2022-12-03T01:47:49","guid":{"rendered":"http:\/\/blogdoarmindomaia.com.br\/?p=3576"},"modified":"2022-12-02T22:47:51","modified_gmt":"2022-12-03T01:47:51","slug":"brasil-perde-para-camaroes-e-vai-enfrentar-correia-do-sul-nas-oitavas-da-copa","status":"publish","type":"post","link":"http:\/\/blogdoarmindomaia.com.br\/?p=3576","title":{"rendered":"Brasil perde para Camar\u00f5es e vai enfrentar Correia do Sul nas oitavas da Copa"},"content":{"rendered":"\n<figure class=\"wp-block-image size-full is-style-default\"><img loading=\"lazy\" decoding=\"async\" width=\"860\" height=\"591\" src=\"http:\/\/blogdoarmindomaia.com.br\/wp-content\/uploads\/2022\/12\/gol-de-Camaroes.jpg\" alt=\"\" class=\"wp-image-3577\" srcset=\"http:\/\/blogdoarmindomaia.com.br\/wp-content\/uploads\/2022\/12\/gol-de-Camaroes.jpg 860w, http:\/\/blogdoarmindomaia.com.br\/wp-content\/uploads\/2022\/12\/gol-de-Camaroes-300x206.jpg 300w, http:\/\/blogdoarmindomaia.com.br\/wp-content\/uploads\/2022\/12\/gol-de-Camaroes-768x528.jpg 768w, http:\/\/blogdoarmindomaia.com.br\/wp-content\/uploads\/2022\/12\/gol-de-Camaroes-130x90.jpg 130w\" sizes=\"auto, (max-width: 860px) 100vw, 860px\" \/><\/figure>\n\n\n\n<p>Desorganizado e sentindo falta de entrosamento, o time reserva do&nbsp;<strong>Brasil<\/strong>&nbsp;at\u00e9 que tentou fazer frente \u00e0 lanterna sele\u00e7\u00e3o de&nbsp;<strong>Camar\u00f5es<\/strong>, mas sofreu um gol de cabe\u00e7a nos acr\u00e9scimos e saiu do Est\u00e1dio Lusail com sua primeira derrota na&nbsp;<strong>Copa do Mundo<\/strong>. Apesar do rev\u00e9s por&nbsp;<strong>1 a 0<\/strong>, o Brasil garantiu a lideran\u00e7a do Grupo G e enfrentar\u00e1 a Coreia do Sul na pr\u00f3xima segunda-feira pelas oitavas de final.<\/p>\n\n\n\n<p>Ainda que corresse \u00e0 boca pequena entre os jornalistas estrangeiros que cobrem a Copa do Mundo que &#8220;o Brasil tem duas sele\u00e7\u00f5es&#8221;, havia expectativa sobre o real potencial do time reserva para o jogo desta sexta-feira. A qualidade individual dos jogadores praticamente n\u00e3o estava em d\u00favida, mas colocar onze atletas que n\u00e3o t\u00eam o h\u00e1bito de atuar juntos numa partida suscitava desconfian\u00e7a se funcionaria como equipe.<\/p>\n\n\n\n<p>O jogo tamb\u00e9m tinha um importante personagem pr\u00e9-definido: Daniel Alves. Escolhido para ser o capit\u00e3o do Brasil, o atleta de 39 anos foi contestado desde que teve seu nome anunciado por Tite no m\u00eas passado. E, contra Camar\u00f5es, o lateral teve finalmente uma primeira oportunidade para justificar sua presen\u00e7a no Mundial.<\/p>\n\n\n\n<p>Os primeiros 45 minutos mostrariam que a sele\u00e7\u00e3o reserva era de fato um bom time, mas carecia, sim, de entrosamento. Acostumado a jogar entre os titulares, Fred mais de uma vez precisou girar em torno do pr\u00f3prio eixo \u00e0 espera de um companheiro que evolu\u00edsse ao ataque. Os pontas, Antony e Martinelli, eram agudos, mas tinham dificuldades em encontrar Gabriel Jesus no meio da \u00e1rea. Rodrygo, o substituto de Neymar, desempenhava bem o papel do titular &#8211; inclusive sendo ca\u00e7ado em campo -, mas n\u00e3o tinha chances para finalizar.<\/p>\n\n\n\n<p>Quanto a Daniel Alves, ele foi menos construtor do que Tite tanto se empenhou em destacar nos dias que antecederam \u00e0 partida. Jogou recuado pela direita, e mais de uma vez a sele\u00e7\u00e3o de Camar\u00f5es conseguiu progredir por l\u00e1. Mas o capit\u00e3o da sele\u00e7\u00e3o brasileira n\u00e3o comprometeu, ajudou a organizar a defesa e at\u00e9 teve chance de fazer um gol, ao bater falta da entrada da \u00e1rea. A bola acabaria indo por cima.<\/p>\n\n\n\n<p>A sele\u00e7\u00e3o voltou sem altera\u00e7\u00f5es para o segundo tempo, mas n\u00e3o tardou para Tite promover tr\u00eas mudan\u00e7as. E isso por causa de um novo problema na lateral; Alex Telles, o substituto do lesionado Alex Sandro, tamb\u00e9m se contundiu. Sem op\u00e7\u00e3o para o lado esquerdo, o jeito foi colocar o zagueiro Marquinhos por l\u00e1. Bruno Guimar\u00e3es e Everton Ribeiro tamb\u00e9m entraram.<\/p>\n\n\n\n<p>A essa altura, a partida que fechava o Grupo G da Copa do Mundo era mais voluntariosa do que propriamente organizada. Porque de um lado havia Camar\u00f5es tentando ir ao ataque de qualquer jeito em busca de uma classifica\u00e7\u00e3o improv\u00e1vel, e do outro havia o Brasil reserva buscando o gol de Epassy apenas na base do talento de seus jogadores, uma vez que a organiza\u00e7\u00e3o t\u00e1tica quase inexistia. At\u00e9 que, aos 47, Mbekeli escapou pela direita e cruzou no primeiro pau para Aboubakar cabecear no canto. Ederson apenas olhou a bola morrer no fundo da rede.<\/p>\n\n\n\n<p>Mesmo com o resultado, o Brasil assegurou a primeira coloca\u00e7\u00e3o no grupo e, na segunda-feira, enfrentar\u00e1 a Coreia do Sul pelas oitavas de final da Copa do Mundo. A sele\u00e7\u00e3o asi\u00e1tica garantiu classifica\u00e7\u00e3o de forma surpreendente um pouco antes, ao virar sobre Portugal e chegar aos quatro pontos no Grupo H. Assim, se igualou ao Uruguai, mas terminou \u00e0 frente pelo crit\u00e9rio de gols marcados.<\/p>\n\n\n\n<p><strong>TORCIDA EXALTA PEL\u00c9 E NEYMAR<\/strong><\/p>\n\n\n\n<p>Recuperando-se de les\u00e3o no tornozelo direito, o atacante Neymar &#8211; assim como Danilo e Alex Sandro &#8211; esteve no Lusail. O atacante apareceu no tel\u00e3o durante a execu\u00e7\u00e3o do hino nacional e foi ovacionado pela torcida. Pel\u00e9, que est\u00e1 internado com infec\u00e7\u00e3o respirat\u00f3ria em S\u00e3o Paulo, foi homenageado com um bandeir\u00e3o pela torcida. A imagem do Rei do Futebol estava estampada, com uma mensagem desejando melhoras em ingl\u00eas.<\/p>\n\n\n\n<p><strong>FICHA T\u00c9CNICA<\/strong><\/p>\n\n\n\n<p><strong>BRASIL 0 X 1 CAMAR\u00d5ES<\/strong><\/p>\n\n\n\n<p><strong>BRASIL<\/strong>&nbsp;&#8211; Ederson; Dani Alves, \u00c9der Milit\u00e3o, Bremer e Alex Telles (Marquinhos); Fabinho, Fred (Bruno Guimar\u00e3es) e Rodrygo (Everton Ribeiro); Antony (Raphinha), Gabriel Jesus (Pedro) e Gabriel Martinelli.&nbsp;<strong>T\u00e9cnico<\/strong>: Tite.<\/p>\n\n\n\n<p><strong>CAMAR\u00d5ES&nbsp;<\/strong>&#8211; Epassy; Fai, Wooh, Ebosse e Tolo; Anguissa, Kunde (Ntcham), Mbeumo (Ekambi), Choupo-Moting e Ngamaleu (Mbekeli); Aboubakar. T\u00e9cnico: Rigobert Song.<\/p>\n\n\n\n<p><strong>GOL&nbsp;<\/strong>&#8211; Aboubakar, aos 47 minutos do segundo tempo.<\/p>\n\n\n\n<p><strong>ARBITRAGEM&nbsp;<\/strong>&#8211; Ismail Elfath (EUA).<\/p>\n\n\n\n<p><strong>CART\u00d5ES AMARELOS<\/strong>&nbsp;&#8211; Tolo, Kunde, Fai, Aboubakar; \u00c9der Milit\u00e3o; Bruno Guimar\u00e3es.<\/p>\n\n\n\n<p><strong>CART\u00c3O VERMELHO<\/strong>&nbsp;&#8211; Aboubakar.<\/p>\n\n\n\n<p><strong>P\u00daBLICO&nbsp;<\/strong>&#8211; 85.986 torcedores<\/p>\n\n\n\n<p><strong>LOCAL&nbsp;<\/strong>&#8211; Est\u00e1dio Lusail, no Catar. ( Fonte site UOL )<\/p>\n","protected":false},"excerpt":{"rendered":"<p>Desorganizado e sentindo falta de entrosamento, o time reserva do&nbsp;Brasil&nbsp;at\u00e9 que tentou fazer frente \u00e0 lanterna sele\u00e7\u00e3o de&nbsp;Camar\u00f5es, mas sofreu<\/p>\n","protected":false},"author":2,"featured_media":3577,"comment_status":"open","ping_status":"open","sticky":false,"template":"","format":"standard","meta":{"footnotes":""},"categories":[7,15],"tags":[],"class_list":["post-3576","post","type-post","status-publish","format-standard","has-post-thumbnail","hentry","category-brasil","category-esportes"],"_links":{"self":[{"href":"http:\/\/blogdoarmindomaia.com.br\/index.php?rest_route=\/wp\/v2\/posts\/3576","targetHints":{"allow":["GET"]}}],"collection":[{"href":"http:\/\/blogdoarmindomaia.com.br\/index.php?rest_route=\/wp\/v2\/posts"}],"about":[{"href":"http:\/\/blogdoarmindomaia.com.br\/index.php?rest_route=\/wp\/v2\/types\/post"}],"author":[{"embeddable":true,"href":"http:\/\/blogdoarmindomaia.com.br\/index.php?rest_route=\/wp\/v2\/users\/2"}],"replies":[{"embeddable":true,"href":"http:\/\/blogdoarmindomaia.com.br\/index.php?rest_route=%2Fwp%2Fv2%2Fcomments&post=3576"}],"version-history":[{"count":1,"href":"http:\/\/blogdoarmindomaia.com.br\/index.php?rest_route=\/wp\/v2\/posts\/3576\/revisions"}],"predecessor-version":[{"id":3578,"href":"http:\/\/blogdoarmindomaia.com.br\/index.php?rest_route=\/wp\/v2\/posts\/3576\/revisions\/3578"}],"wp:featuredmedia":[{"embeddable":true,"href":"http:\/\/blogdoarmindomaia.com.br\/index.php?rest_route=\/wp\/v2\/media\/3577"}],"wp:attachment":[{"href":"http:\/\/blogdoarmindomaia.com.br\/index.php?rest_route=%2Fwp%2Fv2%2Fmedia&parent=3576"}],"wp:term":[{"taxonomy":"category","embeddable":true,"href":"http:\/\/blogdoarmindomaia.com.br\/index.php?rest_route=%2Fwp%2Fv2%2Fcategories&post=3576"},{"taxonomy":"post_tag","embeddable":true,"href":"http:\/\/blogdoarmindomaia.com.br\/index.php?rest_route=%2Fwp%2Fv2%2Ftags&post=3576"}],"curies":[{"name":"wp","href":"https:\/\/api.w.org\/{rel}","templated":true}]}}