{"id":3584,"date":"2022-12-05T11:08:08","date_gmt":"2022-12-05T14:08:08","guid":{"rendered":"http:\/\/blogdoarmindomaia.com.br\/?p=3584"},"modified":"2022-12-05T11:08:10","modified_gmt":"2022-12-05T14:08:10","slug":"comecou-a-2a-edicao-do-evento-neste-natal-seja-luz","status":"publish","type":"post","link":"http:\/\/blogdoarmindomaia.com.br\/?p=3584","title":{"rendered":"Come\u00e7ou a 2\u00aa edi\u00e7\u00e3o do evento, \u201cNeste Natal Seja Luz\u201d"},"content":{"rendered":"\n<figure class=\"wp-block-image size-full is-style-default\"><img loading=\"lazy\" decoding=\"async\" width=\"635\" height=\"325\" src=\"http:\/\/blogdoarmindomaia.com.br\/wp-content\/uploads\/2022\/12\/Comecou-a-2a-edicao-do-evento-Neste-Natal-Seja-Luz-pag-08.jpeg\" alt=\"\" class=\"wp-image-3585\" srcset=\"http:\/\/blogdoarmindomaia.com.br\/wp-content\/uploads\/2022\/12\/Comecou-a-2a-edicao-do-evento-Neste-Natal-Seja-Luz-pag-08.jpeg 635w, http:\/\/blogdoarmindomaia.com.br\/wp-content\/uploads\/2022\/12\/Comecou-a-2a-edicao-do-evento-Neste-Natal-Seja-Luz-pag-08-300x154.jpeg 300w\" sizes=\"auto, (max-width: 635px) 100vw, 635px\" \/><\/figure>\n\n\n\n<p>A 2\u00aa Edi\u00e7\u00e3o do evento Neste Natal Seja Luz acontece entre os dias 3 e 20 de dezembro em diversos pontos de Arax\u00e1. A programa\u00e7\u00e3o contempla apresenta\u00e7\u00f5es culturais como shows, oficinas, festival gastron\u00f4mico e muito mais, al\u00e9m da ilumina\u00e7\u00e3o de Natal em v\u00e1rios pontos da cidade durante todo o m\u00eas.<br><br>Com realiza\u00e7\u00e3o da Prefeitura de Arax\u00e1, por meio da Secretaria Municipal de Desenvolvimento Econ\u00f4mico, Inova\u00e7\u00e3o e Turismo, da Funda\u00e7\u00e3o Cultural Calmon Barreto (FCCB) e da C\u00e2mara de Dirigentes Lojistas (CDL), a abertura do evento aconteceu no s\u00e1bado (3), \u00e0s 15h, no Coreto da Pra\u00e7a Arthur Bernardes. Logo ap\u00f3s a cerim\u00f4nia, o espa\u00e7o recebeu shows gratuitos at\u00e9 \u00e0s 22h. A inaugura\u00e7\u00e3o das luzes de Natal aconteceu \u00e0s 19h30.<br><br>J\u00e1 no domingo (4), as apresenta\u00e7\u00f5es musicais foram das 15h \u00e0s 21h, tamb\u00e9m na Pra\u00e7a do Coreto. Nos demais dias, a programa\u00e7\u00e3o segue com atividades em escolas municipais, bairros, museus, no Teatro Municipal Maximiliano Rocha e no P\u00e1tio da Funda\u00e7\u00e3o Cultural Calmon Barreto.<br><br>A presidente da FCCB, Cynthia Ver\u00e7osa, diz que para 2022 o objetivo \u00e9 levar&nbsp; uma programa\u00e7\u00e3o em mais pontos da cidade. \u201cAl\u00e9m da ilumina\u00e7\u00e3o natalina, que vai dar um charme a diversos lugares de Arax\u00e1, teremos atividades e apresenta\u00e7\u00f5es culturais gratuitas, onde abrangeremos um p\u00fablico maior do que no ano passado. A inten\u00e7\u00e3o \u00e9 fazer com que mais pessoas tenham acesso \u00e0 programa\u00e7\u00e3o e participem das atividades do 2\u00b0 Neste Natal Seja Luz\u201d, diz.<br><br>O secret\u00e1rio municipal de Desenvolvimento Econ\u00f4mico, Inova\u00e7\u00e3o e Turismo, Juliano C\u00e9sar da Silva, acrescenta que o 2\u00ba Neste Natal Seja Luz \u00e9 mais uma iniciativa da atual gest\u00e3o que se consolidou no Calend\u00e1rio de Eventos da Cidade. \u201cE com um potencial de crescer a cada per\u00edodo natalino, trazendo diversas atra\u00e7\u00f5es culturais, festivais gastron\u00f4micos e, claro, visitantes para a nossa cidade\u201d, afirma.<br><br>De acordo com o prefeito Robson Magela, a celebra\u00e7\u00e3o do Natal vem como uma oportunidade de trazer \u00e0 comunidade uma programa\u00e7\u00e3o cultural e festiva para todos os gostos. \u201cO Natal \u00e9 uma \u00e9poca de renova\u00e7\u00e3o e de luz. Por meio da Lei Municipal Calmon Barreto, criada na nossa gest\u00e3o, contemplamos artistas de Arax\u00e1 que ter\u00e3o a oportunidade de se apresentar \u00e0 comunidade. Todo mundo ganha, tanto os artistas que recebem pelo seu trabalho, quanto a popula\u00e7\u00e3o que ir\u00e1 apreciar e participar de uma programa\u00e7\u00e3o de qualidade. Neste ano, tamb\u00e9m ampliamos os pontos de ilumina\u00e7\u00e3o na cidade. Isso vai estimular o com\u00e9rcio e fomentar ainda mais nossa economia\u201d, destaca.<br><br>Ilumina\u00e7\u00e3o<br><br>Com repasse de R$ 2 milh\u00f5es do Munic\u00edpio, a CDL \u00e9 a respons\u00e1vel pela ilumina\u00e7\u00e3o em 24 pontos da cidade. Segundo o presidente da entidade, Paulo Nessralla, os pontos iluminados ser\u00e3o o dobro em rela\u00e7\u00e3o ao ano anterior.<br><br>&nbsp;\u201cA \u00e1rea central e v\u00e1rias rotat\u00f3rias de entradas de bairros estar\u00e3o iluminadas para abranger diversas \u00e1reas da cidade e o com\u00e9rcio local como um todo, com a mesma igualdade. Buscamos tamb\u00e9m fomentar uma outra caracter\u00edstica que n\u00e3o seja comercial, reacendendo nas pessoas o esp\u00edrito natalino\u201d, complementa.<\/p>\n\n\n\n<p><br>Confira a programa\u00e7\u00e3o completa no link (&nbsp;<a href=\"https:\/\/bit.ly\/3P0PQNJ\" target=\"_blank\" rel=\"noreferrer noopener\">https:\/\/bit.ly\/3P0PQNJ<\/a>&nbsp;)<\/p>\n","protected":false},"excerpt":{"rendered":"<p>A 2\u00aa Edi\u00e7\u00e3o do evento Neste Natal Seja Luz acontece entre os dias 3 e 20 de dezembro em diversos<\/p>\n","protected":false},"author":2,"featured_media":3585,"comment_status":"open","ping_status":"open","sticky":false,"template":"","format":"standard","meta":{"footnotes":""},"categories":[9,5,11],"tags":[],"class_list":["post-3584","post","type-post","status-publish","format-standard","has-post-thumbnail","hentry","category-araxa","category-arte-e-cultura","category-destaques"],"_links":{"self":[{"href":"http:\/\/blogdoarmindomaia.com.br\/index.php?rest_route=\/wp\/v2\/posts\/3584","targetHints":{"allow":["GET"]}}],"collection":[{"href":"http:\/\/blogdoarmindomaia.com.br\/index.php?rest_route=\/wp\/v2\/posts"}],"about":[{"href":"http:\/\/blogdoarmindomaia.com.br\/index.php?rest_route=\/wp\/v2\/types\/post"}],"author":[{"embeddable":true,"href":"http:\/\/blogdoarmindomaia.com.br\/index.php?rest_route=\/wp\/v2\/users\/2"}],"replies":[{"embeddable":true,"href":"http:\/\/blogdoarmindomaia.com.br\/index.php?rest_route=%2Fwp%2Fv2%2Fcomments&post=3584"}],"version-history":[{"count":1,"href":"http:\/\/blogdoarmindomaia.com.br\/index.php?rest_route=\/wp\/v2\/posts\/3584\/revisions"}],"predecessor-version":[{"id":3586,"href":"http:\/\/blogdoarmindomaia.com.br\/index.php?rest_route=\/wp\/v2\/posts\/3584\/revisions\/3586"}],"wp:featuredmedia":[{"embeddable":true,"href":"http:\/\/blogdoarmindomaia.com.br\/index.php?rest_route=\/wp\/v2\/media\/3585"}],"wp:attachment":[{"href":"http:\/\/blogdoarmindomaia.com.br\/index.php?rest_route=%2Fwp%2Fv2%2Fmedia&parent=3584"}],"wp:term":[{"taxonomy":"category","embeddable":true,"href":"http:\/\/blogdoarmindomaia.com.br\/index.php?rest_route=%2Fwp%2Fv2%2Fcategories&post=3584"},{"taxonomy":"post_tag","embeddable":true,"href":"http:\/\/blogdoarmindomaia.com.br\/index.php?rest_route=%2Fwp%2Fv2%2Ftags&post=3584"}],"curies":[{"name":"wp","href":"https:\/\/api.w.org\/{rel}","templated":true}]}}