{"id":3587,"date":"2022-12-05T11:11:50","date_gmt":"2022-12-05T14:11:50","guid":{"rendered":"http:\/\/blogdoarmindomaia.com.br\/?p=3587"},"modified":"2022-12-05T11:11:52","modified_gmt":"2022-12-05T14:11:52","slug":"copasa-anuncia-novos-investimentos-em-araxa","status":"publish","type":"post","link":"http:\/\/blogdoarmindomaia.com.br\/?p=3587","title":{"rendered":"Copasa anuncia novos investimentos em Arax\u00e1"},"content":{"rendered":"\n<figure class=\"wp-block-image size-large is-style-default\"><img loading=\"lazy\" decoding=\"async\" width=\"1024\" height=\"768\" src=\"http:\/\/blogdoarmindomaia.com.br\/wp-content\/uploads\/2022\/12\/3e8b1c4d-9231-4387-942b-5204bbd7e89b-1024x768.jpg\" alt=\"\" class=\"wp-image-3588\" srcset=\"http:\/\/blogdoarmindomaia.com.br\/wp-content\/uploads\/2022\/12\/3e8b1c4d-9231-4387-942b-5204bbd7e89b-1024x768.jpg 1024w, http:\/\/blogdoarmindomaia.com.br\/wp-content\/uploads\/2022\/12\/3e8b1c4d-9231-4387-942b-5204bbd7e89b-300x225.jpg 300w, http:\/\/blogdoarmindomaia.com.br\/wp-content\/uploads\/2022\/12\/3e8b1c4d-9231-4387-942b-5204bbd7e89b-768x576.jpg 768w, http:\/\/blogdoarmindomaia.com.br\/wp-content\/uploads\/2022\/12\/3e8b1c4d-9231-4387-942b-5204bbd7e89b-1536x1152.jpg 1536w, http:\/\/blogdoarmindomaia.com.br\/wp-content\/uploads\/2022\/12\/3e8b1c4d-9231-4387-942b-5204bbd7e89b.jpg 1600w\" sizes=\"auto, (max-width: 1024px) 100vw, 1024px\" \/><\/figure>\n\n\n\n<p>No final da semana que passou, dia 25 de novembro, a Copasa realizou um encontro com representantes da imprensa local, onde abordou v\u00e1rios temas referentes aos servi\u00e7os prestados pela Companhia de Saneamento de Minas Gerais, no munic\u00edpio de Arax\u00e1. A reuni\u00e3o aconteceu na unidade da ETA &#8211; Esta\u00e7\u00e3o de Tratamento de \u00c1gua de Arax\u00e1, situada no Bairro Bela Vista.<\/p>\n\n\n\n<p>De acordo com Cristiane Carneiro, Superintendente da Uni\u00e3o de Neg\u00f3cios Oeste da Copasa, \u00e9 respons\u00e1vel pela coordena\u00e7\u00e3o da estatual mineira no munic\u00edpio de Arax\u00e1 e tamb\u00e9m em outras cidades onde a concession\u00e1ria&nbsp; atua, \u201c \u00e9 importante lembrar que a Copasa est\u00e1 presente no munic\u00edpio de Arax\u00e1 h\u00e1 57 anos, sendo que&nbsp; no ano de 2002, a empresa tamb\u00e9m assumiu o servi\u00e7o de esgoto na cidade.&nbsp; \u00c9 importante refor\u00e7ar que durante este per\u00edodo de atua\u00e7\u00e3o da Copasa aqui em Arax\u00e1, j\u00e1 foram investidos mais de 317 milh\u00f5es de reais nos servi\u00e7os de \u00e1gua e esgoto.&nbsp; Investimentos que tamb\u00e9m visam melhorar a presta\u00e7\u00e3o dos servi\u00e7os \u00e0 comunidade e que tamb\u00e9m contemplam atividades como a manuten\u00e7\u00e3o e reparos&nbsp; em pontos de vazamentos de \u00e1gua, troca de tubula\u00e7\u00e3o e canos danificados, corre\u00e7\u00e3o e desentupimento de esgotos entre outras a\u00e7\u00f5es\u201d.&nbsp; &nbsp;&nbsp;&nbsp;&nbsp;&nbsp;&nbsp;&nbsp;&nbsp;<\/p>\n\n\n\n<p>Entre as novidades e futuros investimentos em Arax\u00e1, a Superintendente Cristiane Carneiro, revelou que, \u201c al\u00e9m da tarifa social e da Campanha Dias Azuis, n\u00f3s estaremos investindo em Arax\u00e1 ainda este ano, mais de 4 milh\u00f5es e meio de reais no servi\u00e7o de tratamento de esgoto e em torno de 3 milh\u00f5es de reais para melhorar o abastecimento de \u00e1gua na cidade\u201d. &nbsp;&nbsp;<\/p>\n\n\n\n<p>Em rela\u00e7\u00e3o a rotineira falta de \u00e1gua em bairros mais altos do munic\u00edpio de Arax\u00e1, Cristiane afirmou que, \u201c hoje Arax\u00e1 possui 38 reservat\u00f3rios agregados em oito Esta\u00e7\u00f5es de Tratamento de Esgoto e que na empresa existem planos de conting\u00eancia em caso de necessidade. Hoje as principais causas da falta de \u00e1gua em Arax\u00e1, decorrem por falta de energia el\u00e9trica e por corre\u00e7\u00f5es em algum vazamento que demanda a interrup\u00e7\u00e3o do abastecimento para as devidas manuten\u00e7\u00f5es. E para evitar esses problemas, n\u00f3s temos contratos com empresas de caminh\u00e3o pipa e de geradores de energia el\u00e9trica, que num prazo de 24 horas nos d\u00e3o alternativas para amenizar o problema\u201d,&nbsp; concluiu Cristiane Carneiro.&nbsp;<\/p>\n\n\n\n<p>No final do encontro todos os&nbsp; presentes fizeram uma visita a unidade da Esta\u00e7\u00e3o de Tratamento de \u00c1gua, onde receberam explica\u00e7\u00f5es sobre o processo da ETA.<\/p>\n","protected":false},"excerpt":{"rendered":"<p>No final da semana que passou, dia 25 de novembro, a Copasa realizou um encontro com representantes da imprensa local,<\/p>\n","protected":false},"author":2,"featured_media":3588,"comment_status":"open","ping_status":"open","sticky":false,"template":"","format":"standard","meta":{"footnotes":""},"categories":[9,8],"tags":[],"class_list":["post-3587","post","type-post","status-publish","format-standard","has-post-thumbnail","hentry","category-araxa","category-cidades"],"_links":{"self":[{"href":"http:\/\/blogdoarmindomaia.com.br\/index.php?rest_route=\/wp\/v2\/posts\/3587","targetHints":{"allow":["GET"]}}],"collection":[{"href":"http:\/\/blogdoarmindomaia.com.br\/index.php?rest_route=\/wp\/v2\/posts"}],"about":[{"href":"http:\/\/blogdoarmindomaia.com.br\/index.php?rest_route=\/wp\/v2\/types\/post"}],"author":[{"embeddable":true,"href":"http:\/\/blogdoarmindomaia.com.br\/index.php?rest_route=\/wp\/v2\/users\/2"}],"replies":[{"embeddable":true,"href":"http:\/\/blogdoarmindomaia.com.br\/index.php?rest_route=%2Fwp%2Fv2%2Fcomments&post=3587"}],"version-history":[{"count":1,"href":"http:\/\/blogdoarmindomaia.com.br\/index.php?rest_route=\/wp\/v2\/posts\/3587\/revisions"}],"predecessor-version":[{"id":3589,"href":"http:\/\/blogdoarmindomaia.com.br\/index.php?rest_route=\/wp\/v2\/posts\/3587\/revisions\/3589"}],"wp:featuredmedia":[{"embeddable":true,"href":"http:\/\/blogdoarmindomaia.com.br\/index.php?rest_route=\/wp\/v2\/media\/3588"}],"wp:attachment":[{"href":"http:\/\/blogdoarmindomaia.com.br\/index.php?rest_route=%2Fwp%2Fv2%2Fmedia&parent=3587"}],"wp:term":[{"taxonomy":"category","embeddable":true,"href":"http:\/\/blogdoarmindomaia.com.br\/index.php?rest_route=%2Fwp%2Fv2%2Fcategories&post=3587"},{"taxonomy":"post_tag","embeddable":true,"href":"http:\/\/blogdoarmindomaia.com.br\/index.php?rest_route=%2Fwp%2Fv2%2Ftags&post=3587"}],"curies":[{"name":"wp","href":"https:\/\/api.w.org\/{rel}","templated":true}]}}