{"id":3590,"date":"2022-12-05T11:14:53","date_gmt":"2022-12-05T14:14:53","guid":{"rendered":"http:\/\/blogdoarmindomaia.com.br\/?p=3590"},"modified":"2022-12-05T11:14:55","modified_gmt":"2022-12-05T14:14:55","slug":"escola-delfim-moreira-comemora-111-anos","status":"publish","type":"post","link":"http:\/\/blogdoarmindomaia.com.br\/?p=3590","title":{"rendered":"Escola Delfim Moreira comemora 111 anos"},"content":{"rendered":"\n<figure class=\"wp-block-image size-full is-style-default\"><img loading=\"lazy\" decoding=\"async\" width=\"800\" height=\"600\" src=\"http:\/\/blogdoarmindomaia.com.br\/wp-content\/uploads\/2022\/12\/Escola-Delfim-Moreira-comemora-111-anos-pag-09.jpg\" alt=\"\" class=\"wp-image-3591\" srcset=\"http:\/\/blogdoarmindomaia.com.br\/wp-content\/uploads\/2022\/12\/Escola-Delfim-Moreira-comemora-111-anos-pag-09.jpg 800w, http:\/\/blogdoarmindomaia.com.br\/wp-content\/uploads\/2022\/12\/Escola-Delfim-Moreira-comemora-111-anos-pag-09-300x225.jpg 300w, http:\/\/blogdoarmindomaia.com.br\/wp-content\/uploads\/2022\/12\/Escola-Delfim-Moreira-comemora-111-anos-pag-09-768x576.jpg 768w\" sizes=\"auto, (max-width: 800px) 100vw, 800px\" \/><figcaption class=\"wp-element-caption\">Escola Estadual Delfim Moreira<\/figcaption><\/figure>\n\n\n\n<figure class=\"wp-block-image size-full is-style-default\"><img loading=\"lazy\" decoding=\"async\" width=\"1024\" height=\"683\" src=\"http:\/\/blogdoarmindomaia.com.br\/wp-content\/uploads\/2022\/12\/111-anos-Delfim-Moreira-14.jpeg\" alt=\"\" class=\"wp-image-3592\" srcset=\"http:\/\/blogdoarmindomaia.com.br\/wp-content\/uploads\/2022\/12\/111-anos-Delfim-Moreira-14.jpeg 1024w, http:\/\/blogdoarmindomaia.com.br\/wp-content\/uploads\/2022\/12\/111-anos-Delfim-Moreira-14-300x200.jpeg 300w, http:\/\/blogdoarmindomaia.com.br\/wp-content\/uploads\/2022\/12\/111-anos-Delfim-Moreira-14-768x512.jpeg 768w\" sizes=\"auto, (max-width: 1024px) 100vw, 1024px\" \/><\/figure>\n\n\n\n<figure class=\"wp-block-image size-full is-style-default\"><img loading=\"lazy\" decoding=\"async\" width=\"1024\" height=\"683\" src=\"http:\/\/blogdoarmindomaia.com.br\/wp-content\/uploads\/2022\/12\/111-anos-Delfim-Moreira-18.jpeg\" alt=\"\" class=\"wp-image-3593\" srcset=\"http:\/\/blogdoarmindomaia.com.br\/wp-content\/uploads\/2022\/12\/111-anos-Delfim-Moreira-18.jpeg 1024w, http:\/\/blogdoarmindomaia.com.br\/wp-content\/uploads\/2022\/12\/111-anos-Delfim-Moreira-18-300x200.jpeg 300w, http:\/\/blogdoarmindomaia.com.br\/wp-content\/uploads\/2022\/12\/111-anos-Delfim-Moreira-18-768x512.jpeg 768w\" sizes=\"auto, (max-width: 1024px) 100vw, 1024px\" \/><\/figure>\n\n\n\n<p>Numa noite marcada pela emo\u00e7\u00e3o, alunos, professores, ex-alunos, diretoras, ex-diretoras e autoridades celebraram os 111 anos da Escola Delfim Moreira. A comemora\u00e7\u00e3o, realizada no dia 30, no Teatro Municipal Maximiliano Rocha, contou com a participa\u00e7\u00e3o do prefeito Robson Magela e relembrou a trajet\u00f3ria da escola desde a sua funda\u00e7\u00e3o e trouxe a apresenta\u00e7\u00e3o de coral e dan\u00e7a dos alunos.<br><br>A escola foi fundada em 1911, quando um grupo de senhoras se reuniu com o ent\u00e3o secret\u00e1rio do Interior de Minas Gerais, Delfim Moreira, solicitando a constru\u00e7\u00e3o daquela que seria a primeira escola de Arax\u00e1. Inicialmente, a institui\u00e7\u00e3o funcionou pr\u00f3ximo onde hoje \u00e9 a regi\u00e3o da Igreja Matriz de S\u00e3o Domingos. Em 1930, a escola passou para o pr\u00e9dio onde funciona at\u00e9 os dias atuais, na avenida Get\u00falio Vargas.<br><br>Desde ent\u00e3o, quase 100 mil alunos j\u00e1 passaram pela institui\u00e7\u00e3o. Educadoras como Dona Yay\u00e1 (Maria de Magalh\u00e3es), que foi a primeira diretora do Delfim Moreira entre os anos de 1911 a 1943, Araci Pedrelina de Lima, Luiza de Oliveira Faria, Rita Penelo, Alice Moura, Agar de Affonseca e Silva, Luc\u00edlia Porf\u00edrio Cardoso, a Margarida de \u00c1vila Barbosa e Serise Maria Santos e Ros\u00e2ngela Pereira Melo de Lucca estiveram entre as que conduziram a escola e que foram exemplos para outros professores em todo o Munic\u00edpio.<br><br>A atua diretora, Tatiane Teixeira Duarte destaca que em 2022 a escola, antes pertencente ao Estado, passou pelo processo de municipaliza\u00e7\u00e3o. \u201cIsso otimizou o trabalho pedag\u00f3gico que j\u00e1 v\u00ednhamos desempenhando. \u00c9 uma escola conhecida at\u00e9 fora daqui por conta da qualidade e dos professores. Estou orgulhosa de poder estar \u00e0 frente da dire\u00e7\u00e3o da escola neste momento&#8221;, diz.<br><br>Com emo\u00e7\u00e3o, a secret\u00e1ria municipal de Educa\u00e7\u00e3o, Zulma Moreira, falou da institui\u00e7\u00e3o como um local constitu\u00eddo por pessoas que fazem parte do que hoje a escola Delfim Moreira representa para Arax\u00e1. &#8220;A escola \u00e9 gente! Gente que se conhece, se abra\u00e7a, se ajuda e que partilha. E isso representa as pessoas que fizeram, fazem e que v\u00e3o fazer parte da hist\u00f3ria da Escola Delfim Moreira&#8221;, disse Zulma.<br><br>A inspetora escolar Maria Cristina de Oliveira Barreto, que representou a 29\u00aa Superintend\u00eancia Regional de Ensino, anunciou que o Estado j\u00e1 publicou a Resolu\u00e7\u00e3o 1.488 de 23 de novembro de 2022, em que a partir de 2023 a institui\u00e7\u00e3o passa a ser denominada Escola Municipal Delfim Moreira.<br><br>&#8220;Na hora que chega a not\u00edcia de uma municipaliza\u00e7\u00e3o, realmente as pessoas se assustam. Mas ap\u00f3s quase um ano desde a mudan\u00e7a, a gente faz um balan\u00e7o positivo. A escola continuou com os mesmos servidores e a mesma dire\u00e7\u00e3o, assim como foi prometido pela Secretaria Municipal de Educa\u00e7\u00e3o. Dessa forma, deu continuidade ao trabalho brilhante que vinha sendo feito. Prova disso \u00e9 o primeiro lugar no Proalfa em 2022, que historicamente \u00e9 conquistado pela escola Delfim Moreira&#8221;, disse.<br><br>O governador Romeu Zema tamb\u00e9m enviou um v\u00eddeo parabenizando a escola pelo anivers\u00e1rio. Ele relembrou o tempo em que foi aluno da institui\u00e7\u00e3o, durante 4 anos, quando era jovem, sob a dire\u00e7\u00e3o de Dona Agar, a quem fez um cumprimento especial, juntamente com suas ex-professoras.<br><br>Em seu pronunciamento, o prefeito Robson Magela destacou a import\u00e2ncia da institui\u00e7\u00e3o para a cidade e aproveitou para anunciar a revis\u00e3o do Plano de Carreira para os Servidores da Educa\u00e7\u00e3o, que em breve ser\u00e1 enviado \u00e0 C\u00e2mara Municipal de Arax\u00e1.<br><br>&#8220;A municipaliza\u00e7\u00e3o possibilitou um contato mais pr\u00f3ximo entre a diretoria e a gest\u00e3o e com isso passou a atender melhor e com mais agilidade a demanda da comunidade, alunos e professores. Exemplo disso \u00e9 que, acatando uma demanda antiga e bastante esperada, ainda este ano iremos encaminhar para a C\u00e2mara Municipal a revis\u00e3o do Plano de Carreira dos Servidores da Educa\u00e7\u00e3o, que ir\u00e1 valorizar essa classe que tanto merece&#8221;, anunciou.<br><\/p>\n","protected":false},"excerpt":{"rendered":"<p>Numa noite marcada pela emo\u00e7\u00e3o, alunos, professores, ex-alunos, diretoras, ex-diretoras e autoridades celebraram os 111 anos da Escola Delfim Moreira.<\/p>\n","protected":false},"author":2,"featured_media":3591,"comment_status":"open","ping_status":"open","sticky":false,"template":"","format":"standard","meta":{"footnotes":""},"categories":[9,11,13],"tags":[],"class_list":["post-3590","post","type-post","status-publish","format-standard","has-post-thumbnail","hentry","category-araxa","category-destaques","category-educacao"],"_links":{"self":[{"href":"http:\/\/blogdoarmindomaia.com.br\/index.php?rest_route=\/wp\/v2\/posts\/3590","targetHints":{"allow":["GET"]}}],"collection":[{"href":"http:\/\/blogdoarmindomaia.com.br\/index.php?rest_route=\/wp\/v2\/posts"}],"about":[{"href":"http:\/\/blogdoarmindomaia.com.br\/index.php?rest_route=\/wp\/v2\/types\/post"}],"author":[{"embeddable":true,"href":"http:\/\/blogdoarmindomaia.com.br\/index.php?rest_route=\/wp\/v2\/users\/2"}],"replies":[{"embeddable":true,"href":"http:\/\/blogdoarmindomaia.com.br\/index.php?rest_route=%2Fwp%2Fv2%2Fcomments&post=3590"}],"version-history":[{"count":1,"href":"http:\/\/blogdoarmindomaia.com.br\/index.php?rest_route=\/wp\/v2\/posts\/3590\/revisions"}],"predecessor-version":[{"id":3594,"href":"http:\/\/blogdoarmindomaia.com.br\/index.php?rest_route=\/wp\/v2\/posts\/3590\/revisions\/3594"}],"wp:featuredmedia":[{"embeddable":true,"href":"http:\/\/blogdoarmindomaia.com.br\/index.php?rest_route=\/wp\/v2\/media\/3591"}],"wp:attachment":[{"href":"http:\/\/blogdoarmindomaia.com.br\/index.php?rest_route=%2Fwp%2Fv2%2Fmedia&parent=3590"}],"wp:term":[{"taxonomy":"category","embeddable":true,"href":"http:\/\/blogdoarmindomaia.com.br\/index.php?rest_route=%2Fwp%2Fv2%2Fcategories&post=3590"},{"taxonomy":"post_tag","embeddable":true,"href":"http:\/\/blogdoarmindomaia.com.br\/index.php?rest_route=%2Fwp%2Fv2%2Ftags&post=3590"}],"curies":[{"name":"wp","href":"https:\/\/api.w.org\/{rel}","templated":true}]}}