{"id":3595,"date":"2022-12-05T14:26:49","date_gmt":"2022-12-05T17:26:49","guid":{"rendered":"http:\/\/blogdoarmindomaia.com.br\/?p=3595"},"modified":"2022-12-05T14:26:51","modified_gmt":"2022-12-05T17:26:51","slug":"festnatal-araxa-tera-sergio-reis-atracao-internacional-e-muito-mais","status":"publish","type":"post","link":"http:\/\/blogdoarmindomaia.com.br\/?p=3595","title":{"rendered":"<strong>FestNatal Arax\u00e1 ter\u00e1 S\u00e9rgio Reis, atra\u00e7\u00e3o internacional e muito mais&#8230;<\/strong>"},"content":{"rendered":"\n<figure class=\"wp-block-image size-large is-style-default\"><img loading=\"lazy\" decoding=\"async\" width=\"1024\" height=\"576\" src=\"http:\/\/blogdoarmindomaia.com.br\/wp-content\/uploads\/2022\/12\/FestNatal-Araxa-tera-pag-12-1024x576.jpeg\" alt=\"\" class=\"wp-image-3596\" srcset=\"http:\/\/blogdoarmindomaia.com.br\/wp-content\/uploads\/2022\/12\/FestNatal-Araxa-tera-pag-12-1024x576.jpeg 1024w, http:\/\/blogdoarmindomaia.com.br\/wp-content\/uploads\/2022\/12\/FestNatal-Araxa-tera-pag-12-300x169.jpeg 300w, http:\/\/blogdoarmindomaia.com.br\/wp-content\/uploads\/2022\/12\/FestNatal-Araxa-tera-pag-12-768x432.jpeg 768w, http:\/\/blogdoarmindomaia.com.br\/wp-content\/uploads\/2022\/12\/FestNatal-Araxa-tera-pag-12-1536x864.jpeg 1536w, http:\/\/blogdoarmindomaia.com.br\/wp-content\/uploads\/2022\/12\/FestNatal-Araxa-tera-pag-12.jpeg 1600w\" sizes=\"auto, (max-width: 1024px) 100vw, 1024px\" \/><\/figure>\n\n\n\n<figure class=\"wp-block-image size-large is-style-default\"><img loading=\"lazy\" decoding=\"async\" width=\"1024\" height=\"575\" src=\"http:\/\/blogdoarmindomaia.com.br\/wp-content\/uploads\/2022\/12\/arte-1024x575.jpeg\" alt=\"\" class=\"wp-image-3597\" srcset=\"http:\/\/blogdoarmindomaia.com.br\/wp-content\/uploads\/2022\/12\/arte-1024x575.jpeg 1024w, http:\/\/blogdoarmindomaia.com.br\/wp-content\/uploads\/2022\/12\/arte-300x169.jpeg 300w, http:\/\/blogdoarmindomaia.com.br\/wp-content\/uploads\/2022\/12\/arte-768x431.jpeg 768w, http:\/\/blogdoarmindomaia.com.br\/wp-content\/uploads\/2022\/12\/arte.jpeg 1280w\" sizes=\"auto, (max-width: 1024px) 100vw, 1024px\" \/><\/figure>\n\n\n\n<figure class=\"wp-block-image size-large is-style-default\"><img loading=\"lazy\" decoding=\"async\" width=\"1024\" height=\"680\" src=\"http:\/\/blogdoarmindomaia.com.br\/wp-content\/uploads\/2022\/12\/sergio_reis-1024x680.jpg\" alt=\"\" class=\"wp-image-3598\" srcset=\"http:\/\/blogdoarmindomaia.com.br\/wp-content\/uploads\/2022\/12\/sergio_reis-1024x680.jpg 1024w, http:\/\/blogdoarmindomaia.com.br\/wp-content\/uploads\/2022\/12\/sergio_reis-300x199.jpg 300w, http:\/\/blogdoarmindomaia.com.br\/wp-content\/uploads\/2022\/12\/sergio_reis-768x510.jpg 768w, http:\/\/blogdoarmindomaia.com.br\/wp-content\/uploads\/2022\/12\/sergio_reis-1536x1020.jpg 1536w, http:\/\/blogdoarmindomaia.com.br\/wp-content\/uploads\/2022\/12\/sergio_reis.jpg 2048w\" sizes=\"auto, (max-width: 1024px) 100vw, 1024px\" \/><\/figure>\n\n\n\n<p><em>Principal festival natalino do Estado come\u00e7a na pr\u00f3xima sexta (9) com a chegada do Papai Noel e celebra o retorno ao ExpoMinas<\/em><\/p>\n\n\n\n<p>Grandes nomes da m\u00fasica nacional e internacional, atra\u00e7\u00f5es c\u00eanicas e de dan\u00e7a, al\u00e9m de uma estrutura in\u00e9dita v\u00e3o marcar a edi\u00e7\u00e3o de 2022 do FestNatal Arax\u00e1. O principal evento natalino do Estado ter\u00e1 15 dias ininterruptos de programa\u00e7\u00e3o e promete encantar os visitantes e a popula\u00e7\u00e3o da cidade do Alto Parana\u00edba, at\u00e9 as v\u00e9speras do Natal.<\/p>\n\n\n\n<p>De volta ao ExpoMinas, um dos principais espa\u00e7os de eventos da cidade mineira, o festival confirmou nomes de peso na programa\u00e7\u00e3o que come\u00e7a na pr\u00f3xima sexta-feira (9). Entre as atra\u00e7\u00f5es, um encontro in\u00e9dito e que promete emocionar os amantes da boa m\u00fasica. G\u00eanio do viol\u00e3o e da guitarra, Diego Figueiredo (indicado ao Grammy em 2020) receber\u00e1 no palco S\u00e9rgio Reis, \u00edcone da m\u00fasica sertaneja e Chiquinho Oliveira, trompetista que marcou \u00e9poca no Sexteto do J\u00f4. A apresenta\u00e7\u00e3o que ressalta uma das marcas do festival, a qualidade e a diversidade, \u00e9 parte de uma grade ousada e que inclui at\u00e9 uma atra\u00e7\u00e3o internacional.<\/p>\n\n\n\n<p>Quem tamb\u00e9m desembarca em terras mineiras \u00e9 um dos nomes mais badalados do jazz, a francesa Camille Bertault. Aos 36 anos e com quatro discos lan\u00e7ados; cantora, autora, compositora e int\u00e9rprete, Camille&nbsp;\u00e9 apontada como um dos grandes talentos modernos do jazz e acabou se tornando uma figura popular em fun\u00e7\u00e3o do sucesso de seus v\u00eddeos na internet. Uma apresenta\u00e7\u00e3o imperd\u00edvel!<\/p>\n\n\n\n<p>O <em>line-up<\/em> nacional tamb\u00e9m ter\u00e1 o encontro do premiado guitarrista brasileiro de blues Igor Prado com o vocalista e maestro Lino Krizz (Racionais MCs). Outro destaque \u00e9 a voz e a presen\u00e7a de C\u00e1ssio Salles que imortaliza os graves de Tim Maia em uma apresenta\u00e7\u00e3o emocionante. O contrabaixista Ney Concei\u00e7\u00e3o, que tocou ao lado de Alceu Valen\u00e7a, Geraldo Azevedo e Elba Ramalho, entre outros nomes; tamb\u00e9m \u00e9 presen\u00e7a confirmada, assim como Ana Can\u0101s, indicada ao Grammy Latino na categoria Melhor \u00c1lbum de Pop Contempor\u00e2neo em 2019.<\/p>\n\n\n\n<p><strong>Atra\u00e7\u00f5es regionais<\/strong><\/p>\n\n\n\n<p>Mantendo uma tradi\u00e7\u00e3o, o FestNatal Arax\u00e1 tamb\u00e9m abre espa\u00e7o para artistas regionais. Est\u00e3o na programa\u00e7\u00e3o desta edi\u00e7\u00e3o as apresenta\u00e7\u00f5es de Fl\u00e1vio e Leandro, 5\u00ba Sol, Mama Jamma, Maias G\u00eameos, Piano Rock, Banda Retr\u00f4, Samba Quente, Tiago Martins Sexteto, Banda Vinith, Moura Blues, Bejazz, Jo\u00e3o Lima, Vitor e Versol, Lippe e Fernando, Latitude 19, Os Arach\u00e1s, Haroldo J\u00fanior e da Orquestra Filarm\u00f4nica de Patos de Minas.<\/p>\n\n\n\n<p>Integrada \u00e0 programa\u00e7\u00e3o musical, h\u00e1 ainda v\u00e1rias atra\u00e7\u00f5es c\u00eanicas como a \u201cParada de Natal\u201d, \u201cS\u00edtio do Picapau Amarelo\u201d e \u201cAuto Natal\u201d, al\u00e9m das apresenta\u00e7\u00f5es de dan\u00e7a, preparadas por escolas de dan\u00e7a da cidade.<\/p>\n\n\n\n<p><strong>Chegada do Papai Noel<\/strong><\/p>\n\n\n\n<p>Na pr\u00f3xima sexta-feira (9), a partir das 19h, a popula\u00e7\u00e3o de Arax\u00e1 vai receber o \u201cbom velhinho\u201d para mais uma temporada de pedidos de presentes, cartinhas, abra\u00e7os e fotos. A chegada tem como ponto de encontro o Expominas, mas antes Papai Noel vai circular por toda a cidade na Caravana de Natal da Coca-Cola. Caminh\u00f5es da empresa v\u00e3o andar pelas principais ruas e avenidas num espet\u00e1culo de luzes e sons repetido em dezenas de munic\u00edpios brasileiros durante o m\u00eas de dezembro.&nbsp;<\/p>\n\n\n\n<p>No Expominas Arax\u00e1, Papai Noel vai receber as crian\u00e7as at\u00e9 o dia 23 de dezembro em sua casa, especialmente decorada com bonecos gigantes e \u00e1rvores de Natal, em um cen\u00e1rio que promete encantar as crian\u00e7as.<\/p>\n\n\n\n<p><strong>Muito mais<\/strong><\/p>\n\n\n\n<p>A programa\u00e7\u00e3o do Festnatal Arax\u00e1 2022 foi lan\u00e7ada nesta segunda-feira (5) durante um caf\u00e9 da manh\u00e3 que reuniu imprensa, agentes culturais, al\u00e9m de autoridades locais. Durante a solenidade, a presidente da Funda\u00e7\u00e3o Cultural Acia (Facia), Elisa Bai\u00e3o Mac\u00eado, ressaltou o impacto cultural que o Festival traz e anunciou outras novidades.&nbsp;<\/p>\n\n\n\n<p>\u201cTeremos no ExpoMinas Arax\u00e1 uma \u00e1rea de alimenta\u00e7\u00e3o muito bem organizada, al\u00e9m de espa\u00e7os de brincadeiras. Faremos ainda o lan\u00e7amento de um livro infantil exclusivo, com a tem\u00e1tica de Natal e com distribui\u00e7\u00e3o gratuita. Al\u00e9m disso, vamos nesse per\u00edodo \u00e0s escolas, com a\u00e7\u00f5es muito divertidas. Enfim, o FestNatal Arax\u00e1 vai movimentar toda a cidade e ficamos muito felizes de que neste fim de ano todos tenham a oportunidade de viver momentos t\u00e3o especiais\u201d, diz.<\/p>\n\n\n\n<p>Para \u00c1lvaro Rezende, analista de relacionamento com a comunidade da CBMM, patrocinadora m\u00e1ster do evento, o FestNatal chega a mais uma edi\u00e7\u00e3o mantendo sua ess\u00eancia: o fomento aos setores culturais e sociais. &#8220;A CBMM tem muito orgulho de ser uma empresa araxaense e contribuir com o desenvolvimento da cultura no munic\u00edpio e na regi\u00e3o. O FestNatal \u00e9 mais uma forma de presentear a comunidade de Arax\u00e1 com experi\u00eancias inovadoras e diferentes, que valorizam nossa cultura e nos conectam com projetos e artistas da nossa cidade. Desta forma, valorizamos a nossa gente e abrimos as janelas da cultura para os mais diversificados p\u00fablicos&#8221;, diz.<\/p>\n\n\n\n<p><strong>FestNatal Arax\u00e1<\/strong><\/p>\n\n\n\n<p>O FestNatal Arax\u00e1 \u00e9 o maior festival natalino de Minas Gerais. Neste ano o evento ocorre entre os dias 9 e 23 de dezembro no Expominas Arax\u00e1 com entrada gratuita e atra\u00e7\u00f5es de m\u00fasica, teatro, dan\u00e7a e muito mais. A programa\u00e7\u00e3o completa ser\u00e1 divulgada em breve.<\/p>\n\n\n\n<p>O FestNatal Arax\u00e1 tem a apresenta\u00e7\u00e3o do Minist\u00e9rio do Turismo e da CBMM. \u00c9 realizado pela Lei Federal de Incentivo \u00e0 Cultura com o patroc\u00ednio Master da CBMM. Tem o patroc\u00ednio da Bem Brasil, Mart Minas, Zema, Codemge e Governo do Estado de Minas Gerais, com o apoio da ACIA Arax\u00e1, Prefeitura Municipal de Arax\u00e1 e TV Integra\u00e7\u00e3o. Uma realiza\u00e7\u00e3o da Funda\u00e7\u00e3o Cultural Acia, Secretaria Especial da Cultura do Minist\u00e9rio do Turismo e Governo Federal.<\/p>\n\n\n\n<p><strong>Servi\u00e7o<\/strong><\/p>\n\n\n\n<p><strong>FestNatal Arax\u00e1<\/strong><\/p>\n\n\n\n<p><strong><em>Data<\/em><\/strong><em>:<\/em> de 9 a 23\/12<\/p>\n\n\n\n<p><strong><em>Local<\/em><\/strong><em>:<\/em> Expominas Arax\u00e1<\/p>\n\n\n\n<p><strong><em>Entrada gratuita<\/em><\/strong><\/p>\n\n\n\n<p><a><\/a><strong><em>Outras informa\u00e7\u00f5es<\/em><\/strong><strong>:<\/strong> @festnatalaraxa \/ www.festnatalaraxa.com.br<\/p>\n","protected":false},"excerpt":{"rendered":"<p>Principal festival natalino do Estado come\u00e7a na pr\u00f3xima sexta (9) com a chegada do Papai Noel e celebra o retorno<\/p>\n","protected":false},"author":2,"featured_media":3596,"comment_status":"open","ping_status":"open","sticky":false,"template":"","format":"standard","meta":{"footnotes":""},"categories":[9,5,11],"tags":[],"class_list":["post-3595","post","type-post","status-publish","format-standard","has-post-thumbnail","hentry","category-araxa","category-arte-e-cultura","category-destaques"],"_links":{"self":[{"href":"http:\/\/blogdoarmindomaia.com.br\/index.php?rest_route=\/wp\/v2\/posts\/3595","targetHints":{"allow":["GET"]}}],"collection":[{"href":"http:\/\/blogdoarmindomaia.com.br\/index.php?rest_route=\/wp\/v2\/posts"}],"about":[{"href":"http:\/\/blogdoarmindomaia.com.br\/index.php?rest_route=\/wp\/v2\/types\/post"}],"author":[{"embeddable":true,"href":"http:\/\/blogdoarmindomaia.com.br\/index.php?rest_route=\/wp\/v2\/users\/2"}],"replies":[{"embeddable":true,"href":"http:\/\/blogdoarmindomaia.com.br\/index.php?rest_route=%2Fwp%2Fv2%2Fcomments&post=3595"}],"version-history":[{"count":1,"href":"http:\/\/blogdoarmindomaia.com.br\/index.php?rest_route=\/wp\/v2\/posts\/3595\/revisions"}],"predecessor-version":[{"id":3599,"href":"http:\/\/blogdoarmindomaia.com.br\/index.php?rest_route=\/wp\/v2\/posts\/3595\/revisions\/3599"}],"wp:featuredmedia":[{"embeddable":true,"href":"http:\/\/blogdoarmindomaia.com.br\/index.php?rest_route=\/wp\/v2\/media\/3596"}],"wp:attachment":[{"href":"http:\/\/blogdoarmindomaia.com.br\/index.php?rest_route=%2Fwp%2Fv2%2Fmedia&parent=3595"}],"wp:term":[{"taxonomy":"category","embeddable":true,"href":"http:\/\/blogdoarmindomaia.com.br\/index.php?rest_route=%2Fwp%2Fv2%2Fcategories&post=3595"},{"taxonomy":"post_tag","embeddable":true,"href":"http:\/\/blogdoarmindomaia.com.br\/index.php?rest_route=%2Fwp%2Fv2%2Ftags&post=3595"}],"curies":[{"name":"wp","href":"https:\/\/api.w.org\/{rel}","templated":true}]}}