{"id":36,"date":"2022-03-23T14:38:43","date_gmt":"2022-03-23T17:38:43","guid":{"rendered":"http:\/\/blogdoarmindomaia.com.br\/?p=36"},"modified":"2022-03-30T13:05:24","modified_gmt":"2022-03-30T16:05:24","slug":"projeto-por-um-museu-humanizado-busca-promover-a-educacao-patrimonial-para-estudantes-de-araxa","status":"publish","type":"post","link":"http:\/\/blogdoarmindomaia.com.br\/?p=36","title":{"rendered":"Projeto Por um Museu Humanizado busca promover a educa\u00e7\u00e3o patrimonial para estudantes de Arax\u00e1"},"content":{"rendered":"\n<figure class=\"wp-block-image size-full\"><img loading=\"lazy\" decoding=\"async\" width=\"540\" height=\"360\" src=\"http:\/\/blogdoarmindomaia.com.br\/wp-content\/uploads\/2022\/03\/projeto-museu-humanizado-3.jpeg\" alt=\"\" class=\"wp-image-39\" srcset=\"http:\/\/blogdoarmindomaia.com.br\/wp-content\/uploads\/2022\/03\/projeto-museu-humanizado-3.jpeg 540w, http:\/\/blogdoarmindomaia.com.br\/wp-content\/uploads\/2022\/03\/projeto-museu-humanizado-3-300x200.jpeg 300w\" sizes=\"auto, (max-width: 540px) 100vw, 540px\" \/><\/figure>\n\n\n\n<p class=\"has-text-align-left\">Contar aos mais novos a hist\u00f3ria de Arax\u00e1 e promover a educa\u00e7\u00e3o patrimonial. \u00c9 com este objetivo que o projeto Por um Museu Humanizado \u2013 Construindo Cidadania, desenvolvido pela Funda\u00e7\u00e3o Cultural Calmon Barreto (FCCB), est\u00e1 oportunizando o acesso de alunos do ensino fundamental de escolas p\u00fablicas aos museus da cidade.<br><br>O projeto acontece duas vezes por m\u00eas de maneira alternada nos museus Dona Beja e Sacro.<br><br>A primeira visita foi com alunos da Escola Estadual Maria de Magalh\u00e3es no Museu Dona Beja. Ap\u00f3s o tour, o monitor promove um bate-papo sobre a hist\u00f3ria do museu visitado e a import\u00e2ncia que ele tem para Arax\u00e1.<br><br>\u201cEssa iniciativa \u00e9 importante e buscar despertar nos alunos o conhecimento sobre a riqueza hist\u00f3rica de Arax\u00e1. Muita coisa mudou de antigamente em rela\u00e7\u00e3o a hoje. E trazer isso aos mais novos \u00e9 necess\u00e1rio, pois foi por meio do antigo que a gente caminhou para a modernidade\u201d, destaca a coordenadora dos museus e idealizadora do projeto, Gra\u00e7a Maria Melo da Silva.<\/p>\n\n\n\n<p><\/p>\n\n\n\n\n","protected":false},"excerpt":{"rendered":"<p>Contar aos mais novos a hist\u00f3ria de Arax\u00e1 e promover a educa\u00e7\u00e3o patrimonial. \u00c9 com este objetivo que o projeto<\/p>\n","protected":false},"author":1,"featured_media":38,"comment_status":"open","ping_status":"open","sticky":false,"template":"","format":"standard","meta":{"footnotes":""},"categories":[9,5,11,13,32],"tags":[],"class_list":["post-36","post","type-post","status-publish","format-standard","has-post-thumbnail","hentry","category-araxa","category-arte-e-cultura","category-destaques","category-educacao","category-turismo"],"_links":{"self":[{"href":"http:\/\/blogdoarmindomaia.com.br\/index.php?rest_route=\/wp\/v2\/posts\/36","targetHints":{"allow":["GET"]}}],"collection":[{"href":"http:\/\/blogdoarmindomaia.com.br\/index.php?rest_route=\/wp\/v2\/posts"}],"about":[{"href":"http:\/\/blogdoarmindomaia.com.br\/index.php?rest_route=\/wp\/v2\/types\/post"}],"author":[{"embeddable":true,"href":"http:\/\/blogdoarmindomaia.com.br\/index.php?rest_route=\/wp\/v2\/users\/1"}],"replies":[{"embeddable":true,"href":"http:\/\/blogdoarmindomaia.com.br\/index.php?rest_route=%2Fwp%2Fv2%2Fcomments&post=36"}],"version-history":[{"count":2,"href":"http:\/\/blogdoarmindomaia.com.br\/index.php?rest_route=\/wp\/v2\/posts\/36\/revisions"}],"predecessor-version":[{"id":40,"href":"http:\/\/blogdoarmindomaia.com.br\/index.php?rest_route=\/wp\/v2\/posts\/36\/revisions\/40"}],"wp:featuredmedia":[{"embeddable":true,"href":"http:\/\/blogdoarmindomaia.com.br\/index.php?rest_route=\/wp\/v2\/media\/38"}],"wp:attachment":[{"href":"http:\/\/blogdoarmindomaia.com.br\/index.php?rest_route=%2Fwp%2Fv2%2Fmedia&parent=36"}],"wp:term":[{"taxonomy":"category","embeddable":true,"href":"http:\/\/blogdoarmindomaia.com.br\/index.php?rest_route=%2Fwp%2Fv2%2Fcategories&post=36"},{"taxonomy":"post_tag","embeddable":true,"href":"http:\/\/blogdoarmindomaia.com.br\/index.php?rest_route=%2Fwp%2Fv2%2Ftags&post=36"}],"curies":[{"name":"wp","href":"https:\/\/api.w.org\/{rel}","templated":true}]}}