{"id":3606,"date":"2022-12-06T11:40:21","date_gmt":"2022-12-06T14:40:21","guid":{"rendered":"http:\/\/blogdoarmindomaia.com.br\/?p=3606"},"modified":"2022-12-06T11:40:23","modified_gmt":"2022-12-06T14:40:23","slug":"comecou-a-2a-edicao-do-neste-natal-seja-luz","status":"publish","type":"post","link":"http:\/\/blogdoarmindomaia.com.br\/?p=3606","title":{"rendered":"Come\u00e7ou a 2\u00aa edi\u00e7\u00e3o do \u201cNeste Natal\u00a0 Seja Luz\u201d"},"content":{"rendered":"\n<figure class=\"wp-block-image size-full is-style-default\"><img loading=\"lazy\" decoding=\"async\" width=\"1024\" height=\"683\" src=\"http:\/\/blogdoarmindomaia.com.br\/wp-content\/uploads\/2022\/12\/Comecou-a-2a-edicao-do-Neste-Natal-Seja-Luz-pag-09.jpeg\" alt=\"\" class=\"wp-image-3607\" srcset=\"http:\/\/blogdoarmindomaia.com.br\/wp-content\/uploads\/2022\/12\/Comecou-a-2a-edicao-do-Neste-Natal-Seja-Luz-pag-09.jpeg 1024w, http:\/\/blogdoarmindomaia.com.br\/wp-content\/uploads\/2022\/12\/Comecou-a-2a-edicao-do-Neste-Natal-Seja-Luz-pag-09-300x200.jpeg 300w, http:\/\/blogdoarmindomaia.com.br\/wp-content\/uploads\/2022\/12\/Comecou-a-2a-edicao-do-Neste-Natal-Seja-Luz-pag-09-768x512.jpeg 768w\" sizes=\"auto, (max-width: 1024px) 100vw, 1024px\" \/><\/figure>\n\n\n\n<figure class=\"wp-block-image size-full is-style-default\"><img loading=\"lazy\" decoding=\"async\" width=\"1024\" height=\"683\" src=\"http:\/\/blogdoarmindomaia.com.br\/wp-content\/uploads\/2022\/12\/Comecou-a-2a-edicao-do-Neste-Natal-Seja-Luz-pag-09-1.jpeg\" alt=\"\" class=\"wp-image-3608\" srcset=\"http:\/\/blogdoarmindomaia.com.br\/wp-content\/uploads\/2022\/12\/Comecou-a-2a-edicao-do-Neste-Natal-Seja-Luz-pag-09-1.jpeg 1024w, http:\/\/blogdoarmindomaia.com.br\/wp-content\/uploads\/2022\/12\/Comecou-a-2a-edicao-do-Neste-Natal-Seja-Luz-pag-09-1-300x200.jpeg 300w, http:\/\/blogdoarmindomaia.com.br\/wp-content\/uploads\/2022\/12\/Comecou-a-2a-edicao-do-Neste-Natal-Seja-Luz-pag-09-1-768x512.jpeg 768w\" sizes=\"auto, (max-width: 1024px) 100vw, 1024px\" \/><\/figure>\n\n\n\n<figure class=\"wp-block-image size-full is-style-default\"><img loading=\"lazy\" decoding=\"async\" width=\"1024\" height=\"683\" src=\"http:\/\/blogdoarmindomaia.com.br\/wp-content\/uploads\/2022\/12\/Neste-Natal-Seja-Luz-8.jpeg\" alt=\"\" class=\"wp-image-3609\" srcset=\"http:\/\/blogdoarmindomaia.com.br\/wp-content\/uploads\/2022\/12\/Neste-Natal-Seja-Luz-8.jpeg 1024w, http:\/\/blogdoarmindomaia.com.br\/wp-content\/uploads\/2022\/12\/Neste-Natal-Seja-Luz-8-300x200.jpeg 300w, http:\/\/blogdoarmindomaia.com.br\/wp-content\/uploads\/2022\/12\/Neste-Natal-Seja-Luz-8-768x512.jpeg 768w\" sizes=\"auto, (max-width: 1024px) 100vw, 1024px\" \/><\/figure>\n\n\n\n<p>O primeiro fim de semana da 2\u00aa Edi\u00e7\u00e3o do Neste Natal Seja Luz marcou a inaugura\u00e7\u00e3o da Ilumina\u00e7\u00e3o de Natal em Arax\u00e1, com apresenta\u00e7\u00f5es musicais para todos os gostos na Pra\u00e7a Arthur Bernardes. A programa\u00e7\u00e3o teve in\u00edcio no s\u00e1bado (3) e continuou no domingo (4). As atra\u00e7\u00f5es v\u00e3o at\u00e9 o dia 20 de dezembro, em v\u00e1rios pontos da cidade.<br><br>O evento \u00e9 uma realiza\u00e7\u00e3o da Prefeitura de Arax\u00e1, Funda\u00e7\u00e3o Cultural Calmon Barreto (FCCB) e C\u00e2mara de Dirigentes Lojistas (CDL). A cerim\u00f4nia de abertura contou com a presen\u00e7a de autoridades e teve a apresenta\u00e7\u00e3o musical do coral dos alunos do projeto Juventude em ConSerto, com participa\u00e7\u00e3o do N\u00facleo de Incentivo \u00e0 Leitura da Secretaria Municipal de Educa\u00e7\u00e3o.<br><br>De acordo com a presidente da FCCB, Cynthia Ver\u00e7osa, em 2022 a programa\u00e7\u00e3o do Neste Natal Seja Luz est\u00e1 mais abrangente.<\/p>\n\n\n\n<p>Para o prefeito Robson Magela, o intuito da 2\u00aa edi\u00e7\u00e3o do Neste Natal Seja Luz \u00e9 aproximar a magia do Natal \u00e0s pessoas por meio de atra\u00e7\u00f5es e pontos de luz espalhados por toda a cidade.<\/p>\n\n\n\n<p><br><br>A CDL, por meio de um repasse de R$ 2 milh\u00f5es do Munic\u00edpio, ficou respons\u00e1vel por executar a ilumina\u00e7\u00e3o em 24 pontos da cidade. Segundo o presidente da entidade, Paulo Nessralla, a parceria com o executivo vai proporcionar ganhos tanto para a popula\u00e7\u00e3o quanto para o com\u00e9rcio de Arax\u00e1.<br><br>O secret\u00e1rio municipal de Desenvolvimento Econ\u00f4mico, Inova\u00e7\u00e3o e Turismo, Juliano C\u00e9sar, acrescenta que todas as a\u00e7\u00f5es que fomentam o turismo na cidade s\u00e3o importantes para atrair mais investimentos.<\/p>\n\n\n\n<p>Confira a programa\u00e7\u00e3o completa no link (&nbsp;<a href=\"https:\/\/bit.ly\/3P0PQNJ\" target=\"_blank\" rel=\"noreferrer noopener\">https:\/\/bit.ly\/3P0PQNJ<\/a>&nbsp;).<br><\/p>\n","protected":false},"excerpt":{"rendered":"<p>O primeiro fim de semana da 2\u00aa Edi\u00e7\u00e3o do Neste Natal Seja Luz marcou a inaugura\u00e7\u00e3o da Ilumina\u00e7\u00e3o de Natal<\/p>\n","protected":false},"author":2,"featured_media":3608,"comment_status":"open","ping_status":"open","sticky":false,"template":"","format":"standard","meta":{"footnotes":""},"categories":[9,5,11],"tags":[],"class_list":["post-3606","post","type-post","status-publish","format-standard","has-post-thumbnail","hentry","category-araxa","category-arte-e-cultura","category-destaques"],"_links":{"self":[{"href":"http:\/\/blogdoarmindomaia.com.br\/index.php?rest_route=\/wp\/v2\/posts\/3606","targetHints":{"allow":["GET"]}}],"collection":[{"href":"http:\/\/blogdoarmindomaia.com.br\/index.php?rest_route=\/wp\/v2\/posts"}],"about":[{"href":"http:\/\/blogdoarmindomaia.com.br\/index.php?rest_route=\/wp\/v2\/types\/post"}],"author":[{"embeddable":true,"href":"http:\/\/blogdoarmindomaia.com.br\/index.php?rest_route=\/wp\/v2\/users\/2"}],"replies":[{"embeddable":true,"href":"http:\/\/blogdoarmindomaia.com.br\/index.php?rest_route=%2Fwp%2Fv2%2Fcomments&post=3606"}],"version-history":[{"count":1,"href":"http:\/\/blogdoarmindomaia.com.br\/index.php?rest_route=\/wp\/v2\/posts\/3606\/revisions"}],"predecessor-version":[{"id":3610,"href":"http:\/\/blogdoarmindomaia.com.br\/index.php?rest_route=\/wp\/v2\/posts\/3606\/revisions\/3610"}],"wp:featuredmedia":[{"embeddable":true,"href":"http:\/\/blogdoarmindomaia.com.br\/index.php?rest_route=\/wp\/v2\/media\/3608"}],"wp:attachment":[{"href":"http:\/\/blogdoarmindomaia.com.br\/index.php?rest_route=%2Fwp%2Fv2%2Fmedia&parent=3606"}],"wp:term":[{"taxonomy":"category","embeddable":true,"href":"http:\/\/blogdoarmindomaia.com.br\/index.php?rest_route=%2Fwp%2Fv2%2Fcategories&post=3606"},{"taxonomy":"post_tag","embeddable":true,"href":"http:\/\/blogdoarmindomaia.com.br\/index.php?rest_route=%2Fwp%2Fv2%2Ftags&post=3606"}],"curies":[{"name":"wp","href":"https:\/\/api.w.org\/{rel}","templated":true}]}}