{"id":3611,"date":"2022-12-06T16:01:56","date_gmt":"2022-12-06T19:01:56","guid":{"rendered":"http:\/\/blogdoarmindomaia.com.br\/?p=3611"},"modified":"2022-12-06T16:01:58","modified_gmt":"2022-12-06T19:01:58","slug":"bosco-junior-e-eleito-o-novo-presidente-da-camara-municipal-de-araxa","status":"publish","type":"post","link":"http:\/\/blogdoarmindomaia.com.br\/?p=3611","title":{"rendered":"Bosco J\u00fanior \u00e9 eleito o\u00a0 novo presidente da C\u00e2mara Municipal de Arax\u00e1"},"content":{"rendered":"\n<figure class=\"wp-block-image size-large is-style-default\"><img loading=\"lazy\" decoding=\"async\" width=\"1024\" height=\"576\" src=\"http:\/\/blogdoarmindomaia.com.br\/wp-content\/uploads\/2022\/12\/Bosco-Junior-e-eleito-o-novo-presidente-da-Camara-Municipal-de-Araxa-pag-07-1024x576.jpg\" alt=\"\" class=\"wp-image-3612\" srcset=\"http:\/\/blogdoarmindomaia.com.br\/wp-content\/uploads\/2022\/12\/Bosco-Junior-e-eleito-o-novo-presidente-da-Camara-Municipal-de-Araxa-pag-07-1024x576.jpg 1024w, http:\/\/blogdoarmindomaia.com.br\/wp-content\/uploads\/2022\/12\/Bosco-Junior-e-eleito-o-novo-presidente-da-Camara-Municipal-de-Araxa-pag-07-300x169.jpg 300w, http:\/\/blogdoarmindomaia.com.br\/wp-content\/uploads\/2022\/12\/Bosco-Junior-e-eleito-o-novo-presidente-da-Camara-Municipal-de-Araxa-pag-07-768x432.jpg 768w, http:\/\/blogdoarmindomaia.com.br\/wp-content\/uploads\/2022\/12\/Bosco-Junior-e-eleito-o-novo-presidente-da-Camara-Municipal-de-Araxa-pag-07-1536x864.jpg 1536w, http:\/\/blogdoarmindomaia.com.br\/wp-content\/uploads\/2022\/12\/Bosco-Junior-e-eleito-o-novo-presidente-da-Camara-Municipal-de-Araxa-pag-07.jpg 1600w\" sizes=\"auto, (max-width: 1024px) 100vw, 1024px\" \/><\/figure>\n\n\n\n<p>Em elei\u00e7\u00e3o realizada no in\u00edcio da tarde desta ter\u00e7a-feira, dia 06 de dezembro de 2022, na C\u00e2mara Municipal de Arax\u00e1, foi eleita nova mesa diretora do Legislativo Araxaense, para o bi\u00eanio 2023-2024. A vota\u00e7\u00e3o reuni\u00e3o os 15 parlamentares municipais. Os quatro integrantes da mesa diretora ( presidente, vice, primeiro e segundo secret\u00e1rios ) foram escolhidos individualmente e vota\u00e7\u00e3o declarada em plen\u00e1rio. Todos os quatro novos integrantes da mesa foram eleitos por nove votos a seis. S\u00e3o eles: Presidente, Bosco J\u00fanior, Vice, Wellington da Bit, Evaldo do Ferrocaril\u00a0 e Jo\u00e3o Veras. Eles derrotaram os candidatos Valtinho da Farm\u00e1cia ( presidente), Maristela Dutra (vice), Professora Leni ( 1\u00aa Secret\u00e1ria), Luiz Carlos ( 2\u00ba Secret\u00e1rio ). \u00a0\u00a0\u00a0<\/p>\n","protected":false},"excerpt":{"rendered":"<p>Em elei\u00e7\u00e3o realizada no in\u00edcio da tarde desta ter\u00e7a-feira, dia 06 de dezembro de 2022, na C\u00e2mara Municipal de Arax\u00e1,<\/p>\n","protected":false},"author":2,"featured_media":3612,"comment_status":"open","ping_status":"open","sticky":false,"template":"","format":"standard","meta":{"footnotes":""},"categories":[9,11],"tags":[],"class_list":["post-3611","post","type-post","status-publish","format-standard","has-post-thumbnail","hentry","category-araxa","category-destaques"],"_links":{"self":[{"href":"http:\/\/blogdoarmindomaia.com.br\/index.php?rest_route=\/wp\/v2\/posts\/3611","targetHints":{"allow":["GET"]}}],"collection":[{"href":"http:\/\/blogdoarmindomaia.com.br\/index.php?rest_route=\/wp\/v2\/posts"}],"about":[{"href":"http:\/\/blogdoarmindomaia.com.br\/index.php?rest_route=\/wp\/v2\/types\/post"}],"author":[{"embeddable":true,"href":"http:\/\/blogdoarmindomaia.com.br\/index.php?rest_route=\/wp\/v2\/users\/2"}],"replies":[{"embeddable":true,"href":"http:\/\/blogdoarmindomaia.com.br\/index.php?rest_route=%2Fwp%2Fv2%2Fcomments&post=3611"}],"version-history":[{"count":1,"href":"http:\/\/blogdoarmindomaia.com.br\/index.php?rest_route=\/wp\/v2\/posts\/3611\/revisions"}],"predecessor-version":[{"id":3613,"href":"http:\/\/blogdoarmindomaia.com.br\/index.php?rest_route=\/wp\/v2\/posts\/3611\/revisions\/3613"}],"wp:featuredmedia":[{"embeddable":true,"href":"http:\/\/blogdoarmindomaia.com.br\/index.php?rest_route=\/wp\/v2\/media\/3612"}],"wp:attachment":[{"href":"http:\/\/blogdoarmindomaia.com.br\/index.php?rest_route=%2Fwp%2Fv2%2Fmedia&parent=3611"}],"wp:term":[{"taxonomy":"category","embeddable":true,"href":"http:\/\/blogdoarmindomaia.com.br\/index.php?rest_route=%2Fwp%2Fv2%2Fcategories&post=3611"},{"taxonomy":"post_tag","embeddable":true,"href":"http:\/\/blogdoarmindomaia.com.br\/index.php?rest_route=%2Fwp%2Fv2%2Ftags&post=3611"}],"curies":[{"name":"wp","href":"https:\/\/api.w.org\/{rel}","templated":true}]}}