{"id":3621,"date":"2022-12-07T11:56:16","date_gmt":"2022-12-07T14:56:16","guid":{"rendered":"http:\/\/blogdoarmindomaia.com.br\/?p=3621"},"modified":"2022-12-07T11:56:18","modified_gmt":"2022-12-07T14:56:18","slug":"programa-eu-vou-araxa-implanta-politica-publica-de-mobilidade-urbana","status":"publish","type":"post","link":"http:\/\/blogdoarmindomaia.com.br\/?p=3621","title":{"rendered":"<strong>Programa Eu Vou: Arax\u00e1 implanta Pol\u00edtica P\u00fablica de Mobilidade Urbana<\/strong>"},"content":{"rendered":"\n<figure class=\"wp-block-image size-full is-style-default\"><img loading=\"lazy\" decoding=\"async\" width=\"1024\" height=\"683\" src=\"http:\/\/blogdoarmindomaia.com.br\/wp-content\/uploads\/2022\/12\/Programa-Eu-Vou-Araxa-implanta-Politica-Publica-pag-07.jpg\" alt=\"\" class=\"wp-image-3622\" srcset=\"http:\/\/blogdoarmindomaia.com.br\/wp-content\/uploads\/2022\/12\/Programa-Eu-Vou-Araxa-implanta-Politica-Publica-pag-07.jpg 1024w, http:\/\/blogdoarmindomaia.com.br\/wp-content\/uploads\/2022\/12\/Programa-Eu-Vou-Araxa-implanta-Politica-Publica-pag-07-300x200.jpg 300w, http:\/\/blogdoarmindomaia.com.br\/wp-content\/uploads\/2022\/12\/Programa-Eu-Vou-Araxa-implanta-Politica-Publica-pag-07-768x512.jpg 768w\" sizes=\"auto, (max-width: 1024px) 100vw, 1024px\" \/><\/figure>\n\n\n\n<figure class=\"wp-block-image size-full is-style-default\"><img loading=\"lazy\" decoding=\"async\" width=\"1024\" height=\"683\" src=\"http:\/\/blogdoarmindomaia.com.br\/wp-content\/uploads\/2022\/12\/MG_9260.jpg\" alt=\"\" class=\"wp-image-3623\" srcset=\"http:\/\/blogdoarmindomaia.com.br\/wp-content\/uploads\/2022\/12\/MG_9260.jpg 1024w, http:\/\/blogdoarmindomaia.com.br\/wp-content\/uploads\/2022\/12\/MG_9260-300x200.jpg 300w, http:\/\/blogdoarmindomaia.com.br\/wp-content\/uploads\/2022\/12\/MG_9260-768x512.jpg 768w\" sizes=\"auto, (max-width: 1024px) 100vw, 1024px\" \/><\/figure>\n\n\n\n<p>Transporte p\u00fablico sustent\u00e1vel e de qualidade, garantia de inclus\u00e3o social, acesso das pessoas aos servi\u00e7os p\u00fablicos e incentivo ao desenvolvimento econ\u00f4mico. Pela primeira vez na hist\u00f3ria, a Prefeitura de Arax\u00e1 elaborou uma pol\u00edtica p\u00fablica permanente para o setor de mobilidade urbana. O programa intitulado como \u201cEu Vou&#8221; incentiva a utiliza\u00e7\u00e3o do transporte p\u00fablico coletivo urbano.<\/p>\n\n\n\n<p>A iniciativa democratiza o acesso da tarifa coletiva com a redu\u00e7\u00e3o da passagem de \u00f4nibus e torna gratuito o servi\u00e7o de transporte coletivo para estudantes matriculados no ensino regular presencial e para idosos acima de 60 anos completos (atualmente \u00e9 de 65 anos completos).<\/p>\n\n\n\n<p>A a\u00e7\u00e3o beneficiar\u00e1 diretamente 9 mil pessoas que utilizam regularmente o transporte p\u00fablico em Arax\u00e1, 22 mil alunos que est\u00e3o no ensino presencial regular e 4 mil empresas que concedem vale-transporte para seus colaboradores. Al\u00e9m disso, a expectativa inicial \u00e9 que o projeto tamb\u00e9m reduza imediatamente em 7% o n\u00famero de ve\u00edculos em circula\u00e7\u00e3o nas ruas, ou seja, 5 mil ve\u00edculos (carros e motos). Pessoas com defici\u00eancia (PCDs) e seus acompanhantes tamb\u00e9m ter\u00e3o garantidos em contrato a gratuidade nas tarifas, conforme j\u00e1 \u00e9 realizado atualmente.<\/p>\n\n\n\n<p>O objetivo \u00e9 oferecer \u00e0 popula\u00e7\u00e3o transporte coletivo sustent\u00e1vel, com redu\u00e7\u00e3o de agentes poluidores, maior desenvolvimento urbano e econ\u00f4mico da cidade, acesso facilitado aos servi\u00e7os, bens e oportunidades oferecidos pela iniciativa p\u00fablica e privada, al\u00e9m da distribui\u00e7\u00e3o espacial das atividades econ\u00f4micas, culturais, educacionais e de lazer.<\/p>\n\n\n\n<p>De acordo com o prefeito Robson Magela, este \u00e9 um momento hist\u00f3rico para a cidade de Arax\u00e1. \u201cNosso governo tem como premissa e responsabilidade cuidar das pessoas, e \u00e9 isso que estamos fazendo desde o in\u00edcio da gest\u00e3o. A mobilidade urbana \u00e9 um grande passo para garantir oportunidade a todos, diminuir as desigualdades e reduzir a polui\u00e7\u00e3o na cidade. Hoje com essa gratuidade de passagem a estudantes e amplia\u00e7\u00e3o desse benef\u00edcio aos idosos, por exemplo, eles poder\u00e3o se locomover dentro da cidade sem se preocupar com o \u00e2mbito financeiro, \u00e9 mais uma vit\u00f3ria para a popula\u00e7\u00e3o. A gente poder investir o dinheiro da popula\u00e7\u00e3o em prol da popula\u00e7\u00e3o \u00e9 muito gratificante\u201d, destaca.<\/p>\n\n\n\n<p>Para o estudante Luiz Fernando Ferreira Gon\u00e7alves, de 16 anos e que cursa o 1\u00ba ano do Ensino M\u00e9dio, a satisfa\u00e7\u00e3o com o projeto desenvolvido pela Administra\u00e7\u00e3o Municipal \u00e9 enorme. \u201cFico muito feliz com a Prefeitura de Arax\u00e1 olhar com tanto carinho para n\u00f3s, estudantes. Ser\u00e1 muito bom para n\u00f3s, ir\u00e1 facilitar nossas vidas em rela\u00e7\u00e3o a locomo\u00e7\u00e3o at\u00e9 a escola, especialmente em rela\u00e7\u00e3o ao tr\u00e2nsito e aos per\u00edodos chuvosos, quando muitos alunos faltam \u00e0 escola por esses motivos\u201d, refor\u00e7a.<\/p>\n\n\n\n<p>Mercedes Paiva Cavalcante, de 63 anos, acrescenta que essa gratuidade far\u00e1 a diferen\u00e7a para o dia a dia dela. \u201cEu fiquei muito feliz pela gratuidade do transporte coletivo porque eu sou idosa e utilizo muito desse servi\u00e7o para ir ao m\u00e9dico ou frequentar projetos sociais. Como n\u00e3o tenho renda e nem sou aposentada, isso vai fazer toda a diferen\u00e7a em minha vida financeira. \u00c9 uma coisa muito boa e \u00e9 muito importante\u201d, diz.<\/p>\n\n\n\n<p>Pontos de apoio<\/p>\n\n\n\n<p>Para facilitar o cadastro de pessoas a partir de 60 anos, estudantes e demais beneficiados com a gratuidade, ser\u00e3o implantados pontos de apoio do transporte p\u00fablico. S\u00e3o eles:<\/p>\n\n\n\n<p>&#8211; Empresa Vera Cruz;<\/p>\n\n\n\n<p>&#8211; Base Comunit\u00e1ria do bairro Urciano Lemos;<\/p>\n\n\n\n<p>&#8211; Nova Sede do Procon;<\/p>\n\n\n\n<p>&#8211; N\u00facleo de Conviv\u00eancia do bairro Boa Vista;<\/p>\n\n\n\n<p>&#8211; Pra\u00e7a da Fam\u00edlia;<\/p>\n\n\n\n<p>&#8211; Pra\u00e7a das Mangueiras.<\/p>\n\n\n\n<p>Obrigatoriedade Vera Cruz<\/p>\n\n\n\n<p>A empresa Vera Cruz, concession\u00e1ria do servi\u00e7o de transporte p\u00fablico coletivo urbano em Arax\u00e1, dever\u00e1 promover tamb\u00e9m os seguintes benef\u00edcios ao Munic\u00edpio.<\/p>\n\n\n\n<p>\u2022&nbsp;&nbsp;&nbsp;&nbsp;&nbsp; Renova\u00e7\u00e3o da Frota em at\u00e9 12 meses, sendo 8 ve\u00edculos por ano;<\/p>\n\n\n\n<p>\u2022&nbsp;&nbsp;&nbsp;&nbsp;&nbsp; Ceder busdoor ao Munic\u00edpio visando a divulga\u00e7\u00e3o de a\u00e7\u00f5es e projetos de interesse p\u00fablico;<\/p>\n\n\n\n<p>\u2022&nbsp;&nbsp;&nbsp;&nbsp;&nbsp; Promover a reforma de 20 pontos de \u00f4nibus;<\/p>\n\n\n\n<p>\u2022&nbsp;&nbsp;&nbsp;&nbsp;&nbsp; Retornar os atendimentos de acordo com as solicita\u00e7\u00f5es e avalia\u00e7\u00f5es da demanda;<\/p>\n\n\n\n<p>\u2022&nbsp;&nbsp;&nbsp;&nbsp;&nbsp; Fornecer internet sem fio, Wi-Fi gratuita com acesso ilimitado e irrestrito aos passageiros;<\/p>\n\n\n\n<p>\u2022&nbsp;&nbsp;&nbsp;&nbsp;&nbsp; Comprovar por meio de relat\u00f3rio mensal, apontando diariamente, os n\u00fameros de usu\u00e1rios do transporte p\u00fablico coletivo urbano, especialmente, os beneficiados com a gratuidade.<\/p>\n\n\n\n<p>Implanta\u00e7\u00e3o do Projeto<\/p>\n\n\n\n<p>A implanta\u00e7\u00e3o do projeto ser\u00e1 dividida em tr\u00eas etapas. Ser\u00e1 realizada a implanta\u00e7\u00e3o de pontos de apoio em locais estrat\u00e9gicos da cidade com in\u00edcio de funcionamento no dia 20 de dezembro de 2022.<\/p>\n\n\n\n<p>Primeira Fase<\/p>\n\n\n\n<p>\u00b7&nbsp;&nbsp;&nbsp;&nbsp;&nbsp;&nbsp;&nbsp;&nbsp;&nbsp;Redu\u00e7\u00e3o Imediata da Tarifa P\u00fablica de Transporte Coletivo Urbano (De R$ 4,00 para R$ 3,00);<\/p>\n\n\n\n<p>\u00b7&nbsp;&nbsp;&nbsp;&nbsp;&nbsp;&nbsp;&nbsp;&nbsp;&nbsp;Atendimento \u00e0s Comunidades do Itaipu e, em car\u00e1ter experimental, a comunidade da Boca da Mata;<\/p>\n\n\n\n<p>\u00b7&nbsp;&nbsp;&nbsp;&nbsp;&nbsp;&nbsp;&nbsp;&nbsp;&nbsp;Retorno dos Hor\u00e1rios Paralisados das Linhas Urbanas;<\/p>\n\n\n\n<p>\u00b7&nbsp;&nbsp;&nbsp;&nbsp;&nbsp;&nbsp;&nbsp;&nbsp;&nbsp;Gratuidade para Portador de Defici\u00eancia e Acompanhante.<\/p>\n\n\n\n<p>Segunda Fase<\/p>\n\n\n\n<p>\u00b7&nbsp;&nbsp;&nbsp;&nbsp;&nbsp;&nbsp;&nbsp;&nbsp;&nbsp;Implanta\u00e7\u00e3o da Nova Modalidade de Cart\u00e3o Beneficio 60+;<\/p>\n\n\n\n<p>\u00b7&nbsp;&nbsp;&nbsp;&nbsp;&nbsp;&nbsp;&nbsp;&nbsp;&nbsp;In\u00edcio da confec\u00e7\u00e3o do Cart\u00e3o 60+ nos pontos de apoio a partir do dia 20\/12\/2022;<\/p>\n\n\n\n<p>\u00b7&nbsp;&nbsp;&nbsp;&nbsp;&nbsp;&nbsp;&nbsp;&nbsp;&nbsp;Documenta\u00e7\u00e3o necess\u00e1ria \u2013 CPF e RG original.<\/p>\n\n\n\n<p>Terceira Fase<\/p>\n\n\n\n<p>\u00b7&nbsp;&nbsp;&nbsp;&nbsp;&nbsp;&nbsp;&nbsp;&nbsp;&nbsp;Gratuidade para Estudantes do Ensino Regular Presencial a partir de janeiro de 2023;<\/p>\n\n\n\n<p>\u00b7&nbsp;&nbsp;&nbsp;&nbsp;&nbsp;&nbsp;&nbsp;&nbsp;&nbsp;Para usufruir do benef\u00edcio o aluno deve procurar a secretaria da escola onde estuda e solicitar a ficha de cadastro carimbada pelo estabelecimen<\/p>\n","protected":false},"excerpt":{"rendered":"<p>Transporte p\u00fablico sustent\u00e1vel e de qualidade, garantia de inclus\u00e3o social, acesso das pessoas aos servi\u00e7os p\u00fablicos e incentivo ao desenvolvimento<\/p>\n","protected":false},"author":2,"featured_media":3622,"comment_status":"open","ping_status":"open","sticky":false,"template":"","format":"standard","meta":{"footnotes":""},"categories":[9,11],"tags":[],"class_list":["post-3621","post","type-post","status-publish","format-standard","has-post-thumbnail","hentry","category-araxa","category-destaques"],"_links":{"self":[{"href":"http:\/\/blogdoarmindomaia.com.br\/index.php?rest_route=\/wp\/v2\/posts\/3621","targetHints":{"allow":["GET"]}}],"collection":[{"href":"http:\/\/blogdoarmindomaia.com.br\/index.php?rest_route=\/wp\/v2\/posts"}],"about":[{"href":"http:\/\/blogdoarmindomaia.com.br\/index.php?rest_route=\/wp\/v2\/types\/post"}],"author":[{"embeddable":true,"href":"http:\/\/blogdoarmindomaia.com.br\/index.php?rest_route=\/wp\/v2\/users\/2"}],"replies":[{"embeddable":true,"href":"http:\/\/blogdoarmindomaia.com.br\/index.php?rest_route=%2Fwp%2Fv2%2Fcomments&post=3621"}],"version-history":[{"count":1,"href":"http:\/\/blogdoarmindomaia.com.br\/index.php?rest_route=\/wp\/v2\/posts\/3621\/revisions"}],"predecessor-version":[{"id":3624,"href":"http:\/\/blogdoarmindomaia.com.br\/index.php?rest_route=\/wp\/v2\/posts\/3621\/revisions\/3624"}],"wp:featuredmedia":[{"embeddable":true,"href":"http:\/\/blogdoarmindomaia.com.br\/index.php?rest_route=\/wp\/v2\/media\/3622"}],"wp:attachment":[{"href":"http:\/\/blogdoarmindomaia.com.br\/index.php?rest_route=%2Fwp%2Fv2%2Fmedia&parent=3621"}],"wp:term":[{"taxonomy":"category","embeddable":true,"href":"http:\/\/blogdoarmindomaia.com.br\/index.php?rest_route=%2Fwp%2Fv2%2Fcategories&post=3621"},{"taxonomy":"post_tag","embeddable":true,"href":"http:\/\/blogdoarmindomaia.com.br\/index.php?rest_route=%2Fwp%2Fv2%2Ftags&post=3621"}],"curies":[{"name":"wp","href":"https:\/\/api.w.org\/{rel}","templated":true}]}}