{"id":3625,"date":"2022-12-07T15:19:49","date_gmt":"2022-12-07T18:19:49","guid":{"rendered":"http:\/\/blogdoarmindomaia.com.br\/?p=3625"},"modified":"2022-12-07T15:19:51","modified_gmt":"2022-12-07T18:19:51","slug":"projeto-meninas-de-ouro-conquista-titulos-em-todas-as-suas-categorias","status":"publish","type":"post","link":"http:\/\/blogdoarmindomaia.com.br\/?p=3625","title":{"rendered":"Projeto Meninas de Ouro conquista t\u00edtulos em todas as suas categorias\u00a0"},"content":{"rendered":"\n<figure class=\"wp-block-image size-large is-style-default\"><img loading=\"lazy\" decoding=\"async\" width=\"1024\" height=\"461\" src=\"http:\/\/blogdoarmindomaia.com.br\/wp-content\/uploads\/2022\/12\/Projeto-Meninas-de-Ouro-conquista-titulos-em-todas-as-suas-categorias-esportes-1024x461.jpeg\" alt=\"\" class=\"wp-image-3626\" srcset=\"http:\/\/blogdoarmindomaia.com.br\/wp-content\/uploads\/2022\/12\/Projeto-Meninas-de-Ouro-conquista-titulos-em-todas-as-suas-categorias-esportes-1024x461.jpeg 1024w, http:\/\/blogdoarmindomaia.com.br\/wp-content\/uploads\/2022\/12\/Projeto-Meninas-de-Ouro-conquista-titulos-em-todas-as-suas-categorias-esportes-300x135.jpeg 300w, http:\/\/blogdoarmindomaia.com.br\/wp-content\/uploads\/2022\/12\/Projeto-Meninas-de-Ouro-conquista-titulos-em-todas-as-suas-categorias-esportes-768x346.jpeg 768w, http:\/\/blogdoarmindomaia.com.br\/wp-content\/uploads\/2022\/12\/Projeto-Meninas-de-Ouro-conquista-titulos-em-todas-as-suas-categorias-esportes-1536x691.jpeg 1536w, http:\/\/blogdoarmindomaia.com.br\/wp-content\/uploads\/2022\/12\/Projeto-Meninas-de-Ouro-conquista-titulos-em-todas-as-suas-categorias-esportes.jpeg 1600w\" sizes=\"auto, (max-width: 1024px) 100vw, 1024px\" \/><\/figure>\n\n\n\n<p>O Projeto Meninas de Ouro que trabalha na forma\u00e7\u00e3o de atletas de base do voleibol feminino tem alcan\u00e7ado um grande sucesso tanto no seu n\u00facleo em Arax\u00e1 como tamb\u00e9m em Sacramento. Este ano de 2022 foi de grandes conquistas. As atletas do Meninas de Ouro puderam soltar o grito de campe\u00e3s em todas nas categorias, ou seja, Sub 13, Sub 14 e Sub 15.&nbsp;<\/p>\n\n\n\n<p>As equipes do projeto Meninas de Ouro conquistaram o lugar mais alto do podium com a Categoria Sub 13 no Campeonato Associa\u00e7\u00e3o Pr\u00f3 Voleibol APV em S\u00e3o Paulo ficando \u00e0 frente das equipes de Limeira, Americo Brasiliense e Monte Alto.&nbsp;&nbsp;<\/p>\n\n\n\n<p>A equipe Sub 13 \u00e9 formada pelas atletas: Luisa de Oliveira, Luiza Duarte, Nicole Reis, Raica Resende, Sulamita Xavier, Leticia Rios, Emanuela Silva, Lara Vieira, Maria Laura, Nicoly Manzan, Bianca Sawan, Gabriela Sawan, Estela Melo, Gabriela Matos, Yasmin Drigo, Ana Luiza e Elisa Pinheiro. A comiss\u00e3o quipe t\u00e9cnica \u00e9 composta por Bethania Melo, Shirley Borges, Andrea Galleguillos, Cleide e Cassio Murilo. A vit\u00f3ria foi comemorada dentro da quadra Sacramentana um dos polos onde o projeto \u00e9 desenvolvido.&nbsp;&nbsp;<\/p>\n\n\n\n<p>J\u00e1 a equipe Sub 14 conquistou de forma invicta o trof\u00e9u de primeira colocada na segunda edi\u00e7\u00e3o da Ta\u00e7a Minas Gerais realizada no come\u00e7o do m\u00eas de novembro no gin\u00e1sio Maria de Magalh\u00e3es em Arax\u00e1, outro polo do Projeto Meninas de Ouros. As meninas venceram grandes clubes como a AABB Ribeir\u00e3o Preto Novo Volei, Uirapuru Futel Uberaba e UTC Tenis clube de Uberl\u00e2ndia.&nbsp;&nbsp;<\/p>\n\n\n\n<p>A t\u00e9cnica Andrea Galleguillos afirma que foi uma alegria as atletas Julia Ribeiro, Manuela Galleguillos, Ana sarah, taissa, Malu Borges, Isabela, Marya Clara, Cler, Mayra, Ana Vit\u00f3ria, Mariana, Lara, Maria Laura e Raica terem a oportunidade de jogar dentro de casa. A t\u00e9cnica ressalta que trazendo a Ta\u00e7a Minas Gerais para Arax\u00e1, a cidade teve a oportunidade de conhecer mais de perto o grande trabalho de voleibol de base que \u00e9 realizado em Arax\u00e1 e Sacramento, que todos os anos revela atletas para outros grandes clubes brasileiros como Sesi Bauru, Sada Argos, Regatas de Campinas, Nelp Paran\u00e1, Araraquara e outras equipes.&nbsp;&nbsp;<\/p>\n\n\n\n<p>A equipe Sub 14 ainda n\u00e3o encerrou a temporada 2022 e tem dois novos desafios pela frente. Primeiro a participa\u00e7\u00e3o no Campeonato Estadual em Ipatinga de 30\/11 a 04\/12 e tamb\u00e9m a grande final do Campeonato Mineiro dia 11\/12 em Uberl\u00e2ndia contra a equipe do Praia Clube.&nbsp;<\/p>\n\n\n\n<p>A equipe Sub 15, que tem entre os seus destaques a capit\u00e3 Manu Vit\u00f3ria e a atleta mais experiente Malu Teixeira, teve que viajar at\u00e9 Limeira\/SP, para conquistar o primeiro lugar no Campeonato da APV SP e levantar a Ta\u00e7a de campe\u00e3 com a arquibancada lotada da torcida advers\u00e1ria. Foi uma sequ\u00eancia de tr\u00eas jogos contra Ribeir\u00e3o Preto, Rio Claro e a grande final com Limeira.&nbsp;<\/p>\n\n\n\n<p>A t\u00e9cnica da equipe Beth\u00e2nia Melo afirma que desde o come\u00e7o sabia que iria ser dif\u00edcil, pois a equipe de Limeira contava com jogadoras muito habilidosas e determinadas, o time todo sacava muito bem e ainda tinha a torcida que lotou o gin\u00e1sio. \u201cEra um grande desafio para nossas meninas. No come\u00e7o sentimos bastante, pois as jogadoras de Limeira sacavam muito bem e abriram o placar imprimindo um ritmo muito forte. A equipe do Meninas de Ouro, resiliente, n\u00e3o desistiu e foi ponto a ponto buscando o placar. A cada ponto uma emo\u00e7\u00e3o, a for\u00e7a do grupo e o trabalho em equipe prevaleceram, no final muito disputado veio a vit\u00f3ria\u201d, relembra Beth\u00e2nia.&nbsp;<\/p>\n\n\n\n<p>Segundo ela, uma grande emo\u00e7\u00e3o tomou conta da equipe e de alguns pais que viajaram para torcer e incentivar suas filhas. \u201cAs meninas foram sensacionais e conseguiram mostrar tudo que aprenderam durante o ano. A premia\u00e7\u00e3o tamb\u00e9m foi muito emocionante pois com certeza ser\u00e1 um momento que elas levaram com carinho a vida toda. Momentos de supera\u00e7\u00e3o e uni\u00e3o\u201d, concluiu a treinadora.&nbsp;&nbsp;<\/p>\n\n\n\n<p>Atletas Sub 15 campe\u00e3s:&nbsp;&nbsp;<\/p>\n\n\n\n<p>Levantadoras \u2013 Malu Teixeira, Ana Sarah e Manu Galleguillos&nbsp;&nbsp;<\/p>\n\n\n\n<p>Pontas \u2013 Manu Vit\u00f3ria, J\u00falia, Malu Borges e Yasmim&nbsp;&nbsp;<\/p>\n\n\n\n<p>L\u00edberos \u2013 Amanda e Taissa&nbsp;&nbsp;<\/p>\n\n\n\n<p>Centrais \u2013 Isabela, Lara, Cler&nbsp;&nbsp;<\/p>\n\n\n\n<p>Opostas \u2013 Marya Clara e Mayra&nbsp;&nbsp;<\/p>\n\n\n\n<p>As atletas destaques da competi\u00e7\u00e3o foram&nbsp;&nbsp;<\/p>\n\n\n\n<p>Manu Vit\u00f3ria brilhou com suas defesas e com seus ataques maravilhosos e Malu Teixeira que brilhou no levantamento, mostrando toda sua habilidade com a bola.&nbsp;<\/p>\n","protected":false},"excerpt":{"rendered":"<p>O Projeto Meninas de Ouro que trabalha na forma\u00e7\u00e3o de atletas de base do voleibol feminino tem alcan\u00e7ado um grande<\/p>\n","protected":false},"author":2,"featured_media":3626,"comment_status":"open","ping_status":"open","sticky":false,"template":"","format":"standard","meta":{"footnotes":""},"categories":[9,15],"tags":[],"class_list":["post-3625","post","type-post","status-publish","format-standard","has-post-thumbnail","hentry","category-araxa","category-esportes"],"_links":{"self":[{"href":"http:\/\/blogdoarmindomaia.com.br\/index.php?rest_route=\/wp\/v2\/posts\/3625","targetHints":{"allow":["GET"]}}],"collection":[{"href":"http:\/\/blogdoarmindomaia.com.br\/index.php?rest_route=\/wp\/v2\/posts"}],"about":[{"href":"http:\/\/blogdoarmindomaia.com.br\/index.php?rest_route=\/wp\/v2\/types\/post"}],"author":[{"embeddable":true,"href":"http:\/\/blogdoarmindomaia.com.br\/index.php?rest_route=\/wp\/v2\/users\/2"}],"replies":[{"embeddable":true,"href":"http:\/\/blogdoarmindomaia.com.br\/index.php?rest_route=%2Fwp%2Fv2%2Fcomments&post=3625"}],"version-history":[{"count":1,"href":"http:\/\/blogdoarmindomaia.com.br\/index.php?rest_route=\/wp\/v2\/posts\/3625\/revisions"}],"predecessor-version":[{"id":3627,"href":"http:\/\/blogdoarmindomaia.com.br\/index.php?rest_route=\/wp\/v2\/posts\/3625\/revisions\/3627"}],"wp:featuredmedia":[{"embeddable":true,"href":"http:\/\/blogdoarmindomaia.com.br\/index.php?rest_route=\/wp\/v2\/media\/3626"}],"wp:attachment":[{"href":"http:\/\/blogdoarmindomaia.com.br\/index.php?rest_route=%2Fwp%2Fv2%2Fmedia&parent=3625"}],"wp:term":[{"taxonomy":"category","embeddable":true,"href":"http:\/\/blogdoarmindomaia.com.br\/index.php?rest_route=%2Fwp%2Fv2%2Fcategories&post=3625"},{"taxonomy":"post_tag","embeddable":true,"href":"http:\/\/blogdoarmindomaia.com.br\/index.php?rest_route=%2Fwp%2Fv2%2Ftags&post=3625"}],"curies":[{"name":"wp","href":"https:\/\/api.w.org\/{rel}","templated":true}]}}